{"id":9260,"date":"2025-12-05T10:43:57","date_gmt":"2025-12-05T07:43:57","guid":{"rendered":"https:\/\/berru.org\/?p=9260"},"modified":"2025-12-05T10:43:57","modified_gmt":"2025-12-05T07:43:57","slug":"intihara-suruklenen-genc-kadinin-dosyasinda-suphelilere-tahliye","status":"publish","type":"post","link":"https:\/\/berru.org\/index.php\/2025\/12\/05\/intihara-suruklenen-genc-kadinin-dosyasinda-suphelilere-tahliye\/","title":{"rendered":"\u0130ntihara S\u00fcr\u00fcklenen Gen\u00e7 Kad\u0131n\u0131n Dosyas\u0131nda \u015e\u00fcphelilere Tahliye"},"content":{"rendered":"<p>HABER MERKEZ\u0130-S\u00eart\u2019te intihara s\u00fcr\u00fcklenen Berivan Sevgin\u2019in \u00f6l\u00fcm\u00fcne ili\u015fkin a\u00e7\u0131lan soru\u015fturma kapsam\u0131nda tutuklanan 3 ki\u015fi, 22 g\u00fcn sonra serbest b\u0131rak\u0131ld\u0131. Sevgin&#8217;in ailesi, olay\u0131n ayd\u0131nlat\u0131lmas\u0131 i\u00e7in kamuoyundan destek istedi.<\/p>\n<p>S\u00eart\u2019te 3 Ekim\u2019de intihara s\u00fcr\u00fcklenen 22 ya\u015f\u0131ndaki Berivan Sevgin (22), 12 g\u00fcn boyunca tedavi g\u00f6rd\u00fc\u011f\u00fc E\u011fitim ve Ara\u015ft\u0131rma Hastanesi\u2019nde 15 Ekim&#8217;de ya\u015fam\u0131n\u0131 yitirdi. Olayla ilgili ba\u015flat\u0131lan soru\u015fturma kapsam\u0131nda &#8220;Ki\u015fiyi intihara y\u00f6nlendirme ve te\u015fvik etme\u201d su\u00e7lamas\u0131yla 1 Kas\u0131m\u2019da 3 ki\u015finin tutukland\u0131\u011f\u0131 ve bu ki\u015filerin 23 Kas\u0131m\u2019da serbest b\u0131rak\u0131ld\u0131\u011f\u0131 \u00f6\u011frenildi.<\/p>\n<p>Mezopotamya Ajans\u0131\u2019ndan Ozan Bay\u0131nd\u0131r\u2019a konu\u015fan Berivan Sevgin\u2019in ablas\u0131 \u00d6zlem \u00c7ak\u0131r, \u201cOlaydan 5 g\u00fcn \u00f6nce k\u0131z karde\u015fim evime geldi. Hi\u00e7bir problemi g\u00f6r\u00fcnm\u00fcyordu. Bir m\u00fcddet sonra balkona \u00e7\u0131kt\u0131 ve yakla\u015f\u0131k bir saat orada kald\u0131. Yapt\u0131\u011f\u0131 telefon konu\u015fmas\u0131na \u015fahit oldum. Telefonda konu\u015ftu\u011fu ki\u015fiye \u2018Beni doland\u0131rd\u0131n, beni kand\u0131rd\u0131n, hayat\u0131m\u0131 mahvettin\u2019 diye c\u00fcmleler kurdu. Berivan\u2019a \u2018Kim bu, sevgilin mi?\u2019 diye sordum ama sevgilisi olmad\u0131\u011f\u0131n\u0131 s\u00f6yledi\u201d dedi. \u0130\u00e7eri girdikten sonra karde\u015finin A.R.K. isimli ki\u015fiyle mesajla\u015ft\u0131\u011f\u0131n\u0131 da g\u00f6rd\u00fc\u011f\u00fcn\u00fc s\u00f6yleyen \u00d6zlem Kaya, olay\u0131n ayd\u0131nlat\u0131lmas\u0131n\u0131 istedi.<\/p>\n<p>Karde\u015finin ya\u015fam\u0131n\u0131 yitirmesinden k\u0131sa bir s\u00fcre sonra kredi bor\u00e7lar\u0131n\u0131n ortaya \u00e7\u0131kt\u0131\u011f\u0131n\u0131 belirten \u00d6zlem \u00c7ak\u0131r, &#8220;Arkada\u015flar\u0131 kime kredi \u00e7ekti\u011fini anlatt\u0131. K\u0131z arkada\u015f\u0131na &#8216;A. ismindeki ki\u015fiye bor\u00e7 verdim&#8217; diye imzal\u0131 ka\u011f\u0131t vermi\u015f. Taziye s\u00fcrecinde B. ad\u0131ndaki k\u0131z arkada\u015f\u0131 bu ka\u011f\u0131tlar\u0131 bize getirdi. Karde\u015fim arkada\u015f\u0131na \u2018\u00f6l\u00fcrsem aileme bunlar\u0131 ver\u2019 demi\u015f\u201d ifadelerini kulland\u0131.<\/p>\n<h3>Soru\u015fturmada 3 ki\u015fi tutukland\u0131<\/h3>\n<p>A.R.K, O.T. ve A.A isimli \u015fah\u0131slar taraf\u0131ndan karde\u015finin bor\u00e7 bata\u011f\u0131na s\u00fcr\u00fcklendi\u011fini dile getiren \u00d6zlem \u00c7ak\u0131r, \u201cAvukatlar arac\u0131l\u0131\u011f\u0131yla yapt\u0131\u011f\u0131m\u0131z ba\u015fvuru sonucunda bu 3 \u015fah\u0131s tutuklan\u0131p Be\u015firi Cezaevi\u2019ne g\u00f6nderildi. 22 g\u00fcn sonra avukatlar\u0131n\u0131n yapt\u0131\u011f\u0131 ba\u015fvuru sonucunda cezaevinden \u00e7\u0131kt\u0131lar. Oysa bu \u015fah\u0131slar\u0131n karde\u015fimi intihara s\u00fcr\u00fckledi\u011fine dair kan\u0131tlar vard\u0131. K\u0131z karde\u015fim intihara meyilli de\u011fildi. Olaydan sonra ad\u0131 ge\u00e7en bu \u00fc\u00e7 ismin karde\u015fimi bor\u00e7 bata\u011f\u0131na s\u00fcr\u00fcklediklerini g\u00f6rd\u00fck. Bundan dolay\u0131 da karde\u015fim intihar etti. Bu \u00fc\u00e7 ki\u015finin tekrar tutuklan\u0131p olay\u0131n ayd\u0131nlat\u0131lmas\u0131n\u0131 talep ediyoruz\u201d diye belirtti.<\/p>\n<h3>511 bin lira kredi \u00e7ekildi<\/h3>\n<p>Olaydan sonra Berivan\u2019\u0131n neden intihar etmi\u015f olabilece\u011fine ili\u015fkin hem arkada\u015flar\u0131ndan hem de kulland\u0131\u011f\u0131 hesaplardan ara\u015ft\u0131rma yapt\u0131klar\u0131n\u0131 s\u00f6yleyen abisi Bedirhan Sevgin, bunun sonucunda farkl\u0131 bankalardan b\u00fcy\u00fck miktarlarda kredi \u00e7ekildi\u011fini g\u00f6rd\u00fcklerini aktard\u0131. \u00c7ekilen bu kredileri kesinlikle karde\u015finin harcamad\u0131\u011f\u0131n\u0131 bildiklerini s\u00f6zlerine ekleyen Sevgin, \u201cBu paralarla ne eve ne kendisine hi\u00e7bir \u015fey almad\u0131. Bunlar\u0131 ara\u015ft\u0131rarak A.A, O.T ve A.R.K isimli \u015fah\u0131slar\u0131n kart i\u015fi yaparak insanlar\u0131 doland\u0131rd\u0131\u011f\u0131n\u0131 \u00f6\u011frendik. Bu olayda b\u00fct\u00fcn deliller yani banka kay\u0131tlar\u0131n\u0131, video kay\u0131tlar\u0131n\u0131 ve yaz\u0131\u015fmalar dahi hepsini bir araya getirip Siirt Cumhuriyet Ba\u015fsavc\u0131l\u0131\u011f\u0131\u2019na ba\u015fvuruda bulunduk. Soru\u015fturma sonras\u0131nda bu \u00fc\u00e7 \u015fah\u0131s tutuklan\u0131p Be\u015firi Cezaevine g\u00f6nderildi\u201d dedi.<\/p>\n<h3>\u015eah\u0131slar\u0131n aileleri tehdit etti<\/h3>\n<p>San\u0131k avukatlar\u0131n\u0131n 23 Ekim\u2019de tahliye edilmeleri i\u00e7in Siirt Cumhuriyet Savc\u0131l\u0131\u011f\u0131&#8217;na dilek\u00e7e verdi\u011fini aktaran Sevgin, \u015f\u00f6yle devam etti: \u201cSavc\u0131l\u0131k bu dilek\u00e7eyi reddetmesine ra\u011fmen iki g\u00fcn sonra avukat\u0131m\u0131za haber verilmeden \u015f\u00fcpheliler 23 Kas\u0131m\u2019da tahliye edildi. Bu tahliyeden dolay\u0131 huzursuzluk ya\u015f\u0131yoruz. \u00c7\u00fcnk\u00fc bu s\u00fcre zarf\u0131nda bu ki\u015filerin ailesi taraf\u0131ndan tehditler ald\u0131k. \u2018Elimiz kolumuz uzun, \u00e7ocuklar\u0131m\u0131z her t\u00fcrl\u00fc d\u0131\u015far\u0131 \u00e7\u0131kacak. Vazge\u00e7in bu olaydan\u2019 diyorlard\u0131. Bu s\u00fcrede \u00e7ocuklar\u0131 yakaland\u0131\u011f\u0131 g\u00fcn A.R.K. isimli ki\u015finin babas\u0131, kendi sosyal medya hesab\u0131nda k\u0131z karde\u015fimin aleyhine olduk olmad\u0131k iftira haberi yay\u0131nlad\u0131. Bu yaz\u0131n\u0131n ekran kayd\u0131n\u0131 al\u0131p savc\u0131l\u0131\u011fa ba\u015fvurdum. Ama bu sahs\u0131n hesap bilgilerine ula\u015famad\u0131klar\u0131 bildirildi. Buradan anlad\u0131\u011f\u0131m\u0131z \u015fey bizim dosyam\u0131z\u0131n kapat\u0131lmak istenmesidir. Mahkemenin bu s\u00fcre zarf\u0131nda bunlar\u0131 serbest b\u0131rakmas\u0131 da delillerin toplanmamas\u0131 i\u00e7indir. Dosyam\u0131z\u0131n ar\u015five kald\u0131r\u0131lmas\u0131ndan \u015f\u00fcphe ediyoruz.\u201d<\/p>\n<h3>Duyarl\u0131l\u0131k \u00e7a\u011fr\u0131s\u0131<\/h3>\n<p>Olay\u0131n ayd\u0131nlat\u0131lmas\u0131 i\u00e7in kamuoyundan destek isteyen Sevgin, \u201cKimse, \u2018Ba\u015f\u0131m\u0131za gelmez\u2019 demesin. Bu ki\u015filerin tahliye edilmesi bu t\u00fcr olaylar\u0131n tekrar ya\u015fanmas\u0131na kap\u0131 aral\u0131yor. Bu ki\u015filerin tekrardan tutuklanmas\u0131n\u0131 istiyoruz. Bununla birlikte dosyada delillerin tekrar toplanmas\u0131n\u0131 istiyoruz\u201d dedi.<br \/>\n<strong>\u00a0 \u00a0 \u00a0 \u00a0 \u00a0 \u00a0 (MA)<\/strong><\/p>\n","protected":false},"excerpt":{"rendered":"<p>HABER MERKEZ\u0130-S\u00eart\u2019te intihara s\u00fcr\u00fcklenen Berivan Sevgin\u2019in \u00f6l\u00fcm\u00fcne ili\u015fkin a\u00e7\u0131lan soru\u015fturma kapsam\u0131nda tutuklanan 3 ki\u015fi, 22 g\u00fcn sonra serbest b\u0131rak\u0131ld\u0131. Sevgin&#8217;in ailesi, olay\u0131n ayd\u0131nlat\u0131lmas\u0131 i\u00e7in kamuoyundan destek istedi. S\u00eart\u2019te 3 Ekim\u2019de intihara s\u00fcr\u00fcklenen 22 ya\u015f\u0131ndaki Berivan Sevgin (22), 12 g\u00fcn boyunca tedavi g\u00f6rd\u00fc\u011f\u00fc E\u011fitim ve Ara\u015ft\u0131rma Hastanesi\u2019nde 15 Ekim&#8217;de ya\u015fam\u0131n\u0131 yitirdi. Olayla ilgili ba\u015flat\u0131lan soru\u015fturma kapsam\u0131nda [&hellip;]<\/p>\n","protected":false},"author":2,"featured_media":9262,"comment_status":"open","ping_status":"open","sticky":false,"template":"","format":"standard","meta":{"_jetpack_memberships_contains_paid_content":false,"jnews-multi-image_gallery":[],"jnews_single_post":{"subtitle":""},"jnews_primary_category":[],"jnews_social_meta":[],"jnews_review":[],"enable_review":"","type":"","name":"","summary":"","brand":"","sku":"","good":[],"bad":[],"score_override":"","override_value":"","rating":[],"price":[],"jnews_override_counter":[],"jnews_post_split":[],"footnotes":""},"categories":[51],"tags":[],"class_list":["post-9260","post","type-post","status-publish","format-standard","has-post-thumbnail","hentry","category-guncel"],"jetpack_sharing_enabled":true,"jetpack_featured_media_url":"https:\/\/berru.org\/wp-content\/uploads\/2025\/12\/322224-1.jpg","_links":{"self":[{"href":"https:\/\/berru.org\/index.php\/wp-json\/wp\/v2\/posts\/9260","targetHints":{"allow":["GET"]}}],"collection":[{"href":"https:\/\/berru.org\/index.php\/wp-json\/wp\/v2\/posts"}],"about":[{"href":"https:\/\/berru.org\/index.php\/wp-json\/wp\/v2\/types\/post"}],"author":[{"embeddable":true,"href":"https:\/\/berru.org\/index.php\/wp-json\/wp\/v2\/users\/2"}],"replies":[{"embeddable":true,"href":"https:\/\/berru.org\/index.php\/wp-json\/wp\/v2\/comments?post=9260"}],"version-history":[{"count":1,"href":"https:\/\/berru.org\/index.php\/wp-json\/wp\/v2\/posts\/9260\/revisions"}],"predecessor-version":[{"id":9263,"href":"https:\/\/berru.org\/index.php\/wp-json\/wp\/v2\/posts\/9260\/revisions\/9263"}],"wp:featuredmedia":[{"embeddable":true,"href":"https:\/\/berru.org\/index.php\/wp-json\/wp\/v2\/media\/9262"}],"wp:attachment":[{"href":"https:\/\/berru.org\/index.php\/wp-json\/wp\/v2\/media?parent=9260"}],"wp:term":[{"taxonomy":"category","embeddable":true,"href":"https:\/\/berru.org\/index.php\/wp-json\/wp\/v2\/categories?post=9260"},{"taxonomy":"post_tag","embeddable":true,"href":"https:\/\/berru.org\/index.php\/wp-json\/wp\/v2\/tags?post=9260"}],"curies":[{"name":"wp","href":"https:\/\/api.w.org\/{rel}","templated":true}]}}