{"id":9253,"date":"2025-12-04T15:33:50","date_gmt":"2025-12-04T12:33:50","guid":{"rendered":"https:\/\/berru.org\/?p=9253"},"modified":"2025-12-04T15:58:54","modified_gmt":"2025-12-04T12:58:54","slug":"tutuklanan-ogrencilere-destek-eylemi","status":"publish","type":"post","link":"https:\/\/berru.org\/index.php\/2025\/12\/04\/tutuklanan-ogrencilere-destek-eylemi\/","title":{"rendered":"Tutuklanan \u00d6\u011frencilere Destek Eylemi"},"content":{"rendered":"<p><strong>HABER MERKEZ\u0130 &#8211; <\/strong>\u0130stanbul \u00dcniversitesi \u00f6\u011frencileri, Milli E\u011fitim Bakanl\u0131\u011f\u0131&#8217;n\u0131n Mesleki E\u011fitim Zirvesi&#8217;ni protesto ettikleri gerek\u00e7esiyle tutuklanan 16 \u00f6\u011frencinin talebinin kendi talepleri oldu\u011funu belirterek, \u00f6\u011frencilerin serbest b\u0131rak\u0131lmas\u0131n\u0131 istedi.<\/p>\n<p>\u0130stanbul \u00dcniversitesi \u00f6\u011frencileri, Milli E\u011fitim Bakanl\u0131\u011f\u0131&#8217;n\u0131n Mesleki E\u011fitim Merkezleri&#8217;nin (MESEM) konu\u015fuldu\u011fu Mesleki E\u011fitim Zirvesi&#8217;ni protesto etmeleri nedeniyle tutuklanan T\u00fcrkiye \u0130\u015f\u00e7i Partisi (T\u0130P) \u00fcyesi 16 \u00f6\u011frenci i\u00e7in a\u00e7\u0131klama yapt\u0131. \u0130stanbul \u00dcniversitesi Beyaz\u0131t Kamp\u00fcs\u00fc&#8217;nde yap\u0131lan a\u00e7\u0131klamada, &#8220;\u00c7ocuklar\u0131n katili sermaye d\u00fczeni&#8221;, &#8220;G\u00f6zalt\u0131lar tutuklamalar bizleri y\u0131ld\u0131ramaz&#8221; sloganlar\u0131 at\u0131ld\u0131.<\/p>\n<p>A\u00e7\u0131klamay\u0131 yapan \u00f6\u011frenci Meri\u00e7 Yal\u00e7\u0131nkaya, &#8220;Patronlar\u0131n huzuru bozulmas\u0131n diye susturulan gen\u00e7ler. Bu d\u00fczeni tan\u0131yoruz, biz sizin T\u00fcrkiye y\u00fczy\u0131l\u0131n\u0131z\u0131 at\u00f6lyelerde can veren, pres makinalar\u0131na s\u0131k\u0131\u015fan 14 ya\u015f\u0131ndaki \u00e7ocuklardan biliyoruz. Ger\u00e7ekleri kelep\u00e7eleyemezsiniz, 16 arkada\u015f\u0131m\u0131z\u0131 tutuklayarak bu sesi kesemezsiniz. Onlar\u0131n hayk\u0131rd\u0131\u011f\u0131 talepler bizlerin ortak talebidir. Korku duvarlar\u0131n\u0131 y\u0131kmaya ve bu ablukay\u0131 k\u0131rmaya \u00e7a\u011f\u0131r\u0131yoruz&#8221; ifadelerini kulland\u0131.<\/p>\n<div><\/div>\n","protected":false},"excerpt":{"rendered":"<p>HABER MERKEZ\u0130 &#8211; \u0130stanbul \u00dcniversitesi \u00f6\u011frencileri, Milli E\u011fitim Bakanl\u0131\u011f\u0131&#8217;n\u0131n Mesleki E\u011fitim Zirvesi&#8217;ni protesto ettikleri gerek\u00e7esiyle tutuklanan 16 \u00f6\u011frencinin talebinin kendi talepleri oldu\u011funu belirterek, \u00f6\u011frencilerin serbest b\u0131rak\u0131lmas\u0131n\u0131 istedi. \u0130stanbul \u00dcniversitesi \u00f6\u011frencileri, Milli E\u011fitim Bakanl\u0131\u011f\u0131&#8217;n\u0131n Mesleki E\u011fitim Merkezleri&#8217;nin (MESEM) konu\u015fuldu\u011fu Mesleki E\u011fitim Zirvesi&#8217;ni protesto etmeleri nedeniyle tutuklanan T\u00fcrkiye \u0130\u015f\u00e7i Partisi (T\u0130P) \u00fcyesi 16 \u00f6\u011frenci i\u00e7in a\u00e7\u0131klama yapt\u0131. [&hellip;]<\/p>\n","protected":false},"author":2,"featured_media":9257,"comment_status":"open","ping_status":"open","sticky":false,"template":"","format":"standard","meta":{"_jetpack_memberships_contains_paid_content":false,"jnews-multi-image_gallery":[],"jnews_single_post":{"subtitle":"","format":"standard","override":[{"template":"1","parallax":"1","fullscreen":"1","layout":"right-sidebar","sidebar":"default-sidebar","second_sidebar":"default-sidebar","sticky_sidebar":"1","share_position":"top","share_float_style":"share-monocrhome","show_featured":"1","show_post_meta":"1","show_post_author_image":"1","show_post_date":"1","post_date_format":"default","post_date_format_custom":"Y\/m\/d","show_post_category":"1","post_reading_time_wpm":"300","post_calculate_word_method":"str_word_count","zoom_button_out_step":"2","zoom_button_in_step":"3","show_post_tag":"1","show_prev_next_post":"1","show_popup_post":"1","number_popup_post":"1","show_author_box":"1","show_post_related":"0","show_inline_post_related":"0"}],"image_override":[{"single_post_thumbnail_size":"crop-500","single_post_gallery_size":"crop-500"}],"trending_post_position":"meta","trending_post_label":"Trending","sponsored_post_label":"Sponsored by","disable_ad":"0"},"jnews_primary_category":[],"jnews_social_meta":[],"jnews_review":[],"enable_review":"","type":"percentage","name":"","summary":"","brand":"","sku":"","good":[],"bad":[],"score_override":"","override_value":"","rating":[],"price":[],"jnews_override_counter":{"view_counter_number":"0","share_counter_number":"0","like_counter_number":"0","dislike_counter_number":"0"},"jnews_post_split":{"post_split":[{"template":"1","tag":"h2","numbering":"asc","mode":"normal","first":"0","enable_toc":"0","toc_type":"normal"}]},"footnotes":""},"categories":[48,51],"tags":[],"class_list":["post-9253","post","type-post","status-publish","format-standard","has-post-thumbnail","hentry","category-genclik","category-guncel"],"jetpack_sharing_enabled":true,"jetpack_featured_media_url":"https:\/\/berru.org\/wp-content\/uploads\/2025\/12\/ist-04-12-2025-istanbul-universitesi-ogrencileri-mesem-eylemi2-1140x570-1.webp","_links":{"self":[{"href":"https:\/\/berru.org\/index.php\/wp-json\/wp\/v2\/posts\/9253","targetHints":{"allow":["GET"]}}],"collection":[{"href":"https:\/\/berru.org\/index.php\/wp-json\/wp\/v2\/posts"}],"about":[{"href":"https:\/\/berru.org\/index.php\/wp-json\/wp\/v2\/types\/post"}],"author":[{"embeddable":true,"href":"https:\/\/berru.org\/index.php\/wp-json\/wp\/v2\/users\/2"}],"replies":[{"embeddable":true,"href":"https:\/\/berru.org\/index.php\/wp-json\/wp\/v2\/comments?post=9253"}],"version-history":[{"count":2,"href":"https:\/\/berru.org\/index.php\/wp-json\/wp\/v2\/posts\/9253\/revisions"}],"predecessor-version":[{"id":9256,"href":"https:\/\/berru.org\/index.php\/wp-json\/wp\/v2\/posts\/9253\/revisions\/9256"}],"wp:featuredmedia":[{"embeddable":true,"href":"https:\/\/berru.org\/index.php\/wp-json\/wp\/v2\/media\/9257"}],"wp:attachment":[{"href":"https:\/\/berru.org\/index.php\/wp-json\/wp\/v2\/media?parent=9253"}],"wp:term":[{"taxonomy":"category","embeddable":true,"href":"https:\/\/berru.org\/index.php\/wp-json\/wp\/v2\/categories?post=9253"},{"taxonomy":"post_tag","embeddable":true,"href":"https:\/\/berru.org\/index.php\/wp-json\/wp\/v2\/tags?post=9253"}],"curies":[{"name":"wp","href":"https:\/\/api.w.org\/{rel}","templated":true}]}}