{"id":9247,"date":"2025-12-04T12:03:53","date_gmt":"2025-12-04T09:03:53","guid":{"rendered":"https:\/\/berru.org\/?p=9247"},"modified":"2025-12-04T12:17:24","modified_gmt":"2025-12-04T09:17:24","slug":"wan-ve-amedde-supheli-genc-kadin-olumleri","status":"publish","type":"post","link":"https:\/\/berru.org\/index.php\/2025\/12\/04\/wan-ve-amedde-supheli-genc-kadin-olumleri\/","title":{"rendered":"Wan ve Amed&#8217;de \u015e\u00fcpheli Gen\u00e7 Kad\u0131n \u00d6l\u00fcmleri"},"content":{"rendered":"<p>HABER MERKEZ\u0130- Wan\u2019\u0131n Erd\u00ee\u015f il\u00e7esinde T\u00fcrkan T\u00fcrko\u011flu isimli gen\u00e7 kad\u0131n\u0131n evinde \u015f\u00fcpheli \u015fekilde hayat\u0131n\u0131 kaybetmi\u015f halde bulundu\u011fu belirtilirken, Amed\u2019de ise \u00d6zge Salman isimli gen\u00e7 kad\u0131n\u0131n yine evinde \u015f\u00fcpheli bi\u00e7imde ya\u015fam\u0131n\u0131 yitirdi\u011fi belirtildi.<\/p>\n<p>T\u00fcrkiye ve K\u00fcrdistan\u2019da kad\u0131nlar\u0131n ev i\u00e7inde dahi g\u00fcvende olmad\u0131\u011f\u0131n\u0131 g\u00f6steren \u015f\u00fcpheli kad\u0131n \u00f6l\u00fcmleri artmaya devam ediyor. Wan\u2019\u0131n Erd\u00ee\u015f il\u00e7esinde 19 ya\u015f\u0131ndaki T\u00fcrkan T\u00fcrko\u011flu ile Amed\u2019de 26 ya\u015f\u0131ndaki \u00d6zge Salman\u2019\u0131n evlerinde \u015f\u00fcpheli \u015fekilde ya\u015fam\u0131n\u0131 yitirmi\u015f halde bulunmas\u0131, kad\u0131nlar\u0131n ya\u015fam hakk\u0131na y\u00f6nelik tehditleri bir kez daha g\u00f6r\u00fcn\u00fcr k\u0131ld\u0131.<\/p>\n<p><strong>Wan<\/strong><br \/>\nWan&#8217;\u0131n Erd\u00ee\u015f (Erci\u015f) il\u00e7esinde ailesiyle birlikte ya\u015fayan 19 ya\u015f\u0131ndaki T\u00fcrkan T\u00fcrko\u011flu, \u00f6nceki g\u00fcn evinde \u015f\u00fcpheli \u015fekilde ya\u015fam\u0131n\u0131 yitirmi\u015f halde bulundu. Ailesi taraf\u0131ndan fark edilmesinin ard\u0131ndan Erci\u015f Devlet Hastanesi\u2019ne kald\u0131r\u0131lan T\u00fcrkan T\u00fcrko\u011flu\u2019nun hayat\u0131n\u0131 kaybetti\u011fi belirtildi. T\u00fcrkan T\u00fcrko\u011flu i\u00e7in memleketi Erd\u00ee\u015f\u2019te taziye kuruldu.<\/p>\n<p>Olayla ilgili inceleme ba\u015flat\u0131ld\u0131\u011f\u0131 kaydedildi.<\/p>\n<p><strong>Amed<\/strong><br \/>\nAmed\u2019in Peyas (Kayap\u0131nar) il\u00e7esindeki Diclekent Mahallesi\u2019nde ya\u015fayan Dicle \u00dcniversitesi Di\u015f Hekimli\u011fi asistan\u0131 26 ya\u015f\u0131ndaki \u00d6zge Salman da evinde \u015f\u00fcpheli \u015fekilde ya\u015fam\u0131n\u0131 yitirmi\u015f halde bulundu. \u00d6zge Salman\u2019a d\u00fcnden bu yana ula\u015famayan arkada\u015flar\u0131, sabah saatlerinde evine gittiklerinde kap\u0131n\u0131n a\u00e7\u0131lmamas\u0131 \u00fczerine \u00e7ilingir \u00e7a\u011f\u0131rd\u0131; eve girildi\u011finde \u00d6zge Salman\u2019\u0131n ya\u015fam\u0131n\u0131 yitirmi\u015f oldu\u011fu g\u00f6r\u00fcld\u00fc.<\/p>\n<p>\u00d6zge Salman\u2019\u0131n bir mektup b\u0131rakt\u0131\u011f\u0131 belirtilirken, cenazesinin Diyarbak\u0131r Adli T\u0131p Kurumu\u2019na g\u00f6t\u00fcr\u00fcld\u00fc\u011f\u00fc \u00f6\u011frenildi.<\/p>\n<p>Olayla ilgili incelemenin s\u00fcrd\u00fc\u011f\u00fc belirtildi.<\/p>\n<div>\u00a0 <strong>\u00a0 \u00a0(JINNEWS)<\/strong><\/div>\n","protected":false},"excerpt":{"rendered":"<p>HABER MERKEZ\u0130- Wan\u2019\u0131n Erd\u00ee\u015f il\u00e7esinde T\u00fcrkan T\u00fcrko\u011flu isimli gen\u00e7 kad\u0131n\u0131n evinde \u015f\u00fcpheli \u015fekilde hayat\u0131n\u0131 kaybetmi\u015f halde bulundu\u011fu belirtilirken, Amed\u2019de ise \u00d6zge Salman isimli gen\u00e7 kad\u0131n\u0131n yine evinde \u015f\u00fcpheli bi\u00e7imde ya\u015fam\u0131n\u0131 yitirdi\u011fi belirtildi. T\u00fcrkiye ve K\u00fcrdistan\u2019da kad\u0131nlar\u0131n ev i\u00e7inde dahi g\u00fcvende olmad\u0131\u011f\u0131n\u0131 g\u00f6steren \u015f\u00fcpheli kad\u0131n \u00f6l\u00fcmleri artmaya devam ediyor. Wan\u2019\u0131n Erd\u00ee\u015f il\u00e7esinde 19 ya\u015f\u0131ndaki T\u00fcrkan T\u00fcrko\u011flu [&hellip;]<\/p>\n","protected":false},"author":2,"featured_media":9248,"comment_status":"open","ping_status":"open","sticky":false,"template":"","format":"standard","meta":{"_jetpack_memberships_contains_paid_content":false,"jnews-multi-image_gallery":[],"jnews_single_post":{"subtitle":"","format":"standard","override":[{"template":"1","parallax":"1","fullscreen":"1","layout":"right-sidebar","sidebar":"default-sidebar","second_sidebar":"default-sidebar","sticky_sidebar":"1","share_position":"top","share_float_style":"share-monocrhome","show_featured":"1","show_post_meta":"1","show_post_author_image":"1","show_post_date":"1","post_date_format":"default","post_date_format_custom":"Y\/m\/d","show_post_category":"1","post_reading_time_wpm":"300","post_calculate_word_method":"str_word_count","zoom_button_out_step":"2","zoom_button_in_step":"3","show_post_tag":"1","show_prev_next_post":"1","show_popup_post":"1","number_popup_post":"1","show_author_box":"1","show_post_related":"0","show_inline_post_related":"0"}],"image_override":[{"single_post_thumbnail_size":"crop-500","single_post_gallery_size":"crop-500"}],"trending_post_position":"meta","trending_post_label":"Trending","sponsored_post_label":"Sponsored by","disable_ad":"0"},"jnews_primary_category":[],"jnews_social_meta":[],"jnews_review":[],"enable_review":"","type":"percentage","name":"","summary":"","brand":"","sku":"","good":[],"bad":[],"score_override":"","override_value":"","rating":[],"price":[],"jnews_override_counter":{"view_counter_number":"0","share_counter_number":"0","like_counter_number":"0","dislike_counter_number":"0"},"jnews_post_split":{"post_split":[{"template":"1","tag":"h2","numbering":"asc","mode":"normal","first":"0","enable_toc":"0","toc_type":"normal"}]},"footnotes":""},"categories":[51],"tags":[],"class_list":["post-9247","post","type-post","status-publish","format-standard","has-post-thumbnail","hentry","category-guncel"],"jetpack_sharing_enabled":true,"jetpack_featured_media_url":"https:\/\/berru.org\/wp-content\/uploads\/2025\/12\/823x463cc-van-04-12-25-vanda-supheli-kadin-olumu.jpeg","_links":{"self":[{"href":"https:\/\/berru.org\/index.php\/wp-json\/wp\/v2\/posts\/9247","targetHints":{"allow":["GET"]}}],"collection":[{"href":"https:\/\/berru.org\/index.php\/wp-json\/wp\/v2\/posts"}],"about":[{"href":"https:\/\/berru.org\/index.php\/wp-json\/wp\/v2\/types\/post"}],"author":[{"embeddable":true,"href":"https:\/\/berru.org\/index.php\/wp-json\/wp\/v2\/users\/2"}],"replies":[{"embeddable":true,"href":"https:\/\/berru.org\/index.php\/wp-json\/wp\/v2\/comments?post=9247"}],"version-history":[{"count":3,"href":"https:\/\/berru.org\/index.php\/wp-json\/wp\/v2\/posts\/9247\/revisions"}],"predecessor-version":[{"id":9251,"href":"https:\/\/berru.org\/index.php\/wp-json\/wp\/v2\/posts\/9247\/revisions\/9251"}],"wp:featuredmedia":[{"embeddable":true,"href":"https:\/\/berru.org\/index.php\/wp-json\/wp\/v2\/media\/9248"}],"wp:attachment":[{"href":"https:\/\/berru.org\/index.php\/wp-json\/wp\/v2\/media?parent=9247"}],"wp:term":[{"taxonomy":"category","embeddable":true,"href":"https:\/\/berru.org\/index.php\/wp-json\/wp\/v2\/categories?post=9247"},{"taxonomy":"post_tag","embeddable":true,"href":"https:\/\/berru.org\/index.php\/wp-json\/wp\/v2\/tags?post=9247"}],"curies":[{"name":"wp","href":"https:\/\/api.w.org\/{rel}","templated":true}]}}