{"id":9243,"date":"2025-12-03T23:11:12","date_gmt":"2025-12-03T20:11:12","guid":{"rendered":"https:\/\/berru.org\/?p=9243"},"modified":"2025-12-05T11:01:23","modified_gmt":"2025-12-05T08:01:23","slug":"meb-zirvesinde-gozaltina-alinan-ogrenciler-tutuklandi","status":"publish","type":"post","link":"https:\/\/berru.org\/index.php\/2025\/12\/03\/meb-zirvesinde-gozaltina-alinan-ogrenciler-tutuklandi\/","title":{"rendered":"MESEM Protestosunda G\u00f6zalt\u0131na Al\u0131nan \u00d6\u011frenciler Tutukland\u0131"},"content":{"rendered":"<p data-start=\"288\" data-end=\"628\"><strong data-start=\"288\" data-end=\"628\">HABER MERKEZ\u0130- <\/strong>Milli E\u011fitim Bakanl\u0131\u011f\u0131\u2019n\u0131n d\u00fczenledi\u011fi MESEM program\u0131n\u0131 protesto ettikleri gerek\u00e7esiyle g\u00f6zalt\u0131na al\u0131nan T\u00fcrkiye \u0130\u015f\u00e7i Partisi \u00fcyesi 16 \u00f6\u011frenci, \u00e7\u0131kar\u0131ld\u0131klar\u0131 sulh ceza hakimli\u011fince tutukland\u0131.<\/p>\n<p data-start=\"630\" data-end=\"935\">Milli E\u011fitim Bakanl\u0131\u011f\u0131\u2019n\u0131n Mesleki E\u011fitim Merkezi (MESEM) program\u0131nda i\u015f kazalar\u0131 ve \u00e7ocuk i\u015f\u00e7i \u00f6l\u00fcmlerine dikkat \u00e7ekmek amac\u0131yla d\u00fczenlenen protestonun ard\u0131ndan g\u00f6zalt\u0131na al\u0131nan 17 T\u0130P\u2019li \u00f6\u011frenciden 16\u2019s\u0131 tutukland\u0131. \u00d6\u011frencilerin, savc\u0131l\u0131k ifadeleri al\u0131nmadan tutuklamaya sevk edildi\u011fi belirtildi.<\/p>\n<p data-start=\"975\" data-end=\"1163\">Tutuklamalar\u0131n ard\u0131ndan T\u0130P\u2019li \u00f6\u011frenciler yapt\u0131klar\u0131 a\u00e7\u0131klamada, MESEM\u2019de ya\u015fanan \u00f6l\u00fcmlere kar\u015f\u0131 ses \u00e7\u0131karan arkada\u015flar\u0131n\u0131n cezaland\u0131r\u0131lmaya \u00e7al\u0131\u015f\u0131ld\u0131\u011f\u0131n\u0131 belirterek \u015fu ifadeleri kulland\u0131:<\/p>\n<p data-start=\"1165\" data-end=\"1425\">\u201cMESEM\u2019lerde k\u00e2r u\u011fruna \u00e7ocuklar\u0131n katledilmesine kar\u015f\u0131 ses y\u00fckselten 17 yolda\u015f\u0131m\u0131z\u0131n 16\u2019s\u0131 tutukland\u0131. Sizler az\u0131c\u0131k olsun utanm\u0131yorsan\u0131z, bizler de az\u0131c\u0131k olsun korkmuyoruz. T\u00fcm arkada\u015flar\u0131m\u0131z\u0131 teker teker geri alacak, k\u00f6lelik d\u00fczeninizi ba\u015f\u0131n\u0131za \u00e7alaca\u011f\u0131z.\u201d<\/p>\n<h3 data-start=\"1427\" data-end=\"1446\">Ne olmu\u015ftu?<\/h3>\n<p data-start=\"1447\" data-end=\"1801\">T\u0130P\u2019li \u00f6\u011frenciler, MESEM kapsam\u0131nda \u00e7al\u0131\u015fan \u00e7ocuk i\u015f\u00e7ilerin maruz kald\u0131\u011f\u0131 i\u015f kazalar\u0131 ve \u00f6l\u00fcmlere dikkat \u00e7ekmek amac\u0131yla Mesleki E\u011fitim Zirvesi\u2019nde \u201c\u00c7ocuklar\u0131n kan\u0131 elinizde\u201d yaz\u0131l\u0131 pankart a\u00e7arak \u201cKatil patronlar hesap verecek\u201d ve \u201cMESEM\u2019li \u00e7ocuklar isyan\u0131m\u0131zd\u0131r\u201d sloganlar\u0131 atm\u0131\u015ft\u0131. G\u00fcvenlik g\u00f6revlilerinin m\u00fcdahalesiyle 17 \u00f6\u011frenci g\u00f6zalt\u0131na al\u0131nm\u0131\u015ft\u0131.<\/p>\n","protected":false},"excerpt":{"rendered":"<p>HABER MERKEZ\u0130- Milli E\u011fitim Bakanl\u0131\u011f\u0131\u2019n\u0131n d\u00fczenledi\u011fi MESEM program\u0131n\u0131 protesto ettikleri gerek\u00e7esiyle g\u00f6zalt\u0131na al\u0131nan T\u00fcrkiye \u0130\u015f\u00e7i Partisi \u00fcyesi 16 \u00f6\u011frenci, \u00e7\u0131kar\u0131ld\u0131klar\u0131 sulh ceza hakimli\u011fince tutukland\u0131. Milli E\u011fitim Bakanl\u0131\u011f\u0131\u2019n\u0131n Mesleki E\u011fitim Merkezi (MESEM) program\u0131nda i\u015f kazalar\u0131 ve \u00e7ocuk i\u015f\u00e7i \u00f6l\u00fcmlerine dikkat \u00e7ekmek amac\u0131yla d\u00fczenlenen protestonun ard\u0131ndan g\u00f6zalt\u0131na al\u0131nan 17 T\u0130P\u2019li \u00f6\u011frenciden 16\u2019s\u0131 tutukland\u0131. \u00d6\u011frencilerin, savc\u0131l\u0131k ifadeleri al\u0131nmadan [&hellip;]<\/p>\n","protected":false},"author":2,"featured_media":9264,"comment_status":"open","ping_status":"open","sticky":false,"template":"","format":"standard","meta":{"_jetpack_memberships_contains_paid_content":false,"jnews-multi-image_gallery":[],"jnews_single_post":{"subtitle":"","format":"standard","override":[{"template":"1","parallax":"1","fullscreen":"1","layout":"right-sidebar","sidebar":"default-sidebar","second_sidebar":"default-sidebar","sticky_sidebar":"1","share_position":"top","share_float_style":"share-monocrhome","show_featured":"1","show_post_meta":"1","show_post_author_image":"1","show_post_date":"1","post_date_format":"default","post_date_format_custom":"Y\/m\/d","show_post_category":"1","post_reading_time_wpm":"300","post_calculate_word_method":"str_word_count","zoom_button_out_step":"2","zoom_button_in_step":"3","show_post_tag":"1","show_prev_next_post":"1","show_popup_post":"1","number_popup_post":"1","show_author_box":"1","show_post_related":"0","show_inline_post_related":"0"}],"image_override":[{"single_post_thumbnail_size":"crop-500","single_post_gallery_size":"crop-500"}],"trending_post_position":"meta","trending_post_label":"Trending","sponsored_post_label":"Sponsored by","disable_ad":"0"},"jnews_primary_category":[],"jnews_social_meta":[],"jnews_review":[],"enable_review":"","type":"percentage","name":"","summary":"","brand":"","sku":"","good":[],"bad":[],"score_override":"","override_value":"","rating":[],"price":[],"jnews_override_counter":{"view_counter_number":"0","share_counter_number":"0","like_counter_number":"0","dislike_counter_number":"0"},"jnews_post_split":{"post_split":[{"template":"1","tag":"h2","numbering":"asc","mode":"normal","first":"0","enable_toc":"0","toc_type":"normal"}]},"footnotes":""},"categories":[48,51],"tags":[],"class_list":["post-9243","post","type-post","status-publish","format-standard","has-post-thumbnail","hentry","category-genclik","category-guncel"],"jetpack_sharing_enabled":true,"jetpack_featured_media_url":"https:\/\/berru.org\/wp-content\/uploads\/2025\/12\/322164.jpg","_links":{"self":[{"href":"https:\/\/berru.org\/index.php\/wp-json\/wp\/v2\/posts\/9243","targetHints":{"allow":["GET"]}}],"collection":[{"href":"https:\/\/berru.org\/index.php\/wp-json\/wp\/v2\/posts"}],"about":[{"href":"https:\/\/berru.org\/index.php\/wp-json\/wp\/v2\/types\/post"}],"author":[{"embeddable":true,"href":"https:\/\/berru.org\/index.php\/wp-json\/wp\/v2\/users\/2"}],"replies":[{"embeddable":true,"href":"https:\/\/berru.org\/index.php\/wp-json\/wp\/v2\/comments?post=9243"}],"version-history":[{"count":2,"href":"https:\/\/berru.org\/index.php\/wp-json\/wp\/v2\/posts\/9243\/revisions"}],"predecessor-version":[{"id":9246,"href":"https:\/\/berru.org\/index.php\/wp-json\/wp\/v2\/posts\/9243\/revisions\/9246"}],"wp:featuredmedia":[{"embeddable":true,"href":"https:\/\/berru.org\/index.php\/wp-json\/wp\/v2\/media\/9264"}],"wp:attachment":[{"href":"https:\/\/berru.org\/index.php\/wp-json\/wp\/v2\/media?parent=9243"}],"wp:term":[{"taxonomy":"category","embeddable":true,"href":"https:\/\/berru.org\/index.php\/wp-json\/wp\/v2\/categories?post=9243"},{"taxonomy":"post_tag","embeddable":true,"href":"https:\/\/berru.org\/index.php\/wp-json\/wp\/v2\/tags?post=9243"}],"curies":[{"name":"wp","href":"https:\/\/api.w.org\/{rel}","templated":true}]}}