{"id":9240,"date":"2025-12-02T16:33:11","date_gmt":"2025-12-02T13:33:11","guid":{"rendered":"https:\/\/berru.org\/?p=9240"},"modified":"2025-12-02T16:33:11","modified_gmt":"2025-12-02T13:33:11","slug":"bestada-agac-kiyimi-suruyor","status":"publish","type":"post","link":"https:\/\/berru.org\/index.php\/2025\/12\/02\/bestada-agac-kiyimi-suruyor\/","title":{"rendered":"Besta&#8217;da A\u011fa\u00e7 K\u0131y\u0131m\u0131 S\u00fcr\u00fcyor"},"content":{"rendered":"<p><strong>HABER MERKEZ\u0130 &#8211;<\/strong> \u015eirnex merkez ve S\u00eart\u2019in Berwar\u00ee il\u00e7esi aras\u0131nda bulunan Besta B\u00f6lgesi\u2019nde askerler g\u00f6zetiminde ger\u00e7ekle\u015fen a\u011fa\u00e7 k\u0131y\u0131m\u0131 devam ediyor.<\/p>\n<p>\u015eirnex merkez ve il\u00e7elerinde eko-k\u0131r\u0131m her ge\u00e7en g\u00fcn artarak devam ediyor. C\u00fbd\u00ee, Gabar da\u011flar\u0131 ile Besta B\u00f6lgesi\u2019ndeki a\u011fa\u00e7 kesimi 5 y\u0131ld\u0131r aral\u0131ks\u0131z bir \u015fekilde s\u00fcr\u00fcyor. Asker g\u00f6zetiminde, korucular eliyle ya\u015fanan k\u0131y\u0131m i\u00e7in \u201cg\u00fcvenlik\u201d gerek\u00e7esi \u00f6ne s\u00fcr\u00fcl\u00fcyor. A\u011fa\u00e7 k\u0131y\u0131m\u0131n\u0131n durduruldu\u011funa dair kimi resmi a\u00e7\u0131klamalar olsa da Besta\u2019da \u00e7ekilen g\u00f6r\u00fcnt\u00fclerde a\u011fa\u00e7 k\u0131y\u0131m\u0131n\u0131n t\u00fcm h\u0131z\u0131yla s\u00fcrd\u00fc\u011f\u00fcn\u00fc g\u00f6steriyor.<\/p>\n<p>Besta\u2019da kapl\u0131calar\u0131n yer ald\u0131\u011f\u0131 b\u00f6lgede askerlerin g\u00f6zetiminden a\u011fa\u00e7 k\u0131y\u0131m\u0131 yapan korucular, trakt\u00f6rlerle S\u00eart\u2019in Berwar\u00ee il\u00e7esi s\u0131n\u0131r\u0131na ta\u015f\u0131nmas\u0131 bir kez daha g\u00f6r\u00fcnt\u00fclere yans\u0131d\u0131. Kesilen a\u011fa\u00e7 y\u00fckl\u00fc trakt\u00f6rlerin bir\u00e7ok askeri kontrol noktas\u0131ndan ge\u00e7mesi ise dikkat \u00e7ekti.<\/p>\n<p><strong>(MA)<\/strong><\/p>\n","protected":false},"excerpt":{"rendered":"<p>HABER MERKEZ\u0130 &#8211; \u015eirnex merkez ve S\u00eart\u2019in Berwar\u00ee il\u00e7esi aras\u0131nda bulunan Besta B\u00f6lgesi\u2019nde askerler g\u00f6zetiminde ger\u00e7ekle\u015fen a\u011fa\u00e7 k\u0131y\u0131m\u0131 devam ediyor. \u015eirnex merkez ve il\u00e7elerinde eko-k\u0131r\u0131m her ge\u00e7en g\u00fcn artarak devam ediyor. C\u00fbd\u00ee, Gabar da\u011flar\u0131 ile Besta B\u00f6lgesi\u2019ndeki a\u011fa\u00e7 kesimi 5 y\u0131ld\u0131r aral\u0131ks\u0131z bir \u015fekilde s\u00fcr\u00fcyor. Asker g\u00f6zetiminde, korucular eliyle ya\u015fanan k\u0131y\u0131m i\u00e7in \u201cg\u00fcvenlik\u201d gerek\u00e7esi \u00f6ne [&hellip;]<\/p>\n","protected":false},"author":2,"featured_media":9241,"comment_status":"open","ping_status":"open","sticky":false,"template":"","format":"standard","meta":{"_jetpack_memberships_contains_paid_content":false,"jnews-multi-image_gallery":[],"jnews_single_post":{"subtitle":""},"jnews_primary_category":[],"jnews_social_meta":[],"jnews_review":[],"enable_review":"","type":"","name":"","summary":"","brand":"","sku":"","good":[],"bad":[],"score_override":"","override_value":"","rating":[],"price":[],"jnews_override_counter":[],"jnews_post_split":[],"footnotes":""},"categories":[51],"tags":[],"class_list":["post-9240","post","type-post","status-publish","format-standard","has-post-thumbnail","hentry","category-guncel"],"jetpack_sharing_enabled":true,"jetpack_featured_media_url":"https:\/\/berru.org\/wp-content\/uploads\/2025\/12\/790x490cc-srnk-02-12-2025-besta-agac-katliami.jpg","_links":{"self":[{"href":"https:\/\/berru.org\/index.php\/wp-json\/wp\/v2\/posts\/9240","targetHints":{"allow":["GET"]}}],"collection":[{"href":"https:\/\/berru.org\/index.php\/wp-json\/wp\/v2\/posts"}],"about":[{"href":"https:\/\/berru.org\/index.php\/wp-json\/wp\/v2\/types\/post"}],"author":[{"embeddable":true,"href":"https:\/\/berru.org\/index.php\/wp-json\/wp\/v2\/users\/2"}],"replies":[{"embeddable":true,"href":"https:\/\/berru.org\/index.php\/wp-json\/wp\/v2\/comments?post=9240"}],"version-history":[{"count":1,"href":"https:\/\/berru.org\/index.php\/wp-json\/wp\/v2\/posts\/9240\/revisions"}],"predecessor-version":[{"id":9242,"href":"https:\/\/berru.org\/index.php\/wp-json\/wp\/v2\/posts\/9240\/revisions\/9242"}],"wp:featuredmedia":[{"embeddable":true,"href":"https:\/\/berru.org\/index.php\/wp-json\/wp\/v2\/media\/9241"}],"wp:attachment":[{"href":"https:\/\/berru.org\/index.php\/wp-json\/wp\/v2\/media?parent=9240"}],"wp:term":[{"taxonomy":"category","embeddable":true,"href":"https:\/\/berru.org\/index.php\/wp-json\/wp\/v2\/categories?post=9240"},{"taxonomy":"post_tag","embeddable":true,"href":"https:\/\/berru.org\/index.php\/wp-json\/wp\/v2\/tags?post=9240"}],"curies":[{"name":"wp","href":"https:\/\/api.w.org\/{rel}","templated":true}]}}