{"id":9044,"date":"2025-11-11T16:20:26","date_gmt":"2025-11-11T13:20:26","guid":{"rendered":"https:\/\/berru.org\/?p=9044"},"modified":"2025-11-11T16:20:26","modified_gmt":"2025-11-11T13:20:26","slug":"kocaeli-universitesinde-isci-katliamina-karsi-eylem","status":"publish","type":"post","link":"https:\/\/berru.org\/index.php\/2025\/11\/11\/kocaeli-universitesinde-isci-katliamina-karsi-eylem\/","title":{"rendered":"Kocaeli \u00dcniversitesi\u2019nde \u0130\u015f\u00e7i Katliam\u0131na Kar\u015f\u0131 Eylem"},"content":{"rendered":"<p>HABER MERKEZ\u0130-Kocaeli \u00dcniversitesi \u00f6\u011frencileri, Dilovas\u0131\u2019nda ya\u015fanan patlamada ya\u015fam\u0131n\u0131 yitiren 6 i\u015f\u00e7i i\u00e7in kamp\u00fcste y\u00fcr\u00fcy\u00fc\u015f ve bas\u0131n a\u00e7\u0131klamas\u0131 ger\u00e7ekle\u015ftirdi. \u00d6\u011frenciler, yapt\u0131klar\u0131 a\u00e7\u0131klamada bunun bir kaza olmad\u0131\u011f\u0131n\u0131, bir su\u00e7 oldu\u011funu belirterek sorumlular\u0131n yarg\u0131lanmas\u0131n\u0131 talep etti.<\/p>\n<p data-start=\"697\" data-end=\"1095\">Kocaeli \u00dcniversitesi \u0130leti\u015fim Fak\u00fcltesi\u2019nde bir araya gelen \u00f6\u011frenciler, Dilovas\u0131\u2019nda bulunan bir parf\u00fcm fabrikas\u0131nda meydana gelen ve 6 i\u015f\u00e7inin ya\u015fam\u0131n\u0131 yitirdi\u011fi patlamay\u0131 protesto etti. \u00dcniversitenin Umuttepe yerle\u015fkesinde bir araya gelen \u00f6\u011frenciler, y\u00fcr\u00fcy\u00fc\u015f ve bas\u0131n a\u00e7\u0131klamas\u0131 ger\u00e7ekle\u015ftirdi.<\/p>\n<p data-start=\"1097\" data-end=\"1569\">\u0130leti\u015fim Fak\u00fcltesi \u00f6n\u00fcnde toplanan \u00f6\u011frenciler, \u00fcniversite yemekhanesinde yapt\u0131klar\u0131 a\u00e7\u0131klamada ya\u015fananlar\u0131n \u201ckaza\u201d de\u011fil, a\u00e7\u0131k bir \u201ckatliam\u201d oldu\u011funu vurgulad\u0131. Bas\u0131n a\u00e7\u0131klamas\u0131nda, \u201cDilovas\u0131\u2019nda bir parf\u00fcm fabrikas\u0131nda meydana gelen patlamada 3\u2019\u00fc \u00e7ocuk 6 kad\u0131n i\u015f\u00e7i hayat\u0131n\u0131 kaybetti. Aileler \u00e7ocuklar\u0131na, \u00e7ocuklar annelerine veda etmek zorunda kald\u0131. Bu katliam\u0131n faili, insan hayat\u0131n\u0131 sermaye arac\u0131 olarak g\u00f6ren kapitalist sistemdir\u201d ifadeleri yer ald\u0131.<\/p>\n<p data-start=\"1571\" data-end=\"1980\">\u00d6\u011frenciler, daha \u00f6nce Soma, Hendek ve Ermenek\u2019te ya\u015fanan i\u015f cinayetlerini hat\u0131rlatarak, ekonomik krizin faturas\u0131n\u0131n da emek\u00e7ilere ve \u00f6\u011frencilere kesildi\u011fini belirtti. A\u00e7\u0131klamada, \u201cBu i\u015fyerinin patronu ilk a\u00e7\u0131ld\u0131\u011f\u0131nda 15\u201320 ya\u015f aras\u0131 \u00e7al\u0131\u015fan al\u0131yormu\u015f. Kimi \u00e7ocuklar 13 ya\u015f\u0131nda bu tesiste \u00e7al\u0131\u015fmaya ba\u015flam\u0131\u015f. \u0130ktidar\u0131n \u00e7ocuk i\u015f\u00e7ili\u011fini me\u015frula\u015ft\u0131ran politikalar\u0131, bu t\u00fcr katliamlar\u0131n \u00f6n\u00fcn\u00fc a\u00e7m\u0131\u015ft\u0131r\u201d denildi.<\/p>\n<h3 data-start=\"1982\" data-end=\"2012\"><strong data-start=\"1986\" data-end=\"2010\">\u201cYa\u015fam\u0131 savunuyoruz\u201d<\/strong><\/h3>\n<p data-start=\"2013\" data-end=\"2370\">A\u00e7\u0131klamada ayr\u0131ca, \u201cBiliyoruz ki bu yang\u0131n bir tesad\u00fcf de\u011fil, sistemli bir su\u00e7tur. \u0130\u015fyerleri denetimsiz b\u0131rak\u0131ld\u0131, g\u00fcvenlik \u00f6nlemleri al\u0131nmad\u0131, \u00e7ocuk i\u015f\u00e7iler \u00e7al\u0131\u015ft\u0131r\u0131ld\u0131, sigortas\u0131z emek suistimal edildi. Ger\u00e7ekler gizleniyor\u201d denilerek, Dilovas\u0131 patlamas\u0131na ili\u015fkin soru\u015fturmalar\u0131n \u015feffaf bi\u00e7imde y\u00fcr\u00fct\u00fclmesi ve patronlar\u0131n yarg\u0131lanmas\u0131 \u00e7a\u011fr\u0131s\u0131 yap\u0131ld\u0131.<\/p>\n<p data-start=\"2372\" data-end=\"2599\">\u00d6\u011frenciler, Kad\u0131k\u00f6y\u2019de i\u015f cinayetlerini protesto etti\u011fi i\u00e7in tutuklanan 4 gen\u00e7 i\u00e7in de dayan\u0131\u015fma mesaj\u0131 verdi: \u201cBiz Kocaeli \u00dcniversitesi \u00f6\u011frencileri olarak \u00f6ld\u00fcren sermayeyi de\u011fil, ya\u015fam\u0131 savunan arkada\u015flar\u0131m\u0131z\u0131n yan\u0131nday\u0131z.\u201d<\/p>\n<h3 data-start=\"2601\" data-end=\"2635\"><strong data-start=\"2605\" data-end=\"2633\">\u201cM\u00fccadeleyi b\u00fcy\u00fct\u00fcyoruz\u201d<\/strong><\/h3>\n<p data-start=\"2636\" data-end=\"2877\">\u00d6\u011frenciler a\u00e7\u0131klamalar\u0131nda, 29 Ekim\u2019de Gebze\u2019de metro in\u015faat\u0131nda \u00e7\u00f6ken binada hayat\u0131n\u0131 kaybeden 4 ki\u015fiyi de hat\u0131rlatarak, \u201cBu sistemde \u00e7ocuklar\u0131n, gen\u00e7lerin, kad\u0131nlar\u0131n ve emek\u00e7ilerin g\u00fcvenli ya\u015fama \u015fans\u0131 kalmam\u0131\u015ft\u0131r\u201d ifadelerini kulland\u0131.<\/p>\n<p data-start=\"2879\" data-end=\"3066\">Eylem, \u201cJin, Jiyan, Azad\u00ee\u201d, \u201cKatil sermaye i\u015fbirlik\u00e7i AKP\u201d, \u201cS\u00f6m\u00fcr\u00fc d\u00fczeni y\u0131k\u0131lacak\u201d, \u201cSermayeden hesab\u0131 \u00f6\u011frenciler soracak\u201d, \u201c\u0130\u015f\u00e7i gen\u00e7lik el ele m\u00fccadeleye!\u201d sloganlar\u0131yla sona erdi.<\/p>\n","protected":false},"excerpt":{"rendered":"<p>HABER MERKEZ\u0130-Kocaeli \u00dcniversitesi \u00f6\u011frencileri, Dilovas\u0131\u2019nda ya\u015fanan patlamada ya\u015fam\u0131n\u0131 yitiren 6 i\u015f\u00e7i i\u00e7in kamp\u00fcste y\u00fcr\u00fcy\u00fc\u015f ve bas\u0131n a\u00e7\u0131klamas\u0131 ger\u00e7ekle\u015ftirdi. \u00d6\u011frenciler, yapt\u0131klar\u0131 a\u00e7\u0131klamada bunun bir kaza olmad\u0131\u011f\u0131n\u0131, bir su\u00e7 oldu\u011funu belirterek sorumlular\u0131n yarg\u0131lanmas\u0131n\u0131 talep etti. Kocaeli \u00dcniversitesi \u0130leti\u015fim Fak\u00fcltesi\u2019nde bir araya gelen \u00f6\u011frenciler, Dilovas\u0131\u2019nda bulunan bir parf\u00fcm fabrikas\u0131nda meydana gelen ve 6 i\u015f\u00e7inin ya\u015fam\u0131n\u0131 yitirdi\u011fi patlamay\u0131 protesto [&hellip;]<\/p>\n","protected":false},"author":2,"featured_media":9045,"comment_status":"open","ping_status":"open","sticky":false,"template":"","format":"standard","meta":{"_jetpack_memberships_contains_paid_content":false,"jnews-multi-image_gallery":[],"jnews_single_post":{"subtitle":""},"jnews_primary_category":[],"jnews_social_meta":[],"jnews_review":[],"enable_review":"","type":"","name":"","summary":"","brand":"","sku":"","good":[],"bad":[],"score_override":"","override_value":"","rating":[],"price":[],"jnews_override_counter":[],"jnews_post_split":[],"footnotes":""},"categories":[48,51],"tags":[],"class_list":["post-9044","post","type-post","status-publish","format-standard","has-post-thumbnail","hentry","category-genclik","category-guncel"],"jetpack_sharing_enabled":true,"jetpack_featured_media_url":"https:\/\/berru.org\/wp-content\/uploads\/2025\/11\/G5eLjLZWkAADMHf.jpg","_links":{"self":[{"href":"https:\/\/berru.org\/index.php\/wp-json\/wp\/v2\/posts\/9044","targetHints":{"allow":["GET"]}}],"collection":[{"href":"https:\/\/berru.org\/index.php\/wp-json\/wp\/v2\/posts"}],"about":[{"href":"https:\/\/berru.org\/index.php\/wp-json\/wp\/v2\/types\/post"}],"author":[{"embeddable":true,"href":"https:\/\/berru.org\/index.php\/wp-json\/wp\/v2\/users\/2"}],"replies":[{"embeddable":true,"href":"https:\/\/berru.org\/index.php\/wp-json\/wp\/v2\/comments?post=9044"}],"version-history":[{"count":1,"href":"https:\/\/berru.org\/index.php\/wp-json\/wp\/v2\/posts\/9044\/revisions"}],"predecessor-version":[{"id":9046,"href":"https:\/\/berru.org\/index.php\/wp-json\/wp\/v2\/posts\/9044\/revisions\/9046"}],"wp:featuredmedia":[{"embeddable":true,"href":"https:\/\/berru.org\/index.php\/wp-json\/wp\/v2\/media\/9045"}],"wp:attachment":[{"href":"https:\/\/berru.org\/index.php\/wp-json\/wp\/v2\/media?parent=9044"}],"wp:term":[{"taxonomy":"category","embeddable":true,"href":"https:\/\/berru.org\/index.php\/wp-json\/wp\/v2\/categories?post=9044"},{"taxonomy":"post_tag","embeddable":true,"href":"https:\/\/berru.org\/index.php\/wp-json\/wp\/v2\/tags?post=9044"}],"curies":[{"name":"wp","href":"https:\/\/api.w.org\/{rel}","templated":true}]}}