{"id":9032,"date":"2025-11-09T22:12:35","date_gmt":"2025-11-09T19:12:35","guid":{"rendered":"https:\/\/berru.org\/?p=9032"},"modified":"2025-11-09T22:12:35","modified_gmt":"2025-11-09T19:12:35","slug":"is-cinayetini-protesto-eden-genclere-tutuklama","status":"publish","type":"post","link":"https:\/\/berru.org\/index.php\/2025\/11\/09\/is-cinayetini-protesto-eden-genclere-tutuklama\/","title":{"rendered":"\u0130\u015f Cinayetini Protesto Eden Gen\u00e7lere Tutuklama"},"content":{"rendered":"<p><strong>HABER MERKEZ\u0130<\/strong> &#8211; D\u00fcn Kad\u0131k\u00f6y\u2019de, Kocaeli\u2019ndeki i\u015f cinayetini protesto eden 9 gen\u00e7 g\u00f6zalt\u0131na al\u0131nm\u0131\u015ft\u0131. G\u00f6zalt\u0131na al\u0131nan gen\u00e7lerden 4\u2019\u00fc \u00e7\u0131kar\u0131ld\u0131klar\u0131 mahkemece tutukland\u0131.<\/p>\n<p>Kocaeli&#8217;nin Dilovas\u0131 il\u00e7esinde 2\u2019si \u00e7ocuk 6 i\u015f\u00e7inin hayat\u0131n\u0131 kaybetti\u011fi i\u015f cinayetini protesto eden 9 gen\u00e7 g\u00f6zalt\u0131na al\u0131nm\u0131\u015ft\u0131. G\u00f6zalt\u0131na al\u0131nan gen\u00e7lerden 4\u2019\u00fc \u00e7\u0131kar\u0131ld\u0131klar\u0131 mahkemece tutukland\u0131.<\/p>\n<p data-start=\"197\" data-end=\"452\">D\u00fcn Kad\u0131k\u00f6y Bahariye Caddesi\u2019nde \u201c\u00d6l\u00fcmlerin nedeni holdingci g\u00fc\u00e7ler\u201d pankart\u0131 ile y\u00fcr\u00fcyen Gen\u00e7lik Komiteleri \u00fcyeleri, yapt\u0131klar\u0131 a\u00e7\u0131klamada i\u015f cinayetlerinin ard\u0131nda patronlar\u0131n siyasi ba\u011flant\u0131lar\u0131 ve denetimsizlik oldu\u011funu vurgulam\u0131\u015ft\u0131.<\/p>\n<p data-start=\"454\" data-end=\"836\">A\u00e7\u0131klamada, patronlar\u0131n siyaset ba\u011flant\u0131lar\u0131n\u0131 kullanarak i\u015fyeri ruhsat\u0131 almakta, sigortas\u0131z i\u015f\u00e7i \u00e7al\u0131\u015ft\u0131rmakta ve i\u015f g\u00fcvenli\u011fi \u00f6nlemlerini almadan faaliyetlerine devam etmekte zorlanmad\u0131\u011f\u0131 belirtilmi\u015fti. Gen\u00e7lik Komiteleri, \u201cPatron, belediye, yarg\u0131, emniyet ve AKP te\u015fkilatlar\u0131 aras\u0131ndaki bu i\u015fbirli\u011fine kar\u015f\u0131 ortak m\u00fccadele verilmedi\u011fi s\u00fcrece \u00f6l\u00fcmler s\u00fcrecek\u201d ifadelerini kullanm\u0131\u015ft\u0131.<\/p>\n<p data-start=\"838\" data-end=\"1137\">Eylemin ard\u0131ndan yap\u0131lan polis m\u00fcdahalesiyle 9 gen\u00e7 g\u00f6zalt\u0131na al\u0131nd\u0131.<br data-start=\"932\" data-end=\"935\" \/>G\u00f6zalt\u0131na al\u0131nan gen\u00e7ler, bu sabah saatlerinde mevcutlu olarak Anadolu Adliyesi\u2019ne sevk edildi. Gen\u00e7ler hakk\u0131nda \u201chalk\u0131 kin ve d\u00fc\u015fmanl\u0131\u011fa tahrik\u201d su\u00e7lamas\u0131yla i\u015flem yap\u0131ld\u0131.<\/p>\n<p data-start=\"1139\" data-end=\"1338\">Savc\u0131l\u0131k sorgusunun ard\u0131ndan 9 gen\u00e7ten 4\u2019\u00fc tutuklama, 5\u2019i ise adli kontrol talebiyle Sulh Ceza Hakimli\u011fi\u2019ne sevk edildi.<br data-start=\"1271\" data-end=\"1274\" \/><br \/>\nMahkeme, tutuklama talebiyle sevk edilen 4 genci tutuklad\u0131.<\/p>\n","protected":false},"excerpt":{"rendered":"<p>HABER MERKEZ\u0130 &#8211; D\u00fcn Kad\u0131k\u00f6y\u2019de, Kocaeli\u2019ndeki i\u015f cinayetini protesto eden 9 gen\u00e7 g\u00f6zalt\u0131na al\u0131nm\u0131\u015ft\u0131. G\u00f6zalt\u0131na al\u0131nan gen\u00e7lerden 4\u2019\u00fc \u00e7\u0131kar\u0131ld\u0131klar\u0131 mahkemece tutukland\u0131. Kocaeli&#8217;nin Dilovas\u0131 il\u00e7esinde 2\u2019si \u00e7ocuk 6 i\u015f\u00e7inin hayat\u0131n\u0131 kaybetti\u011fi i\u015f cinayetini protesto eden 9 gen\u00e7 g\u00f6zalt\u0131na al\u0131nm\u0131\u015ft\u0131. G\u00f6zalt\u0131na al\u0131nan gen\u00e7lerden 4\u2019\u00fc \u00e7\u0131kar\u0131ld\u0131klar\u0131 mahkemece tutukland\u0131. D\u00fcn Kad\u0131k\u00f6y Bahariye Caddesi\u2019nde \u201c\u00d6l\u00fcmlerin nedeni holdingci g\u00fc\u00e7ler\u201d pankart\u0131 ile [&hellip;]<\/p>\n","protected":false},"author":2,"featured_media":9034,"comment_status":"open","ping_status":"open","sticky":false,"template":"","format":"standard","meta":{"_jetpack_memberships_contains_paid_content":false,"jnews-multi-image_gallery":[],"jnews_single_post":{"format":"standard","override":[{"template":"1","parallax":"1","fullscreen":"1","layout":"right-sidebar","sidebar":"default-sidebar","second_sidebar":"default-sidebar","sticky_sidebar":"1","share_position":"top","share_float_style":"share-monocrhome","show_featured":"1","show_post_meta":"1","show_post_author_image":"1","show_post_date":"1","post_date_format":"default","post_date_format_custom":"Y\/m\/d","show_post_category":"1","post_reading_time_wpm":"300","post_calculate_word_method":"str_word_count","zoom_button_out_step":"2","zoom_button_in_step":"3","show_post_tag":"1","show_prev_next_post":"1","show_popup_post":"1","number_popup_post":"1","show_author_box":"1","show_post_related":"0","show_inline_post_related":"0"}],"image_override":[{"single_post_thumbnail_size":"crop-500","single_post_gallery_size":"crop-500"}],"trending_post_position":"meta","trending_post_label":"Trending","sponsored_post_label":"Sponsored by","disable_ad":"0","subtitle":""},"jnews_primary_category":[],"jnews_social_meta":[],"jnews_review":[],"enable_review":"","type":"percentage","name":"","summary":"","brand":"","sku":"","good":[],"bad":[],"score_override":"","override_value":"","rating":[],"price":[],"jnews_override_counter":{"view_counter_number":"0","share_counter_number":"0","like_counter_number":"0","dislike_counter_number":"0"},"jnews_post_split":{"post_split":[{"template":"1","tag":"h2","numbering":"asc","mode":"normal","first":"0","enable_toc":"0","toc_type":"normal"}]},"footnotes":""},"categories":[48,51],"tags":[],"class_list":["post-9032","post","type-post","status-publish","format-standard","has-post-thumbnail","hentry","category-genclik","category-guncel"],"jetpack_sharing_enabled":true,"jetpack_featured_media_url":"https:\/\/berru.org\/wp-content\/uploads\/2025\/11\/photo_2025-11-09_22-10-24.jpg","_links":{"self":[{"href":"https:\/\/berru.org\/index.php\/wp-json\/wp\/v2\/posts\/9032","targetHints":{"allow":["GET"]}}],"collection":[{"href":"https:\/\/berru.org\/index.php\/wp-json\/wp\/v2\/posts"}],"about":[{"href":"https:\/\/berru.org\/index.php\/wp-json\/wp\/v2\/types\/post"}],"author":[{"embeddable":true,"href":"https:\/\/berru.org\/index.php\/wp-json\/wp\/v2\/users\/2"}],"replies":[{"embeddable":true,"href":"https:\/\/berru.org\/index.php\/wp-json\/wp\/v2\/comments?post=9032"}],"version-history":[{"count":2,"href":"https:\/\/berru.org\/index.php\/wp-json\/wp\/v2\/posts\/9032\/revisions"}],"predecessor-version":[{"id":9036,"href":"https:\/\/berru.org\/index.php\/wp-json\/wp\/v2\/posts\/9032\/revisions\/9036"}],"wp:featuredmedia":[{"embeddable":true,"href":"https:\/\/berru.org\/index.php\/wp-json\/wp\/v2\/media\/9034"}],"wp:attachment":[{"href":"https:\/\/berru.org\/index.php\/wp-json\/wp\/v2\/media?parent=9032"}],"wp:term":[{"taxonomy":"category","embeddable":true,"href":"https:\/\/berru.org\/index.php\/wp-json\/wp\/v2\/categories?post=9032"},{"taxonomy":"post_tag","embeddable":true,"href":"https:\/\/berru.org\/index.php\/wp-json\/wp\/v2\/tags?post=9032"}],"curies":[{"name":"wp","href":"https:\/\/api.w.org\/{rel}","templated":true}]}}