{"id":9019,"date":"2025-11-07T15:32:59","date_gmt":"2025-11-07T12:32:59","guid":{"rendered":"https:\/\/berru.org\/?p=9019"},"modified":"2025-11-07T15:32:59","modified_gmt":"2025-11-07T12:32:59","slug":"hacettepe-ogrencileri-rojin-kabais-icin-yurudu","status":"publish","type":"post","link":"https:\/\/berru.org\/index.php\/2025\/11\/07\/hacettepe-ogrencileri-rojin-kabais-icin-yurudu\/","title":{"rendered":"Hacettepe \u00d6\u011frencileri Rojin Kabai\u015f \u0130\u00e7in Y\u00fcr\u00fcd\u00fc"},"content":{"rendered":"<p>HABER MERKEZ\u0130- Hacettepe \u00dcniversitesi \u00f6\u011frencileri, \u015f\u00fcpheli \u015fekilde ya\u015fam\u0131n\u0131 yitiren Rojin Kabai\u015f i\u00e7in kamp\u00fcste y\u00fcr\u00fcy\u00fc\u015f d\u00fczenledi. Daha sonra a\u00e7\u0131klama yapan \u00f6\u011frenciler, g\u00fcvenli kamp\u00fcsler talebinde bulundu.<\/p>\n<p data-start=\"86\" data-end=\"395\">Hacettepe \u00dcniversitesi \u00f6\u011frencileri, Van Y\u00fcz\u00fcnc\u00fc Y\u0131l \u00dcniversitesi \u00f6\u011frencisi Rojin Kabai\u015f\u2019in kaybolduktan sonra ya\u015fam\u0131n\u0131 yitirmi\u015f halde bulunmas\u0131na ili\u015fkin kamp\u00fcs i\u00e7indeki Mor Duvar \u00f6n\u00fcnde y\u00fcr\u00fcy\u00fc\u015f d\u00fczenledi. \u00d6\u011frenciler, \u201cG\u00fcvenli kamp\u00fcsler istiyoruz\u201d talebini yineleyerek, adalet ve \u015feffafl\u0131k \u00e7a\u011fr\u0131s\u0131nda bulundu.<\/p>\n<p data-start=\"397\" data-end=\"644\">Y\u00fcr\u00fcy\u00fc\u015f boyunca kat\u0131l\u0131mc\u0131lar \u201cBij\u00ee berxwedana jinan\u201d, \u201cATK koruma DNA\u2019y\u0131 a\u00e7\u0131kla\u201d ve \u201cJin jiyan azad\u00ee\u201d sloganlar\u0131 att\u0131. Eylemde Rojin Kabai\u015f\u2019in foto\u011fraf\u0131 ile \u201c\u00c7i hat ser\u00ea Roj\u00een Kabai\u015f\u00ea\u201d ve \u201cKad\u0131n cinayetlerini durduraca\u011f\u0131z\u201d yaz\u0131l\u0131 d\u00f6vizler ta\u015f\u0131nd\u0131.<\/p>\n<p data-start=\"646\" data-end=\"1040\">A\u00e7\u0131klamada, Rojin Kabai\u015f\u2019in \u015f\u00fcpheli \u00f6l\u00fcm\u00fcyle ilgili sorular\u0131n cevaps\u0131z b\u0131rak\u0131ld\u0131\u011f\u0131 vurguland\u0131: \u201cRojin neden kaybolmas\u0131n\u0131n ard\u0131ndan 18 g\u00fcn boyunca bulunamad\u0131? ATK raporunda iki farkl\u0131 erke\u011fe ait DNA tespit edilmesine ra\u011fmen nas\u0131l \u2018intihar olabilir\u2019 denilerek failler korunuyor? Bu sorular\u0131 cevaps\u0131z b\u0131rakan ATK, ger\u00e7ekleri ortaya \u00e7\u0131karmay\u0131 b\u0131rak\u0131p katilleri koruyan bir aparat haline gelmi\u015ftir.\u201d<\/p>\n<p data-start=\"1042\" data-end=\"1587\">Bas\u0131n a\u00e7\u0131klamas\u0131nda, \u00fcniversiteli kad\u0131nlar\u0131n kamp\u00fcslerde g\u00fcvende hissetmedi\u011fi belirtildi: \u201cD\u00fcn Rojin\u2019in katilleri korundu\u011fu i\u00e7in bug\u00fcn ODT\u00dc\u2019de bir \u00f6\u011frenci, uyu\u015fturucu etkisinde ve elinde b\u0131\u00e7akla kad\u0131nlar\u0131 taciz edebilme g\u00fcc\u00fcn\u00fc buluyor. Mor Duvar\u2019da bulunan \u015eebnem\u2019in y\u00fcz\u00fcn\u00fc karalayanlar bulunmaya \u00e7al\u0131\u015f\u0131lmad\u0131\u011f\u0131 i\u00e7in Hacettepeli kad\u0131nlar kamp\u00fcslerinde g\u00fcvende hissetmiyor. \u00dcniversitelerimiz eli b\u0131\u00e7akl\u0131, palal\u0131, uyu\u015fturucu etkisinde faillerle doluyken, g\u00fcvenle ya\u015famam\u0131z bekleniyor. G\u00fcvenli kamp\u00fcsler istiyoruz ki g\u00fcn ge\u00e7tik\u00e7e say\u0131m\u0131z azalmas\u0131n!\u201d<\/p>\n<p data-start=\"1589\" data-end=\"1872\" data-is-last-node=\"\" data-is-only-node=\"\">A\u00e7\u0131klama \u015fu \u00e7a\u011fr\u0131yla sona erdi: \u201cBiz kayyum rekt\u00f6rler defolsun diyoruz ki tacizci \u00e7eteler okullumuzdan gitsin. Biz, ya\u015famak istiyoruz. Kad\u0131ndan kad\u0131na kader de\u011fil, direni\u015f mirast\u0131r diyoruz. Bizi \u00fczerinden silmek istedi\u011finiz meydanlar\u0131 da, sokaklar\u0131 da, kamp\u00fcsleri de terk etmiyoruz.\u201d<\/p>\n","protected":false},"excerpt":{"rendered":"<p>HABER MERKEZ\u0130- Hacettepe \u00dcniversitesi \u00f6\u011frencileri, \u015f\u00fcpheli \u015fekilde ya\u015fam\u0131n\u0131 yitiren Rojin Kabai\u015f i\u00e7in kamp\u00fcste y\u00fcr\u00fcy\u00fc\u015f d\u00fczenledi. Daha sonra a\u00e7\u0131klama yapan \u00f6\u011frenciler, g\u00fcvenli kamp\u00fcsler talebinde bulundu. Hacettepe \u00dcniversitesi \u00f6\u011frencileri, Van Y\u00fcz\u00fcnc\u00fc Y\u0131l \u00dcniversitesi \u00f6\u011frencisi Rojin Kabai\u015f\u2019in kaybolduktan sonra ya\u015fam\u0131n\u0131 yitirmi\u015f halde bulunmas\u0131na ili\u015fkin kamp\u00fcs i\u00e7indeki Mor Duvar \u00f6n\u00fcnde y\u00fcr\u00fcy\u00fc\u015f d\u00fczenledi. \u00d6\u011frenciler, \u201cG\u00fcvenli kamp\u00fcsler istiyoruz\u201d talebini yineleyerek, adalet [&hellip;]<\/p>\n","protected":false},"author":2,"featured_media":9020,"comment_status":"open","ping_status":"open","sticky":false,"template":"","format":"standard","meta":{"_jetpack_memberships_contains_paid_content":false,"jnews-multi-image_gallery":[],"jnews_single_post":{"subtitle":""},"jnews_primary_category":[],"jnews_social_meta":[],"jnews_review":[],"enable_review":"","type":"","name":"","summary":"","brand":"","sku":"","good":[],"bad":[],"score_override":"","override_value":"","rating":[],"price":[],"jnews_override_counter":[],"jnews_post_split":[],"footnotes":""},"categories":[48,51],"tags":[],"class_list":["post-9019","post","type-post","status-publish","format-standard","has-post-thumbnail","hentry","category-genclik","category-guncel"],"jetpack_sharing_enabled":true,"jetpack_featured_media_url":"https:\/\/berru.org\/wp-content\/uploads\/2025\/11\/690x390cc-ank-07-10-2025-hacettepe-rojin-kabais-eylem.jpg","_links":{"self":[{"href":"https:\/\/berru.org\/index.php\/wp-json\/wp\/v2\/posts\/9019","targetHints":{"allow":["GET"]}}],"collection":[{"href":"https:\/\/berru.org\/index.php\/wp-json\/wp\/v2\/posts"}],"about":[{"href":"https:\/\/berru.org\/index.php\/wp-json\/wp\/v2\/types\/post"}],"author":[{"embeddable":true,"href":"https:\/\/berru.org\/index.php\/wp-json\/wp\/v2\/users\/2"}],"replies":[{"embeddable":true,"href":"https:\/\/berru.org\/index.php\/wp-json\/wp\/v2\/comments?post=9019"}],"version-history":[{"count":1,"href":"https:\/\/berru.org\/index.php\/wp-json\/wp\/v2\/posts\/9019\/revisions"}],"predecessor-version":[{"id":9021,"href":"https:\/\/berru.org\/index.php\/wp-json\/wp\/v2\/posts\/9019\/revisions\/9021"}],"wp:featuredmedia":[{"embeddable":true,"href":"https:\/\/berru.org\/index.php\/wp-json\/wp\/v2\/media\/9020"}],"wp:attachment":[{"href":"https:\/\/berru.org\/index.php\/wp-json\/wp\/v2\/media?parent=9019"}],"wp:term":[{"taxonomy":"category","embeddable":true,"href":"https:\/\/berru.org\/index.php\/wp-json\/wp\/v2\/categories?post=9019"},{"taxonomy":"post_tag","embeddable":true,"href":"https:\/\/berru.org\/index.php\/wp-json\/wp\/v2\/tags?post=9019"}],"curies":[{"name":"wp","href":"https:\/\/api.w.org\/{rel}","templated":true}]}}