{"id":9009,"date":"2025-11-06T20:11:17","date_gmt":"2025-11-06T17:11:17","guid":{"rendered":"https:\/\/berru.org\/?p=9009"},"modified":"2025-11-06T20:11:17","modified_gmt":"2025-11-06T17:11:17","slug":"ankarada-genclik-orgutlerinden-yok-protestosu","status":"publish","type":"post","link":"https:\/\/berru.org\/index.php\/2025\/11\/06\/ankarada-genclik-orgutlerinden-yok-protestosu\/","title":{"rendered":"Ankara\u2019da Gen\u00e7lik \u00d6rg\u00fctlerinden Y\u00d6K Protestosu"},"content":{"rendered":"<p>HABER MERKEZ\u0130-Ankara\u2019da gen\u00e7lik \u00f6rg\u00fctleri, yapt\u0131klar\u0131 a\u00e7\u0131klamada Y\u00d6K\u2019\u00fcn \u00fcniversiteleri bask\u0131 alt\u0131nda tuttu\u011funu ve gen\u00e7lik hareketini hedef ald\u0131\u011f\u0131n\u0131 belirtti. \u00d6\u011frenciler, nitelikli, e\u015fit ve anadilde e\u011fitim hakk\u0131 i\u00e7in m\u00fccadeleyi b\u00fcy\u00fctme \u00e7a\u011fr\u0131s\u0131nda bulundu.<\/p>\n<p>Ankara\u2019daki gen\u00e7lik \u00f6rg\u00fctleri, Y\u00fcksek\u00f6\u011fretim Kurulu\u2019nun (Y\u00d6K) kurulu\u015f y\u0131ld\u00f6n\u00fcm\u00fcnde \u00c7ankaya Belediyesi \u00f6n\u00fcnde bas\u0131n a\u00e7\u0131klamas\u0131 yapt\u0131. \u201cY\u00d6K, kayyum, polis, fa\u015fist \u00e7eteler: Bu abluka da\u011f\u0131t\u0131lacak\u201d pankart\u0131n\u0131n a\u00e7\u0131ld\u0131\u011f\u0131 eylemde, \u201cKayy\u0131mlar gidecek biz kalaca\u011f\u0131z\u201d, \u201cSava\u015fa de\u011fil e\u011fitime b\u00fct\u00e7e\u201d ve \u201cAnadilde e\u011fitim istiyoruz\u201d d\u00f6vizleri ta\u015f\u0131nd\u0131.<\/p>\n<p data-start=\"561\" data-end=\"745\">Eylemde s\u0131k s\u0131k \u201c\u00dcniversiteler bizimdir, bizimle \u00f6zg\u00fcrle\u015fecek\u201d, \u201cBij\u00ee berxwedana ciwanan\u201d, \u201cFa\u015fizme kar\u015f\u0131 omuz omuza\u201d ve \u201cE\u015fit, paras\u0131z, bilimsel, anadilde e\u011fitim\u201d sloganlar\u0131 at\u0131ld\u0131.<\/p>\n<p data-start=\"747\" data-end=\"991\">Gen\u00e7lik \u00f6rg\u00fctleri ad\u0131na konu\u015fan \u015eeyma \u00d6zer, Y\u00d6K\u2019\u00fcn 12 Eyl\u00fcl askeri darbesinin \u00fcr\u00fcn\u00fc oldu\u011funu hat\u0131rlatarak, \u201cY\u00d6K, darbenin ard\u0131ndan \u00fcniversiteleri denetim alt\u0131na almak ve sermayenin ihtiya\u00e7lar\u0131na g\u00f6re yeniden \u015fekillendirmek i\u00e7in kuruldu\u201d dedi.<\/p>\n<p data-start=\"993\" data-end=\"1129\">\u00d6zer, AKP\u2019nin de Y\u00d6K\u2019\u00fc yeniden yap\u0131land\u0131rarak \u00fcniversiteleri \u00f6zelle\u015ftirme ve ticarile\u015ftirme politikalar\u0131n\u0131 derinle\u015ftirdi\u011fini belirtti:<\/p>\n<p data-start=\"993\" data-end=\"1129\">\u201cAKP iktidara geldi\u011fi 2002\u2019de \u00fcniversitelerin \u00f6zelle\u015ftirilmesini, vak\u0131f \u00fcniversitelerinin say\u0131s\u0131n\u0131n art\u0131r\u0131lmas\u0131n\u0131 ve b\u00fcy\u00fck \u00fcniversitelerin b\u00f6l\u00fcnmesini hedefleyen politikalar uygulad\u0131. Bug\u00fcn kamp\u00fcsler ta\u015f\u0131n\u0131yor, alanlar ranta a\u00e7\u0131l\u0131yor. \u0130stanbul \u00dcniversitesi\u2019nin haz\u0131rl\u0131k fak\u00fcltesinin K\u00fc\u00e7\u00fck\u00e7ekmece\u2019ye ta\u015f\u0131nmak istenmesi bunun son \u00f6rne\u011fi.\u201d<\/p>\n<p data-start=\"1472\" data-end=\"1737\">Y\u00d6K\u2019\u00fcn disiplin y\u00f6netmeli\u011finin \u00f6\u011frenci hareketi \u00fczerindeki bask\u0131 arac\u0131 haline geldi\u011fini s\u00f6yleyen \u00d6zer, \u201cHacettepe\u2019de pala ile \u00f6\u011frencilere sald\u0131ranlar hakk\u0131nda soru\u015fturma dahi a\u00e7\u0131lmazken, haklar\u0131 i\u00e7in m\u00fccadele eden \u00f6\u011frencilere soru\u015fturmalar a\u00e7\u0131l\u0131yor\u201d diye konu\u015ftu.<\/p>\n<p data-start=\"1739\" data-end=\"1892\">\u00dcniversite gen\u00e7li\u011finin derinle\u015fen ekonomik kriz ko\u015fullar\u0131nda nitelikli e\u011fitim hakk\u0131na eri\u015femedi\u011fini vurgulayan \u00d6zer, konu\u015fmas\u0131n\u0131 \u015fu s\u00f6zlerle tamamlad\u0131:<\/p>\n<p data-start=\"1739\" data-end=\"1892\">\u201cYemekhane kart\u0131nda 1,40 kuru\u015fla ya\u015famdan kopar\u0131lan Sibel i\u00e7in, tarikat yurdunda ya\u015fam\u0131n\u0131 yitiren Enes i\u00e7in, KYK yurtlar\u0131nda \u00f6ld\u00fcr\u00fclen Zeren ve Kas\u0131m i\u00e7in, Meliha ve Hilal i\u00e7in m\u00fccadele edece\u011fiz. Y\u00d6K d\u00fczenini kabul etmiyoruz; e\u015fit, paras\u0131z, bilimsel ve anadilde e\u011fitim hakk\u0131m\u0131z\u0131 alaca\u011f\u0131z.\u201d<\/p>\n","protected":false},"excerpt":{"rendered":"<p>HABER MERKEZ\u0130-Ankara\u2019da gen\u00e7lik \u00f6rg\u00fctleri, yapt\u0131klar\u0131 a\u00e7\u0131klamada Y\u00d6K\u2019\u00fcn \u00fcniversiteleri bask\u0131 alt\u0131nda tuttu\u011funu ve gen\u00e7lik hareketini hedef ald\u0131\u011f\u0131n\u0131 belirtti. \u00d6\u011frenciler, nitelikli, e\u015fit ve anadilde e\u011fitim hakk\u0131 i\u00e7in m\u00fccadeleyi b\u00fcy\u00fctme \u00e7a\u011fr\u0131s\u0131nda bulundu. Ankara\u2019daki gen\u00e7lik \u00f6rg\u00fctleri, Y\u00fcksek\u00f6\u011fretim Kurulu\u2019nun (Y\u00d6K) kurulu\u015f y\u0131ld\u00f6n\u00fcm\u00fcnde \u00c7ankaya Belediyesi \u00f6n\u00fcnde bas\u0131n a\u00e7\u0131klamas\u0131 yapt\u0131. \u201cY\u00d6K, kayyum, polis, fa\u015fist \u00e7eteler: Bu abluka da\u011f\u0131t\u0131lacak\u201d pankart\u0131n\u0131n a\u00e7\u0131ld\u0131\u011f\u0131 eylemde, \u201cKayy\u0131mlar [&hellip;]<\/p>\n","protected":false},"author":2,"featured_media":9010,"comment_status":"open","ping_status":"open","sticky":false,"template":"","format":"standard","meta":{"_jetpack_memberships_contains_paid_content":false,"jnews-multi-image_gallery":[],"jnews_single_post":{"subtitle":""},"jnews_primary_category":[],"jnews_social_meta":[],"jnews_review":[],"enable_review":"","type":"","name":"","summary":"","brand":"","sku":"","good":[],"bad":[],"score_override":"","override_value":"","rating":[],"price":[],"jnews_override_counter":[],"jnews_post_split":[],"footnotes":""},"categories":[48,51],"tags":[],"class_list":["post-9009","post","type-post","status-publish","format-standard","has-post-thumbnail","hentry","category-genclik","category-guncel"],"jetpack_sharing_enabled":true,"jetpack_featured_media_url":"https:\/\/berru.org\/wp-content\/uploads\/2025\/11\/G5FXce4XIAAyPv9.jpg","_links":{"self":[{"href":"https:\/\/berru.org\/index.php\/wp-json\/wp\/v2\/posts\/9009","targetHints":{"allow":["GET"]}}],"collection":[{"href":"https:\/\/berru.org\/index.php\/wp-json\/wp\/v2\/posts"}],"about":[{"href":"https:\/\/berru.org\/index.php\/wp-json\/wp\/v2\/types\/post"}],"author":[{"embeddable":true,"href":"https:\/\/berru.org\/index.php\/wp-json\/wp\/v2\/users\/2"}],"replies":[{"embeddable":true,"href":"https:\/\/berru.org\/index.php\/wp-json\/wp\/v2\/comments?post=9009"}],"version-history":[{"count":1,"href":"https:\/\/berru.org\/index.php\/wp-json\/wp\/v2\/posts\/9009\/revisions"}],"predecessor-version":[{"id":9011,"href":"https:\/\/berru.org\/index.php\/wp-json\/wp\/v2\/posts\/9009\/revisions\/9011"}],"wp:featuredmedia":[{"embeddable":true,"href":"https:\/\/berru.org\/index.php\/wp-json\/wp\/v2\/media\/9010"}],"wp:attachment":[{"href":"https:\/\/berru.org\/index.php\/wp-json\/wp\/v2\/media?parent=9009"}],"wp:term":[{"taxonomy":"category","embeddable":true,"href":"https:\/\/berru.org\/index.php\/wp-json\/wp\/v2\/categories?post=9009"},{"taxonomy":"post_tag","embeddable":true,"href":"https:\/\/berru.org\/index.php\/wp-json\/wp\/v2\/tags?post=9009"}],"curies":[{"name":"wp","href":"https:\/\/api.w.org\/{rel}","templated":true}]}}