{"id":9001,"date":"2025-11-06T16:13:34","date_gmt":"2025-11-06T13:13:34","guid":{"rendered":"https:\/\/berru.org\/?p=9001"},"modified":"2025-11-06T16:13:34","modified_gmt":"2025-11-06T13:13:34","slug":"bilkent-universitesinde-rojin-kabais-icin-eylem","status":"publish","type":"post","link":"https:\/\/berru.org\/index.php\/2025\/11\/06\/bilkent-universitesinde-rojin-kabais-icin-eylem\/","title":{"rendered":"Bilkent \u00dcniversitesi\u2019nde Rojin Kabai\u015f \u0130\u00e7in Eylem"},"content":{"rendered":"<p><strong>HABER MERKEZ\u0130 &#8211;<\/strong> Bilkent \u00dcniversitesi \u00f6\u011frencileri, Rojin Kabai\u015f\u2019in \u015f\u00fcpheli \u00f6l\u00fcm\u00fcn\u00fcn ayd\u0131nlat\u0131lmas\u0131 i\u00e7in y\u00fcr\u00fcy\u00fc\u015f d\u00fczenledi. \u00d6\u011frenciler, \u201c\u0130stanbul ATK yeni rapor haz\u0131rlas\u0131n. Rojin\u2019in bedeninde bulunan DNA\u2019lar\u0131n kimlere ait oldu\u011fu a\u00e7\u0131klans\u0131n\u201d diye seslendi.<\/p>\n<p>Bilkent \u00dcniversitesi \u00f6\u011frencileri, Rojin Kabai\u015f\u2019in \u015f\u00fcpheli \u00f6l\u00fcm\u00fcn\u00fcn ayd\u0131nlat\u0131lmas\u0131 talebiyle \u00fcniversite kamp\u00fcs\u00fcnde y\u00fcr\u00fcy\u00fc\u015f ger\u00e7ekle\u015ftirdi. \u201cRojin Kabai\u015f intihar etmedi, ATK otopsi g\u00f6r\u00fcnt\u00fclerini saklama\u201d yaz\u0131l\u0131 pankart\u0131n a\u00e7\u0131ld\u0131\u011f\u0131 y\u00fcr\u00fcy\u00fc\u015fte, \u201cKoruma, aklama, katilleri yarg\u0131la\u201d, \u201cRojin Kabai\u015f isyan\u0131m\u0131zd\u0131r\u201d ve \u201cJin, Jiyan, Azad\u00ee\u201d sloganlar\u0131 at\u0131ld\u0131.<\/p>\n<p data-start=\"818\" data-end=\"857\"><strong>\u2018ATK raporu m\u00fccadeleyle al\u0131nm\u0131\u015ft\u0131r\u2019<\/strong><\/p>\n<p data-start=\"859\" data-end=\"1104\">Y\u00fcr\u00fcy\u00fc\u015f\u00fcn ard\u0131ndan kamp\u00fcs i\u00e7erisinde ger\u00e7ekle\u015ftirilen bas\u0131n a\u00e7\u0131klamas\u0131nda konu\u015fan Helin Ber\u00e7em G\u00f6n\u00fcll\u00fc, Rojin Kabai\u015f\u2019in otopsisi yap\u0131lmadan Van Valili\u011fi\u2019nin ve Emniyet M\u00fcd\u00fcr\u00fc\u2019n\u00fcn \u201cintihar\u201d a\u00e7\u0131klamas\u0131 yapmas\u0131na tepki g\u00f6stererek \u015funlar\u0131 s\u00f6yledi:<\/p>\n<p data-start=\"1106\" data-end=\"2063\">\u201cOtopsi raporu 28 g\u00fcn bekletildi, aileyle payla\u015f\u0131lmad\u0131, g\u00f6r\u00fcnt\u00fclerin bulundu\u011fu CD bozuldu. \u2018Rojin intihar etmedi\u2019 diyen payla\u015f\u0131mlar sans\u00fcrlendi; \u00fcniversitede eylem yapan kad\u0131nlar ifadeye \u00e7a\u011fr\u0131ld\u0131 ve polis \u015fiddetiyle kar\u015f\u0131la\u015ft\u0131. Rojin\u2019in midesinde tan\u0131mlanamayan bir s\u0131v\u0131, bedeninde iki erke\u011fin DNA\u2019s\u0131, giysilerinde kendisine ait olmayan bir kad\u0131n kan\u0131 vard\u0131. ATK bir y\u0131l sustu. M\u00fccadelemiz sonucu a\u00e7\u0131klanan raporda, v\u00fccudunun iki yerinde DNA tespit edildi\u011fi ortaya \u00e7\u0131kt\u0131. Adalet Bakanl\u0131\u011f\u0131 olay\u0131 \u2018elim bir hadise\u2019 olarak niteledi. Oysa bu, erkek yarg\u0131n\u0131n ve devletin cezas\u0131zl\u0131k politikalar\u0131n\u0131n sonucudur. ATK raporu, kad\u0131nlar\u0131n m\u00fccadelesiyle dosyaya eklenmi\u015ftir. Soru\u015fturma titizlikle de\u011fil, delil karart\u0131larak y\u00fcr\u00fct\u00fclm\u00fc\u015ft\u00fcr. Mecliste verilen soru \u00f6nergesinin AKP-MHP oylar\u0131yla reddedilmesi, adaletin engellendi\u011fini g\u00f6stermektedir. 2025\u2019in ilk dokuz ay\u0131nda 216 kad\u0131n katledildi, 225 \u015f\u00fcpheli \u00f6l\u00fcm ya\u015fand\u0131. Rojin i\u00e7in adalet sa\u011flanm\u0131yorsa m\u00fcsterih olamay\u0131z.\u201d<\/p>\n<p data-start=\"2070\" data-end=\"2098\"><strong>\u00d6\u011frencilerin Talepleri<\/strong><\/p>\n<p data-start=\"2100\" data-end=\"2204\">Rojin Kabai\u015f i\u00e7in m\u00fccadele edeceklerini dile getiren Helin Ber\u00e7em G\u00f6n\u00fcll\u00fc, taleplerini \u015f\u00f6yle s\u0131ralad\u0131:<\/p>\n<ul data-start=\"2206\" data-end=\"2768\">\n<li data-start=\"2206\" data-end=\"2305\">\n<p data-start=\"2208\" data-end=\"2305\">Van Ba\u015fsavc\u0131l\u0131\u011f\u0131, TCK 102\u2019ye g\u00f6re nitelikli cinsel sald\u0131r\u0131 kapsam\u0131nda soru\u015fturmay\u0131 geni\u015fletsin.<\/p>\n<\/li>\n<li data-start=\"2306\" data-end=\"2384\">\n<p data-start=\"2308\" data-end=\"2384\">Adalet Bakanl\u0131\u011f\u0131, ihmali bulunan t\u00fcm g\u00f6revlileri sorgulas\u0131n ve yarg\u0131las\u0131n.<\/p>\n<\/li>\n<li data-start=\"2385\" data-end=\"2424\">\n<p data-start=\"2387\" data-end=\"2424\">\u0130stanbul ATK yeni rapor haz\u0131rlas\u0131n.<\/p>\n<\/li>\n<li data-start=\"2425\" data-end=\"2496\">\n<p data-start=\"2427\" data-end=\"2496\">Rojin\u2019in bedeninde bulunan DNA\u2019lar\u0131n kimlere ait oldu\u011fu a\u00e7\u0131klans\u0131n.<\/p>\n<\/li>\n<li data-start=\"2497\" data-end=\"2539\">\n<p data-start=\"2499\" data-end=\"2539\">Dosyadaki gizlilik karar\u0131 kald\u0131r\u0131ls\u0131n.<\/p>\n<\/li>\n<li data-start=\"2540\" data-end=\"2598\">\n<p data-start=\"2542\" data-end=\"2598\">Eksik deliller toplans\u0131n ve \u015feffaf bi\u00e7imde a\u00e7\u0131klans\u0131n.<\/p>\n<\/li>\n<li data-start=\"2599\" data-end=\"2641\">\n<p data-start=\"2601\" data-end=\"2641\">Sorumlu ki\u015fi ve kurumlar hesap versin.<\/p>\n<\/li>\n<li data-start=\"2642\" data-end=\"2711\">\n<p data-start=\"2644\" data-end=\"2711\">Devlet, kad\u0131nlar\u0131n ya\u015fam hakk\u0131n\u0131 koruma g\u00f6revini yerine getirsin.<\/p>\n<\/li>\n<li data-start=\"2712\" data-end=\"2768\">\n<p data-start=\"2714\" data-end=\"2768\">Rojin\u2019in ailesine hukuki ve manevi destek sa\u011flans\u0131n.<\/p>\n<\/li>\n<\/ul>\n<p data-start=\"2770\" data-end=\"2877\">A\u00e7\u0131klama, 25 Kas\u0131m Kad\u0131na Y\u00f6nelik \u015eiddete Kar\u015f\u0131 Uluslararas\u0131 M\u00fccadele G\u00fcn\u00fc\u2019ne yap\u0131lan \u00e7a\u011fr\u0131yla son buldu.<\/p>\n","protected":false},"excerpt":{"rendered":"<p>HABER MERKEZ\u0130 &#8211; Bilkent \u00dcniversitesi \u00f6\u011frencileri, Rojin Kabai\u015f\u2019in \u015f\u00fcpheli \u00f6l\u00fcm\u00fcn\u00fcn ayd\u0131nlat\u0131lmas\u0131 i\u00e7in y\u00fcr\u00fcy\u00fc\u015f d\u00fczenledi. \u00d6\u011frenciler, \u201c\u0130stanbul ATK yeni rapor haz\u0131rlas\u0131n. Rojin\u2019in bedeninde bulunan DNA\u2019lar\u0131n kimlere ait oldu\u011fu a\u00e7\u0131klans\u0131n\u201d diye seslendi. Bilkent \u00dcniversitesi \u00f6\u011frencileri, Rojin Kabai\u015f\u2019in \u015f\u00fcpheli \u00f6l\u00fcm\u00fcn\u00fcn ayd\u0131nlat\u0131lmas\u0131 talebiyle \u00fcniversite kamp\u00fcs\u00fcnde y\u00fcr\u00fcy\u00fc\u015f ger\u00e7ekle\u015ftirdi. \u201cRojin Kabai\u015f intihar etmedi, ATK otopsi g\u00f6r\u00fcnt\u00fclerini saklama\u201d yaz\u0131l\u0131 pankart\u0131n a\u00e7\u0131ld\u0131\u011f\u0131 y\u00fcr\u00fcy\u00fc\u015fte, [&hellip;]<\/p>\n","protected":false},"author":2,"featured_media":9005,"comment_status":"open","ping_status":"open","sticky":false,"template":"","format":"standard","meta":{"_jetpack_memberships_contains_paid_content":false,"jnews-multi-image_gallery":[],"jnews_single_post":{"subtitle":""},"jnews_primary_category":[],"jnews_social_meta":[],"jnews_review":[],"enable_review":"","type":"","name":"","summary":"","brand":"","sku":"","good":[],"bad":[],"score_override":"","override_value":"","rating":[],"price":[],"jnews_override_counter":[],"jnews_post_split":[],"footnotes":""},"categories":[51],"tags":[],"class_list":["post-9001","post","type-post","status-publish","format-standard","has-post-thumbnail","hentry","category-guncel"],"jetpack_sharing_enabled":true,"jetpack_featured_media_url":"https:\/\/berru.org\/wp-content\/uploads\/2025\/11\/1000x600cc-ank-06-11-2025-bilkentte-rojin-kabais-eylemi1.jpg","_links":{"self":[{"href":"https:\/\/berru.org\/index.php\/wp-json\/wp\/v2\/posts\/9001","targetHints":{"allow":["GET"]}}],"collection":[{"href":"https:\/\/berru.org\/index.php\/wp-json\/wp\/v2\/posts"}],"about":[{"href":"https:\/\/berru.org\/index.php\/wp-json\/wp\/v2\/types\/post"}],"author":[{"embeddable":true,"href":"https:\/\/berru.org\/index.php\/wp-json\/wp\/v2\/users\/2"}],"replies":[{"embeddable":true,"href":"https:\/\/berru.org\/index.php\/wp-json\/wp\/v2\/comments?post=9001"}],"version-history":[{"count":1,"href":"https:\/\/berru.org\/index.php\/wp-json\/wp\/v2\/posts\/9001\/revisions"}],"predecessor-version":[{"id":9006,"href":"https:\/\/berru.org\/index.php\/wp-json\/wp\/v2\/posts\/9001\/revisions\/9006"}],"wp:featuredmedia":[{"embeddable":true,"href":"https:\/\/berru.org\/index.php\/wp-json\/wp\/v2\/media\/9005"}],"wp:attachment":[{"href":"https:\/\/berru.org\/index.php\/wp-json\/wp\/v2\/media?parent=9001"}],"wp:term":[{"taxonomy":"category","embeddable":true,"href":"https:\/\/berru.org\/index.php\/wp-json\/wp\/v2\/categories?post=9001"},{"taxonomy":"post_tag","embeddable":true,"href":"https:\/\/berru.org\/index.php\/wp-json\/wp\/v2\/tags?post=9001"}],"curies":[{"name":"wp","href":"https:\/\/api.w.org\/{rel}","templated":true}]}}