{"id":8981,"date":"2025-11-05T09:51:24","date_gmt":"2025-11-05T06:51:24","guid":{"rendered":"https:\/\/berru.org\/?p=8981"},"modified":"2025-11-05T09:51:24","modified_gmt":"2025-11-05T06:51:24","slug":"zihniyet-devrimi-bizi-basariya-ulastiracaktir","status":"publish","type":"post","link":"https:\/\/berru.org\/index.php\/2025\/11\/05\/zihniyet-devrimi-bizi-basariya-ulastiracaktir\/","title":{"rendered":"\u201cZihniyet Devrimi Bizi Ba\u015far\u0131ya Ula\u015ft\u0131racakt\u0131r\u201d"},"content":{"rendered":"<p data-start=\"141\" data-end=\"512\"><strong data-start=\"141\" data-end=\"158\">HABER MERKEZ\u0130<\/strong> \u2013 Wan&#8217;da ger\u00e7ekle\u015ftirilen \u00f6\u011frenci konferans\u0131na kat\u0131lan Dicle \u00dcniversitesi \u00f6\u011frencisi Berat \u00d6zdemir, \u00f6\u011frencilerin demokratik toplumun in\u015fas\u0131nda daha aktif yer almas\u0131 gerekti\u011fini belirtti.<\/p>\n<p data-start=\"514\" data-end=\"725\">Wan&#8217;da Demokratik \u00d6\u011frenci Birli\u011fi&#8217;nin d\u00fczenledi\u011fi \u00f6\u011frenci konferans\u0131n\u0131n i\u00e7eri\u011fi hakk\u0131nda ajans\u0131m\u0131za konu\u015fan Dicle \u00dcniversitesi \u00f6\u011frencisi Berat \u00d6zdemir, demokratik toplumun in\u015fas\u0131 i\u00e7in zihniyet de\u011fi\u015fimi yap\u0131lmas\u0131 gerekti\u011fini vurgulad\u0131.<\/p>\n<p>Konferans\u0131n amac\u0131n\u0131n, geli\u015fen s\u00fcrecin \u00f6\u011frenci gen\u00e7lik taraf\u0131ndan do\u011fru anla\u015f\u0131lmas\u0131 ve ortak bir bilincin olu\u015fturulmas\u0131 oldu\u011funu ifade eden \u00d6zdemir, \u015f\u00f6yle devam etti:<br data-start=\"805\" data-end=\"808\" \/>\u201cS\u00fcre\u00e7 ba\u015flad\u0131ktan sonra belli bireysel tart\u0131\u015fmalar ya\u015fan\u0131yor, bireysel kararla\u015fmalar ya\u015fan\u0131yor, belli bir boyutta iradele\u015fme de var; ancak bunun yeterince toplumsalla\u015fmamas\u0131ndan kaynakl\u0131 hedeflenen bilin\u00e7 de\u011fi\u015fimi ya\u015fanm\u0131yor. Bundan kaynakl\u0131 da beklenen toplumsal de\u011fi\u015fim ger\u00e7ekle\u015fmiyor. Biz biraz da bu ihtiya\u00e7tan kaynakl\u0131 olarak konferans yapmay\u0131 uygun bulduk.\u201d<\/p>\n<p>K\u00fcrdistan&#8217;daki \u00fcniversitelerden konferansa \u00e7ok say\u0131da \u00f6\u011frencinin kat\u0131ld\u0131\u011f\u0131na de\u011finen \u00d6zdemir, demokratik toplumun \u00f6nc\u00fc g\u00fcc\u00fcn\u00fcn \u00f6\u011frenci gen\u00e7lik oldu\u011funu ve bu konuda tart\u0131\u015fmalar y\u00fcr\u00fctt\u00fcklerini belirtti:<br data-start=\"1377\" data-end=\"1380\" \/>\u201cKonferansa t\u00fcm Bakur\u2019daki \u00fcniversitelerden yurtsever \u00f6\u011frenciler kat\u0131ld\u0131. \u00d6\u011frencilerin hem \u00fcniversite i\u00e7inde hem de kamp\u00fcslerde ya\u015fad\u0131\u011f\u0131 sorunlar\u0131 tart\u0131\u015fabilece\u011fi; bununla ortak karar ve g\u00f6revlendirmeye gidilen bir konferans yapt\u0131k. Demokratik toplumun in\u015fac\u0131s\u0131 \u00f6\u011frenci gen\u00e7liktir diyorsak, o h\u00e2lde demokratik topluma nas\u0131l ula\u015fabiliriz, burada demokratik topluma ula\u015fmadaki emek ve yolda\u015fl\u0131k ruhunu derinli\u011fine tart\u0131\u015fabildik diyebilirim.\u201d<\/p>\n<p>Konferansta yol ve y\u00f6ntem konusunda da ortak bir fikre ula\u015ft\u0131klar\u0131n\u0131 belirten \u00d6zdemir, yurt ve kamp\u00fcslerde ya\u015fanan problemleri de\u011ferlendirdiklerini ve \u00e7\u00f6z\u00fcm \u00f6nerileri ortaya koyduklar\u0131n\u0131 ifade etti:<br data-start=\"2021\" data-end=\"2024\" \/>\u201cVe burada mesela demokratik topluma ula\u015f\u0131lacak yolda\u015fl\u0131k ruhu nas\u0131l olmal\u0131? Yol ve y\u00f6ntemler nas\u0131l olmal\u0131? \u00d6\u011frenciler aras\u0131ndaki kom\u00fcn ruhu ve buradaki emek boyutu nas\u0131l olmal\u0131 konusunda belli kararlar ald\u0131k ve g\u00f6revler koyduk \u00f6n\u00fcm\u00fcze. Ayn\u0131 zamanda \u00fcniversitelerde, kamp\u00fcslerde ve yurtlarda \u00f6\u011frencilerin ya\u015fad\u0131\u011f\u0131 problemleri tart\u0131\u015ft\u0131k ve bunlara \u00e7\u00f6z\u00fcm \u00f6nerileri geli\u015ftirdik. Her arkada\u015f kendi g\u00f6r\u00fc\u015flerini payla\u015ft\u0131, belli bir boyutta tart\u0131\u015fmalar y\u00fcr\u00fct\u00fcld\u00fc.\u201d<\/p>\n<p>\u00dcniversitelerde ya\u015fanan cinsiyet\u00e7ilik, cinsiyet\u00e7i e\u011fitim ve anadil \u00fczerindeki k\u00fclt\u00fcrel soyk\u0131r\u0131m politikalar\u0131 \u00fczerinde de durduklar\u0131n\u0131 belirten \u00d6zdemir,<br \/>\nasimilasyon politikalar\u0131na kar\u015f\u0131 t\u00fcm \u00fcniversitelerde m\u00fccadelenin geli\u015ftirilece\u011fini ifade etti:<br data-start=\"2731\" data-end=\"2734\" \/>\u201cK\u00fclt\u00fcrel soyk\u0131r\u0131m ve anadil \u00fczerindeki asimilasyon politikalar\u0131n\u0131 engellemek i\u00e7in t\u00fcm \u00fcniversitelerde neler yap\u0131labilir? Burada ortak politika olarak ne yap\u0131labilir, bunlar\u0131 etrafl\u0131ca tart\u0131\u015ft\u0131k. Bu tart\u0131\u015fmalar sonucunda anadilde e\u011fitim talebiyle t\u00fcm \u00fcniversitelerde \u00e7al\u0131\u015fmalar yapmay\u0131 hedefliyoruz.\u201d<\/p>\n<p>Son olarak, \u00f6\u011frenci gen\u00e7li\u011fin toplumsal rol\u00fcn\u00fc belirlemek ve m\u00fccadeleyi \u00f6rg\u00fctlemek gerekti\u011fini ifade eden \u00d6zdemir, konu\u015fmas\u0131n\u0131 \u015fu \u015fekilde sonland\u0131rd\u0131:<br data-start=\"3188\" data-end=\"3191\" \/>\u201cToplumsal in\u015fa, bilin\u00e7 ve zihniyet de\u011fi\u015fimiyle olur. Bu temelde ger\u00e7ekle\u015ftirece\u011fimiz zihniyet devrimi bizi ba\u015far\u0131ya ula\u015ft\u0131racakt\u0131r diyebilirim.\u201d<\/p>\n<p>&nbsp;<\/p>\n","protected":false},"excerpt":{"rendered":"<p>HABER MERKEZ\u0130 \u2013 Wan&#8217;da ger\u00e7ekle\u015ftirilen \u00f6\u011frenci konferans\u0131na kat\u0131lan Dicle \u00dcniversitesi \u00f6\u011frencisi Berat \u00d6zdemir, \u00f6\u011frencilerin demokratik toplumun in\u015fas\u0131nda daha aktif yer almas\u0131 gerekti\u011fini belirtti. Wan&#8217;da Demokratik \u00d6\u011frenci Birli\u011fi&#8217;nin d\u00fczenledi\u011fi \u00f6\u011frenci konferans\u0131n\u0131n i\u00e7eri\u011fi hakk\u0131nda ajans\u0131m\u0131za konu\u015fan Dicle \u00dcniversitesi \u00f6\u011frencisi Berat \u00d6zdemir, demokratik toplumun in\u015fas\u0131 i\u00e7in zihniyet de\u011fi\u015fimi yap\u0131lmas\u0131 gerekti\u011fini vurgulad\u0131. Konferans\u0131n amac\u0131n\u0131n, geli\u015fen s\u00fcrecin \u00f6\u011frenci gen\u00e7lik taraf\u0131ndan [&hellip;]<\/p>\n","protected":false},"author":2,"featured_media":8989,"comment_status":"open","ping_status":"open","sticky":false,"template":"","format":"standard","meta":{"_jetpack_memberships_contains_paid_content":false,"jnews-multi-image_gallery":[],"jnews_single_post":{"format":"standard","override":[{"template":"1","parallax":"1","fullscreen":"1","layout":"right-sidebar","sidebar":"default-sidebar","second_sidebar":"default-sidebar","sticky_sidebar":"1","share_position":"top","share_float_style":"share-monocrhome","show_featured":"1","show_post_meta":"1","show_post_author_image":"1","show_post_date":"1","post_date_format":"default","post_date_format_custom":"Y\/m\/d","show_post_category":"1","post_reading_time_wpm":"300","post_calculate_word_method":"str_word_count","zoom_button_out_step":"2","zoom_button_in_step":"3","show_post_tag":"1","show_prev_next_post":"1","show_popup_post":"1","number_popup_post":"1","show_author_box":"1","show_post_related":"0","show_inline_post_related":"0"}],"image_override":[{"single_post_thumbnail_size":"crop-500","single_post_gallery_size":"crop-500"}],"trending_post_position":"meta","trending_post_label":"Trending","sponsored_post_label":"Sponsored by","disable_ad":"0","subtitle":""},"jnews_primary_category":[],"jnews_social_meta":[],"jnews_review":[],"enable_review":"","type":"percentage","name":"","summary":"","brand":"","sku":"","good":[],"bad":[],"score_override":"","override_value":"","rating":[],"price":[],"jnews_override_counter":{"view_counter_number":"0","share_counter_number":"0","like_counter_number":"0","dislike_counter_number":"0"},"jnews_post_split":{"post_split":[{"template":"1","tag":"h2","numbering":"asc","mode":"normal","first":"0","enable_toc":"0","toc_type":"normal"}]},"footnotes":""},"categories":[47],"tags":[],"class_list":["post-8981","post","type-post","status-publish","format-standard","has-post-thumbnail","hentry","category-roportaj"],"jetpack_sharing_enabled":true,"jetpack_featured_media_url":"https:\/\/berru.org\/wp-content\/uploads\/2025\/11\/Sequence-01.00_00_02_13.Still001-1.png","_links":{"self":[{"href":"https:\/\/berru.org\/index.php\/wp-json\/wp\/v2\/posts\/8981","targetHints":{"allow":["GET"]}}],"collection":[{"href":"https:\/\/berru.org\/index.php\/wp-json\/wp\/v2\/posts"}],"about":[{"href":"https:\/\/berru.org\/index.php\/wp-json\/wp\/v2\/types\/post"}],"author":[{"embeddable":true,"href":"https:\/\/berru.org\/index.php\/wp-json\/wp\/v2\/users\/2"}],"replies":[{"embeddable":true,"href":"https:\/\/berru.org\/index.php\/wp-json\/wp\/v2\/comments?post=8981"}],"version-history":[{"count":1,"href":"https:\/\/berru.org\/index.php\/wp-json\/wp\/v2\/posts\/8981\/revisions"}],"predecessor-version":[{"id":8990,"href":"https:\/\/berru.org\/index.php\/wp-json\/wp\/v2\/posts\/8981\/revisions\/8990"}],"wp:featuredmedia":[{"embeddable":true,"href":"https:\/\/berru.org\/index.php\/wp-json\/wp\/v2\/media\/8989"}],"wp:attachment":[{"href":"https:\/\/berru.org\/index.php\/wp-json\/wp\/v2\/media?parent=8981"}],"wp:term":[{"taxonomy":"category","embeddable":true,"href":"https:\/\/berru.org\/index.php\/wp-json\/wp\/v2\/categories?post=8981"},{"taxonomy":"post_tag","embeddable":true,"href":"https:\/\/berru.org\/index.php\/wp-json\/wp\/v2\/tags?post=8981"}],"curies":[{"name":"wp","href":"https:\/\/api.w.org\/{rel}","templated":true}]}}