{"id":8962,"date":"2025-11-02T18:35:51","date_gmt":"2025-11-02T15:35:51","guid":{"rendered":"https:\/\/berru.org\/?p=8962"},"modified":"2025-11-02T18:48:56","modified_gmt":"2025-11-02T15:48:56","slug":"wanda-ogrenci-konferansi","status":"publish","type":"post","link":"https:\/\/berru.org\/index.php\/2025\/11\/02\/wanda-ogrenci-konferansi\/","title":{"rendered":"Wan&#8217;da \u00d6\u011frenci Konferans\u0131"},"content":{"rendered":"<p>HABER MERKEZ\u0130- Wan\u2019da konferansta bir araya gelen \u00f6\u011frenciler, \u00fcniversitelerde artan siyasal bask\u0131 politikalar\u0131n\u0131, ekonomik zorluklar\u0131 ve m\u00fccadele y\u00f6ntemlerini tart\u0131\u015ft\u0131. Bas\u0131na kapal\u0131 yap\u0131lan konferans\u0131n i\u00e7eri\u011finin daha sonra sonu\u00e7 bildirgesiyle a\u00e7\u0131klanaca\u011f\u0131 belirtildi.<\/p>\n<p data-start=\"206\" data-end=\"551\">Demokratik \u00d6\u011frenci Birli\u011fi, \u201cK\u00f6klerinle Diren, De\u011fi\u015fimi Ba\u015flat\u201d \u015fiar\u0131yla Wan&#8217;da bulunan Berivan K\u00fclt\u00fcr Merkezi\u2019nde konferans d\u00fczenledi. D\u00f6rt oturum halinde yap\u0131lan konferansta, \u00f6\u011frenci gen\u00e7li\u011fin toplumsal rol\u00fc, \u00fcniversitelerdeki yap\u0131sal sorunlar, cinsiyet e\u015fitsizli\u011fi ve anadilde e\u011fitim hakk\u0131 konular\u0131nda tart\u0131\u015fmalar y\u00fcr\u00fct\u00fcld\u00fc.<\/p>\n<p data-start=\"935\" data-end=\"1366\">D\u00f6rt oturumdan olu\u015fan konferans\u0131n ilk b\u00f6l\u00fcm\u00fc, \u201c\u00d6\u011frenci Gen\u00e7li\u011fin \u00d6nc\u00fcl\u00fc\u011f\u00fc\u201d ba\u015fl\u0131\u011f\u0131yla yap\u0131ld\u0131. Bu oturumda, gen\u00e7li\u011fin toplumsal de\u011fi\u015fimdeki tarihsel rol\u00fc, d\u00f6nemin politik atmosferi ve \u00fcniversitelerin d\u00f6n\u00fc\u015f\u00fcm\u00fcnde \u00f6\u011frenci hareketinin etkisi \u00fczerine tart\u0131\u015fmalar y\u00fcr\u00fct\u00fcld\u00fc. Konu\u015fmac\u0131lar, \u00f6\u011frenci gen\u00e7li\u011fin yaln\u0131zca e\u011fitim alan\u0131nda de\u011fil, ayn\u0131 zamanda ya\u015fam\u0131n t\u00fcm alanlar\u0131nda \u00f6nc\u00fcl bir role sahip oldu\u011funu vurgulad\u0131.<\/p>\n<p data-start=\"1368\" data-end=\"1732\">\u0130kinci oturum olan \u201c\u00d6zerk \u00dcniversiteler ve Kamp\u00fcsler\u201d b\u00f6l\u00fcm\u00fcnde, \u00fcniversitelerdeki yap\u0131sal sorunlar, nitelikli e\u011fitim hakk\u0131, yurt ve yemekhane yetersizlikleri ile ekonomik kriz kar\u015f\u0131s\u0131nda \u00f6\u011frencilerin ya\u015fad\u0131\u011f\u0131 zorluklar ele al\u0131nd\u0131. Kat\u0131l\u0131mc\u0131lar, \u00fcniversitelerin siyasi ve idari bask\u0131lardan ba\u011f\u0131ms\u0131z, demokratik i\u015fleyi\u015fe sahip olmas\u0131 gerekti\u011fini dile getirdi.<\/p>\n<p data-start=\"1734\" data-end=\"2115\">\u00dc\u00e7\u00fcnc\u00fc oturumda, \u201cCinsiyet\u00e7ilik ve Cinsiyet\u00e7i E\u011fitim\u201d ba\u015fl\u0131\u011f\u0131 alt\u0131nda s\u00f6z alan \u00f6\u011frenciler, kamp\u00fcslerde ve toplumsal ya\u015famda kar\u015f\u0131la\u015ft\u0131klar\u0131 cinsiyet temelli e\u015fitsizlikleri, \u015fiddet ve tacizlere y\u00f6nelik cezas\u0131zl\u0131k politikalar\u0131n\u0131 g\u00fcndeme getirdi. Tart\u0131\u015fmalarda, kad\u0131n \u00f6zg\u00fcrl\u00fck m\u00fccadelesinin \u00f6\u011frenci hareketinin ayr\u0131lmaz bir par\u00e7as\u0131 oldu\u011funa vurgu yap\u0131ld\u0131.<\/p>\n<p data-start=\"2117\" data-end=\"2494\">Son oturum, \u201cAnadilde E\u011fitim ve Asimilasyon\u201d ba\u015fl\u0131\u011f\u0131yla ger\u00e7ekle\u015ftirildi. Bu b\u00f6l\u00fcmde, anadilde e\u011fitim hakk\u0131n\u0131n engellenmesi, k\u00fclt\u00fcrel asimilasyon politikalar\u0131n\u0131n etkileri ve kimlik m\u00fccadelesinin e\u011fitim alan\u0131ndaki yans\u0131malar\u0131 konu\u015fuldu. Kat\u0131l\u0131mc\u0131lar, anadilin bir ileti\u015fim arac\u0131 olmaktan \u00f6teye, kimli\u011fin ve toplumsal belle\u011fin ta\u015f\u0131y\u0131c\u0131s\u0131 oldu\u011funa dikkat \u00e7ekti.<\/p>\n<p data-start=\"2496\" data-end=\"2857\">Konferans boyunca \u00f6\u011frenciler, farkl\u0131 alanlardaki m\u00fccadele deneyimlerini payla\u015farak ortak bir m\u00fccadele hatt\u0131 olu\u015fturman\u0131n \u00f6nemine dikkat \u00e7ekti. Ortak tart\u0131\u015fmalar sonucunda, \u00f6\u011frenci hareketinin dayan\u0131\u015fma zeminini g\u00fc\u00e7lendirmek, kamp\u00fcslerde demokratik \u00f6rg\u00fctlenmeyi yayg\u0131nla\u015ft\u0131rmak ve bask\u0131 politikalar\u0131na kar\u015f\u0131 ortak bir eylem hatt\u0131 geli\u015ftirme konusunda ortak bir tutum geli\u015ftirildi.<\/p>\n<p data-start=\"2859\" data-end=\"3008\">Demokratik \u00d6\u011frenci Birli\u011fi, bas\u0131na kapal\u0131 yap\u0131lan konferansta \u00f6ne \u00e7\u0131kan tart\u0131\u015fma ve \u00f6nerilerin \u00f6n\u00fcm\u00fczdeki g\u00fcnlerde sonu\u00e7 bildirgesiyle kamuoyuna a\u00e7\u0131klanaca\u011f\u0131n\u0131 belirtti.<\/p>\n","protected":false},"excerpt":{"rendered":"<p>HABER MERKEZ\u0130- Wan\u2019da konferansta bir araya gelen \u00f6\u011frenciler, \u00fcniversitelerde artan siyasal bask\u0131 politikalar\u0131n\u0131, ekonomik zorluklar\u0131 ve m\u00fccadele y\u00f6ntemlerini tart\u0131\u015ft\u0131. Bas\u0131na kapal\u0131 yap\u0131lan konferans\u0131n i\u00e7eri\u011finin daha sonra sonu\u00e7 bildirgesiyle a\u00e7\u0131klanaca\u011f\u0131 belirtildi. Demokratik \u00d6\u011frenci Birli\u011fi, \u201cK\u00f6klerinle Diren, De\u011fi\u015fimi Ba\u015flat\u201d \u015fiar\u0131yla Wan&#8217;da bulunan Berivan K\u00fclt\u00fcr Merkezi\u2019nde konferans d\u00fczenledi. D\u00f6rt oturum halinde yap\u0131lan konferansta, \u00f6\u011frenci gen\u00e7li\u011fin toplumsal rol\u00fc, \u00fcniversitelerdeki [&hellip;]<\/p>\n","protected":false},"author":2,"featured_media":8969,"comment_status":"open","ping_status":"open","sticky":false,"template":"","format":"standard","meta":{"_jetpack_memberships_contains_paid_content":false,"jnews-multi-image_gallery":[],"jnews_single_post":{"subtitle":"","format":"standard","override":[{"template":"1","parallax":"1","fullscreen":"1","layout":"right-sidebar","sidebar":"default-sidebar","second_sidebar":"default-sidebar","sticky_sidebar":"1","share_position":"top","share_float_style":"share-monocrhome","show_featured":"1","show_post_meta":"1","show_post_author_image":"1","show_post_date":"1","post_date_format":"default","post_date_format_custom":"Y\/m\/d","show_post_category":"1","post_reading_time_wpm":"300","post_calculate_word_method":"str_word_count","zoom_button_out_step":"2","zoom_button_in_step":"3","show_post_tag":"1","show_prev_next_post":"1","show_popup_post":"1","number_popup_post":"1","show_author_box":"1","show_post_related":"0","show_inline_post_related":"0"}],"image_override":[{"single_post_thumbnail_size":"crop-500","single_post_gallery_size":"crop-500"}],"trending_post_position":"meta","trending_post_label":"Trending","sponsored_post_label":"Sponsored by","disable_ad":"0"},"jnews_primary_category":[],"jnews_social_meta":[],"jnews_review":[],"enable_review":"","type":"percentage","name":"","summary":"","brand":"","sku":"","good":[],"bad":[],"score_override":"","override_value":"","rating":[],"price":[],"jnews_override_counter":{"view_counter_number":"0","share_counter_number":"0","like_counter_number":"0","dislike_counter_number":"0"},"jnews_post_split":{"post_split":[{"template":"1","tag":"h2","numbering":"asc","mode":"normal","first":"0","enable_toc":"0","toc_type":"normal"}]},"footnotes":""},"categories":[48,51],"tags":[],"class_list":["post-8962","post","type-post","status-publish","format-standard","has-post-thumbnail","hentry","category-genclik","category-guncel"],"jetpack_sharing_enabled":true,"jetpack_featured_media_url":"https:\/\/berru.org\/wp-content\/uploads\/2025\/11\/photo_2025-11-02_18-04-58.jpg","_links":{"self":[{"href":"https:\/\/berru.org\/index.php\/wp-json\/wp\/v2\/posts\/8962","targetHints":{"allow":["GET"]}}],"collection":[{"href":"https:\/\/berru.org\/index.php\/wp-json\/wp\/v2\/posts"}],"about":[{"href":"https:\/\/berru.org\/index.php\/wp-json\/wp\/v2\/types\/post"}],"author":[{"embeddable":true,"href":"https:\/\/berru.org\/index.php\/wp-json\/wp\/v2\/users\/2"}],"replies":[{"embeddable":true,"href":"https:\/\/berru.org\/index.php\/wp-json\/wp\/v2\/comments?post=8962"}],"version-history":[{"count":4,"href":"https:\/\/berru.org\/index.php\/wp-json\/wp\/v2\/posts\/8962\/revisions"}],"predecessor-version":[{"id":8973,"href":"https:\/\/berru.org\/index.php\/wp-json\/wp\/v2\/posts\/8962\/revisions\/8973"}],"wp:featuredmedia":[{"embeddable":true,"href":"https:\/\/berru.org\/index.php\/wp-json\/wp\/v2\/media\/8969"}],"wp:attachment":[{"href":"https:\/\/berru.org\/index.php\/wp-json\/wp\/v2\/media?parent=8962"}],"wp:term":[{"taxonomy":"category","embeddable":true,"href":"https:\/\/berru.org\/index.php\/wp-json\/wp\/v2\/categories?post=8962"},{"taxonomy":"post_tag","embeddable":true,"href":"https:\/\/berru.org\/index.php\/wp-json\/wp\/v2\/tags?post=8962"}],"curies":[{"name":"wp","href":"https:\/\/api.w.org\/{rel}","templated":true}]}}