{"id":8953,"date":"2025-11-03T09:39:09","date_gmt":"2025-11-03T06:39:09","guid":{"rendered":"https:\/\/berru.org\/?p=8953"},"modified":"2025-11-03T09:39:09","modified_gmt":"2025-11-03T06:39:09","slug":"teori-ile-pratigin-kesistigi-devrimci-che-guevara","status":"publish","type":"post","link":"https:\/\/berru.org\/index.php\/2025\/11\/03\/teori-ile-pratigin-kesistigi-devrimci-che-guevara\/","title":{"rendered":"Teori ile Prati\u011fin Kesi\u015fti\u011fi Devrimci: Che Guevara"},"content":{"rendered":"<p data-start=\"225\" data-end=\"495\">Ernesto Che Guevara denildi\u011finde ilk akla gelen, K\u00fcba Devrimi\u2019dir. Oysa Che Guevara, K\u00fcba Devrimi ba\u015far\u0131ld\u0131ktan sonra da pek \u00e7ok \u00fclkede emperyalizme kar\u015f\u0131 m\u00fccadele etmi\u015ftir. Daha \u00e7ok bir gerilla komutan\u0131 olarak bilinse de, o ayn\u0131 zamanda bir sosyalist teorisyendir.<\/p>\n<p data-start=\"851\" data-end=\"1193\">Che Guevara, bilindi\u011fi \u00fczere kendisini bir Marksist olarak tan\u0131mlar. Fakat Che Guevara\u2019n\u0131n d\u00fc\u015f\u00fcncelerinde belki de \u00f6ne \u00e7\u0131kan en \u00f6nemli \u00f6zellik, Marksizm\u2019i yaln\u0131zca kitaplardan de\u011fil; kendi ya\u015fam deneyimlerinden, halk\u0131n yoksullu\u011fundan, ya\u015fad\u0131\u011f\u0131 yerlerdeki emperyalistlerin s\u00f6m\u00fcr\u00fcs\u00fcnden \u00f6\u011frenmi\u015f olmas\u0131d\u0131r.<\/p>\n<p data-start=\"1195\" data-end=\"1641\">Che Guevara, bu deneyimleri \u00fcniversiteden mezun olduktan sonra ve b\u00f6lge \u00fclkelerini dola\u015f\u0131rken ya\u015fam\u0131\u015f, bunlar\u0131 ba\u015fkalar\u0131yla payla\u015fm\u0131\u015ft\u0131r. O, Marksizm-Leninizm\u2019in ger\u00e7ek bir toplumun in\u015fas\u0131na b\u00fcrokratik ve mekanik bir tarzda uygulanmas\u0131 d\u00fc\u015f\u00fcncesini kabul etmiyordu. Marksizm-Leninizm\u2019i bir sistem i\u00e7inde bir kal\u0131p olarak alman\u0131n ve onu de\u011fi\u015fmez bir ger\u00e7ek olarak g\u00f6rmenin mutlak bir dogmatizmden ba\u015fka bir \u015fey olmad\u0131\u011f\u0131n\u0131 biliyordu.<\/p>\n<p data-start=\"1643\" data-end=\"1994\">Che Guevara, devrimin insanlar\u0131n ve insanlar aras\u0131ndaki toplumsal ili\u015fkilerdeki gelenek ve al\u0131\u015fkanl\u0131klar\u0131n da k\u00f6kl\u00fc bir bi\u00e7imde de\u011fi\u015fmesi gerekti\u011fini d\u00fc\u015f\u00fcnm\u00fc\u015ft\u00fcr. Bir devrimin ancak yeni insan\u0131 olu\u015fturdu\u011fu \u00f6l\u00e7\u00fcde ger\u00e7ekle\u015febilece\u011fini savunmu\u015ftur.<\/p>\n<p data-start=\"1996\" data-end=\"2273\">Che Guevara\u2019n\u0131n d\u00fc\u015f\u00fcncesine g\u00f6re, ger\u00e7ek devrimciler t\u00fcm ya\u015famlar\u0131n\u0131 devrimci \u00e7al\u0131\u015fmaya adamal\u0131d\u0131r. Bu insanlar, yeni g\u00fcne devrim i\u00e7in uyanmal\u0131d\u0131r. Bu, ger\u00e7ek anlam\u0131yla devrim taraf\u0131ndan ayd\u0131nlanan ve dikkatli, d\u00fc\u015f\u00fcnceli bir tarzda \u00e7al\u0131\u015fan bir devrimcinin en \u00f6nemli niteli\u011fidir.<\/p>\n<p data-start=\"2275\" data-end=\"2448\">Devrimciler i\u00e7in en b\u00fcy\u00fck zorluk, toplumsal \u00e7evrenin geli\u015ftirilmesi ve de\u011fi\u015ftirilmesi i\u00e7in sistem taraf\u0131ndan yarat\u0131lm\u0131\u015f kendi duygular\u0131ndan ve alg\u0131lar\u0131ndan kurtulabilmektir. Yani sistem etkilerini a\u015fmakt\u0131r.<\/p>\n<p data-start=\"2450\" data-end=\"3030\">Che Guevara\u2019n\u0131n gen\u00e7lerin toplumsal rol\u00fcyle ilgili tan\u0131m da olduk\u00e7a dikkat \u00e7ekici ve \u00f6nemlidir.<\/p>\n<p data-start=\"2450\" data-end=\"3030\">Ona g\u00f6re, gen\u00e7ler yeni insan\u0131n yarat\u0131lmas\u0131nda \u00e7ok \u00f6nemli rol oynarlar. Gen\u00e7ler bir sosyalist olmaktan gurur duymal\u0131 ve belli bir anda, belli bir yerde ideallerini ortaya koymaya haz\u0131r olmal\u0131d\u0131rlar. Herhangi bir sorun ya da adaletsizlik kar\u015f\u0131s\u0131nda duyarl\u0131 olmal\u0131, her zaman sahip olduklar\u0131yla yetinmemelidirler. Bilmediklerini ara\u015ft\u0131rmak, \u00f6\u011frenmek i\u00e7in haz\u0131r olmal\u0131; bilgilerini zenginle\u015ftirmek i\u00e7in yeni bilgileri almal\u0131 ve \u00f6\u011frenmelidirler.<\/p>\n<p data-start=\"3032\" data-end=\"3207\">B\u00fct\u00fcn toplumsal hareketler ve \u00f6nc\u00fc \u00f6rg\u00fctlenmelerin, en se\u00e7kin insanlar\u0131 bir araya getirmesini d\u00fc\u015f\u00fcnen Che Guevara\u2019n\u0131n, kadronun misyonuna ili\u015fkin tan\u0131mlamas\u0131 ise bug\u00fcn i\u00e7in de ge\u00e7erlidir:<\/p>\n<p data-start=\"3032\" data-end=\"3207\">\u201cKadro, ideolojik motorun en \u00f6nemli par\u00e7as\u0131d\u0131r. Bu motorun dinamik bir vidas\u0131 olarak adland\u0131rabilece\u011fimiz bir \u015feydir; i\u015flevsel par\u00e7a oldu\u011fu s\u00fcrece bir vida, do\u011fru i\u015flevini yerine getirecektir. Kadronun dinamikli\u011finin \u00f6l\u00e7\u00fcs\u00fc, onun yaln\u0131zca sloganlar\u0131 ya da talepleri a\u015fa\u011f\u0131ya ya da yukar\u0131ya basit\u00e7e aktaran bir arac\u0131 olmamas\u0131; tam tersine, kitlelerin geli\u015fmesine ve liderlerin bilgisine yard\u0131mc\u0131 olan bir yarat\u0131c\u0131 olmas\u0131d\u0131r.\u201d<\/p>\n<p data-start=\"3032\" data-end=\"3207\">\u201cBir devrimci, sosyalizmin in\u015fas\u0131n\u0131n d\u00fcnya \u00f6l\u00e7e\u011finde tamamlanmas\u0131na kadar, hi\u00e7 durmayan eylemiyle kendisini \u00e7aba i\u00e7inde g\u00f6ren devrimin ideolojik motor g\u00fcc\u00fcd\u00fcr. E\u011fer onun devrimci co\u015fkusu, acil g\u00f6revler b\u00f6lgesel d\u00fczeyde yerine getirildi\u011finde k\u00f6rle\u015fir ve bu devrimci, devrimci proletarya enternasyonalizmini unutursa; onun \u00f6nderlik etti\u011fi devrim esinlendirici bir g\u00fc\u00e7 olmaktan \u00e7\u0131kacak ve devrimci, amans\u0131z d\u00fc\u015fman\u0131m\u0131z emperyalizmin \u00e7ok iyi yararlanaca\u011f\u0131 uyu\u015fturucu bir rehavete g\u00f6m\u00fclecektir. Proletarya enternasyonalizmi bir g\u00f6revdir; ancak ayn\u0131 zamanda o, devrimci bir zorunluluktur. Dolay\u0131s\u0131yla halk\u0131m\u0131z\u0131 bu y\u00f6nde e\u011fitiyoruz!\u201d<\/p>\n<p data-start=\"4265\" data-end=\"4452\">Che Gueavara\u2019n\u0131n yukar\u0131daki sat\u0131rlardaki devrim ve devrimciye bak\u0131\u015f a\u00e7\u0131s\u0131 pek \u00e7ok solcu \u00e7evreden farkl\u0131d\u0131r. Tabii Che Guevara, s\u00f6ylediklerine ve savunduklar\u0131na g\u00f6re ya\u015famay\u0131 bilmesi y\u00f6n\u00fcyle de farkl\u0131 bir \u00f6nderdir.<\/p>\n<p data-start=\"4454\" data-end=\"4844\">Che Guevara&#8217;n\u0131n enternasyonalizm anlay\u0131\u015f\u0131, her \u015feyden \u00f6nce, insanl\u0131\u011f\u0131 bask\u0131 ve adaletsizlikten kurtarmak i\u00e7in verilen m\u00fccadelede uluslararas\u0131 dayan\u0131\u015fma ve birli\u011fin ger\u00e7ekle\u015ftirilmesidir. Ona g\u00f6re bu, toplumsal kurtulu\u015f i\u00e7in son derece \u00f6nemlidir. Kurtulu\u015fun sa\u011flanmas\u0131 bir s\u00fcre\u00e7 olay\u0131d\u0131r ve bu s\u00fcre\u00e7 zorlu, engebeli bir s\u00fcre\u00e7tir. O nedenle Che Guevara, devrim s\u00fcrecini a\u015famal\u0131 de\u011fil, kesintisiz bir s\u00fcre\u00e7 olarak \u00f6ng\u00f6r\u00fcr ve savunur.<\/p>\n<p data-start=\"4454\" data-end=\"4844\">Geleneksel kom\u00fcnist partiler, \u2018demokratik\u2019 ve \u2018anti-emperyalist\u2019 ittifaklar arac\u0131l\u0131\u011f\u0131yla \u2018milli burjuvazilerin\u2019 deste\u011fini alarak \u00f6nce demokratik bir devrim, ard\u0131ndan sosyalizme ge\u00e7i\u015f stratejisini benimserken; Che Gueavara, bunun aksine, K\u00fcba devriminin de verdi\u011fi dersle ulusal kurtulu\u015ftan sosyalist devrime do\u011fru kesintisiz bir devrimi \u00f6ng\u00f6ren stratejisiyle de yerle\u015fik sosyalist politikadan ayr\u0131lan bir \u00e7izgi geli\u015ftirir.<\/p>\n<p data-start=\"4846\" data-end=\"5410\">\u00d6te yandan K\u00fcbal\u0131 devrimciler, Sierra Maestra\u2019da silahl\u0131 m\u00fccadeleyi s\u00fcrd\u00fcrd\u00fckleri s\u0131rada olu\u015fturduklar\u0131 her bir gerilla birimini, m\u00fccadeleyi tutu\u015fturan bir merkez \u2014bir <em data-start=\"5252\" data-end=\"5258\">foco<\/em>\u2014 olarak adland\u0131rm\u0131\u015flard\u0131. <em data-start=\"5285\" data-end=\"5291\">Foco<\/em> \u0130spanyolcada \u201caskeri \u00fcss\u201d anlam\u0131na gelir.<\/p>\n<p data-start=\"5412\" data-end=\"5845\">Che Guevara&#8217;ya g\u00f6re devrimin \u00f6nc\u00fc g\u00fcc\u00fc \u201cfoco\u201dlar olmal\u0131d\u0131r. Focolar, hem siyasi hem de askeri m\u00fccadeleyi birbirinden ay\u0131rmadan y\u00fcr\u00fctmelidir. Halk ordusunun \u00e7ekirde\u011fi focolard\u0131r. Gerilla g\u00fcc\u00fc, tohum halinde bulunan partidir. Gitti\u011fi her yere parti d\u00fc\u015f\u00fcncesini ve eylemini g\u00f6t\u00fcrmekle sorumludur. Yani gerilla ve silahl\u0131 m\u00fccadele salt bir kuru zor de\u011fil; toplumun i\u00e7ine giren, \u00f6nc\u00fcl\u00fck eden gerillan\u0131n toplumu ayd\u0131nlat\u0131p d\u00f6n\u00fc\u015ft\u00fcrme \u00e7abas\u0131n\u0131n arac\u0131d\u0131r.<\/p>\n<p data-start=\"5847\" data-end=\"6217\">Che Guevara\u2019ya ili\u015fkin vurgulayaca\u011f\u0131m\u0131z son nokta, bug\u00fcn eksikli\u011fi ve ihtiyac\u0131 hissedilen devrimci dayan\u0131\u015fman\u0131n en g\u00fc\u00e7l\u00fc uygulay\u0131c\u0131s\u0131 olmas\u0131d\u0131r. \u00d6rne\u011fin, K\u00fcba Devrimi\u2019nden sonra y\u00fczlerce K\u00fcbal\u0131, \u201cCarlotta Harek\u00e2t\u0131\u201dyla Angola\u2019da emperyalizmle sava\u015fmaya gittiler. Yine Bolivya\u2019da ayn\u0131s\u0131 oldu. Daha sonra farkl\u0131 \u00fclkelerde de bu ya\u015fanm\u0131\u015f olsa da, g\u00fcn\u00fcm\u00fcze do\u011fru bu yakla\u015f\u0131m gittik\u00e7e zay\u0131flam\u0131\u015ft\u0131r.<\/p>\n<p data-start=\"6219\" data-end=\"6397\">Sonu\u00e7 olarak Che Guevara, ba\u015fta devrimci dayan\u0131\u015fma yakla\u015f\u0131m\u0131 olmak \u00fczere belirtti\u011fimiz her hususta \u00f6nemle \u00fczerinde durulmay\u0131 ve g\u00fcn\u00fcm\u00fcz ko\u015fullar\u0131nda \u00f6rnek al\u0131nmay\u0131 gerektiriyor.<\/p>\n","protected":false},"excerpt":{"rendered":"<p>Ernesto Che Guevara denildi\u011finde ilk akla gelen, K\u00fcba Devrimi\u2019dir. Oysa Che Guevara, K\u00fcba Devrimi ba\u015far\u0131ld\u0131ktan sonra da pek \u00e7ok \u00fclkede emperyalizme kar\u015f\u0131 m\u00fccadele etmi\u015ftir. Daha \u00e7ok bir gerilla komutan\u0131 olarak bilinse de, o ayn\u0131 zamanda bir sosyalist teorisyendir. Che Guevara, bilindi\u011fi \u00fczere kendisini bir Marksist olarak tan\u0131mlar. Fakat Che Guevara\u2019n\u0131n d\u00fc\u015f\u00fcncelerinde belki de \u00f6ne \u00e7\u0131kan [&hellip;]<\/p>\n","protected":false},"author":2,"featured_media":8975,"comment_status":"open","ping_status":"open","sticky":false,"template":"","format":"standard","meta":{"_jetpack_memberships_contains_paid_content":false,"jnews-multi-image_gallery":[],"jnews_single_post":{"format":"standard","override":[{"template":"1","parallax":"1","fullscreen":"1","layout":"right-sidebar","sidebar":"default-sidebar","second_sidebar":"default-sidebar","sticky_sidebar":"1","share_position":"top","share_float_style":"share-monocrhome","show_featured":"1","show_post_meta":"1","show_post_author_image":"1","show_post_date":"1","post_date_format":"default","post_date_format_custom":"Y\/m\/d","show_post_category":"1","post_reading_time_wpm":"300","post_calculate_word_method":"str_word_count","zoom_button_out_step":"2","zoom_button_in_step":"3","show_post_tag":"1","show_prev_next_post":"1","show_popup_post":"1","number_popup_post":"1","show_author_box":"1","show_post_related":"0","show_inline_post_related":"0"}],"image_override":[{"single_post_thumbnail_size":"crop-500","single_post_gallery_size":"crop-500"}],"trending_post_position":"meta","trending_post_label":"Trending","sponsored_post_label":"Sponsored by","disable_ad":"0","subtitle":""},"jnews_primary_category":[],"jnews_social_meta":[],"jnews_review":[],"enable_review":"","type":"percentage","name":"","summary":"","brand":"","sku":"","good":[],"bad":[],"score_override":"","override_value":"","rating":[],"price":[],"jnews_override_counter":{"view_counter_number":"0","share_counter_number":"0","like_counter_number":"0","dislike_counter_number":"0"},"jnews_post_split":{"post_split":[{"template":"1","tag":"h2","numbering":"asc","mode":"normal","first":"0","enable_toc":"0","toc_type":"normal"}]},"footnotes":""},"categories":[46],"tags":[],"class_list":["post-8953","post","type-post","status-publish","format-standard","has-post-thumbnail","hentry","category-ozel-dosya"],"jetpack_sharing_enabled":true,"jetpack_featured_media_url":"https:\/\/berru.org\/wp-content\/uploads\/2025\/11\/photo-1440X810-59551-1.jpg","_links":{"self":[{"href":"https:\/\/berru.org\/index.php\/wp-json\/wp\/v2\/posts\/8953","targetHints":{"allow":["GET"]}}],"collection":[{"href":"https:\/\/berru.org\/index.php\/wp-json\/wp\/v2\/posts"}],"about":[{"href":"https:\/\/berru.org\/index.php\/wp-json\/wp\/v2\/types\/post"}],"author":[{"embeddable":true,"href":"https:\/\/berru.org\/index.php\/wp-json\/wp\/v2\/users\/2"}],"replies":[{"embeddable":true,"href":"https:\/\/berru.org\/index.php\/wp-json\/wp\/v2\/comments?post=8953"}],"version-history":[{"count":1,"href":"https:\/\/berru.org\/index.php\/wp-json\/wp\/v2\/posts\/8953\/revisions"}],"predecessor-version":[{"id":8976,"href":"https:\/\/berru.org\/index.php\/wp-json\/wp\/v2\/posts\/8953\/revisions\/8976"}],"wp:featuredmedia":[{"embeddable":true,"href":"https:\/\/berru.org\/index.php\/wp-json\/wp\/v2\/media\/8975"}],"wp:attachment":[{"href":"https:\/\/berru.org\/index.php\/wp-json\/wp\/v2\/media?parent=8953"}],"wp:term":[{"taxonomy":"category","embeddable":true,"href":"https:\/\/berru.org\/index.php\/wp-json\/wp\/v2\/categories?post=8953"},{"taxonomy":"post_tag","embeddable":true,"href":"https:\/\/berru.org\/index.php\/wp-json\/wp\/v2\/tags?post=8953"}],"curies":[{"name":"wp","href":"https:\/\/api.w.org\/{rel}","templated":true}]}}