{"id":8934,"date":"2025-10-30T16:30:16","date_gmt":"2025-10-30T13:30:16","guid":{"rendered":"https:\/\/berru.org\/?p=8934"},"modified":"2025-10-30T16:47:22","modified_gmt":"2025-10-30T13:47:22","slug":"wanda-ogrenciler-konferansta-bulusuyor","status":"publish","type":"post","link":"https:\/\/berru.org\/index.php\/2025\/10\/30\/wanda-ogrenciler-konferansta-bulusuyor\/","title":{"rendered":"Wan\u2019da \u00d6\u011frenciler Konferansta Bulu\u015fuyor"},"content":{"rendered":"<p>HABER MERKEZ\u0130- Wan\u2019da Demokratik \u00d6\u011frenci Birli\u011fi, 2 Kas\u0131m&#8217;da konferans d\u00fczenleyecek. Konferansta \u00f6\u011frenci gen\u00e7li\u011fin kar\u015f\u0131 kar\u015f\u0131ya kald\u0131\u011f\u0131 sorunlar, bu sorunlara kar\u015f\u0131 geli\u015ftirilecek \u00e7\u00f6z\u00fcm yollar\u0131 ve m\u00fccadele perspektifleri tart\u0131\u015f\u0131lacak.<\/p>\n<p>&#8221;K\u00f6klerinle Diren, De\u011fi\u015fimi Ba\u015flat&#8221; \u015fiar\u0131yla yap\u0131lacak konferans, d\u00f6rt ana ba\u015fl\u0131k alt\u0131nda ger\u00e7ekle\u015ftirilecek. \u201c\u00d6\u011frenci Gen\u00e7li\u011fin \u00d6nc\u00fcl\u00fc\u011f\u00fc\u201d, \u201c\u00d6zerk \u00dcniversiteler ve Kamp\u00fcsler\u201d, \u201cCinsiyet\u00e7ilik ve Cinsiyet\u00e7i E\u011fitim\u201d ile \u201cAnadilde E\u011fitim ve Asimilasyon\u201d ba\u015fl\u0131klar\u0131yla yap\u0131lacak oturumlarda, \u00f6\u011frenciler farkl\u0131 alanlardaki m\u00fccadele deneyimlerini payla\u015facak.<\/p>\n<p>Konferans\u0131n ilk b\u00f6l\u00fcm\u00fcnde, \u00f6nc\u00fcl\u00fck misyonu ve gen\u00e7li\u011fin toplumsal sorunlara kar\u015f\u0131 rol\u00fc tart\u0131\u015f\u0131lacak.<\/p>\n<p>\u0130kinci b\u00f6l\u00fcmde, \u00fcniversite ya\u015fam\u0131nda kar\u015f\u0131la\u015f\u0131lan yap\u0131sal sorunlar tart\u0131\u015f\u0131lacak. Nitelikli e\u011fitim hakk\u0131, \u00f6zg\u00fcr ve \u00f6zerk akademi, ekonomik zorluklar, yurt sorunlar\u0131, yemekhane ve ula\u015f\u0131m konular\u0131 g\u00fcndeme gelecek.<\/p>\n<p>\u00dc\u00e7\u00fcnc\u00fc b\u00f6l\u00fcmde, gen\u00e7 kad\u0131nlar\u0131n ya\u015fad\u0131\u011f\u0131 cinsiyet temelli e\u015fitsizlikler ele al\u0131nacak. E\u011fitimden toplumsal ya\u015fama gen\u00e7 kad\u0131nlar\u0131n maruz kald\u0131\u011f\u0131 cinsiyet\u00e7i politikalar ve toplumsal e\u015fitsizlikler \u00fczerine tart\u0131\u015fmalar y\u00fcr\u00fct\u00fclecek<\/p>\n<p>Konferans\u0131n son b\u00f6l\u00fcm\u00fcnde, anadilde e\u011fitim hakk\u0131 ve k\u00fclt\u00fcrel kimlik konular\u0131 ele al\u0131nacak. K\u00fcrt dili ve k\u00fclt\u00fcr\u00fc \u00fczerindeki bask\u0131lar ve m\u00fccadele y\u00f6ntemleri tart\u0131\u015f\u0131lacak.<\/p>\n<p>Konferans, 2 Kas\u0131m&#8217;da Wan&#8217;da bulunan Berivan K\u00fclt\u00fcr Merkezinde ger\u00e7ekle\u015ftirilecek.<\/p>\n","protected":false},"excerpt":{"rendered":"<p>HABER MERKEZ\u0130- Wan\u2019da Demokratik \u00d6\u011frenci Birli\u011fi, 2 Kas\u0131m&#8217;da konferans d\u00fczenleyecek. Konferansta \u00f6\u011frenci gen\u00e7li\u011fin kar\u015f\u0131 kar\u015f\u0131ya kald\u0131\u011f\u0131 sorunlar, bu sorunlara kar\u015f\u0131 geli\u015ftirilecek \u00e7\u00f6z\u00fcm yollar\u0131 ve m\u00fccadele perspektifleri tart\u0131\u015f\u0131lacak. &#8221;K\u00f6klerinle Diren, De\u011fi\u015fimi Ba\u015flat&#8221; \u015fiar\u0131yla yap\u0131lacak konferans, d\u00f6rt ana ba\u015fl\u0131k alt\u0131nda ger\u00e7ekle\u015ftirilecek. \u201c\u00d6\u011frenci Gen\u00e7li\u011fin \u00d6nc\u00fcl\u00fc\u011f\u00fc\u201d, \u201c\u00d6zerk \u00dcniversiteler ve Kamp\u00fcsler\u201d, \u201cCinsiyet\u00e7ilik ve Cinsiyet\u00e7i E\u011fitim\u201d ile \u201cAnadilde E\u011fitim ve Asimilasyon\u201d [&hellip;]<\/p>\n","protected":false},"author":2,"featured_media":8936,"comment_status":"open","ping_status":"open","sticky":false,"template":"","format":"standard","meta":{"_jetpack_memberships_contains_paid_content":false,"jnews-multi-image_gallery":[],"jnews_single_post":{"subtitle":"","format":"standard","override":[{"template":"1","parallax":"1","fullscreen":"1","layout":"right-sidebar","sidebar":"default-sidebar","second_sidebar":"default-sidebar","sticky_sidebar":"1","share_position":"top","share_float_style":"share-monocrhome","show_featured":"1","show_post_meta":"1","show_post_author_image":"1","show_post_date":"1","post_date_format":"default","post_date_format_custom":"Y\/m\/d","show_post_category":"1","post_reading_time_wpm":"300","post_calculate_word_method":"str_word_count","zoom_button_out_step":"2","zoom_button_in_step":"3","show_post_tag":"1","show_prev_next_post":"1","show_popup_post":"1","number_popup_post":"1","show_author_box":"1","show_post_related":"0","show_inline_post_related":"0"}],"image_override":[{"single_post_thumbnail_size":"crop-500","single_post_gallery_size":"crop-500"}],"trending_post_position":"meta","trending_post_label":"Trending","sponsored_post_label":"Sponsored by","disable_ad":"0"},"jnews_primary_category":[],"jnews_social_meta":[],"jnews_review":[],"enable_review":"","type":"percentage","name":"","summary":"","brand":"","sku":"","good":[],"bad":[],"score_override":"","override_value":"","rating":[],"price":[],"jnews_override_counter":{"view_counter_number":"0","share_counter_number":"0","like_counter_number":"0","dislike_counter_number":"0"},"jnews_post_split":{"post_split":[{"template":"1","tag":"h2","numbering":"asc","mode":"normal","first":"0","enable_toc":"0","toc_type":"normal"}]},"footnotes":""},"categories":[48,51],"tags":[],"class_list":["post-8934","post","type-post","status-publish","format-standard","has-post-thumbnail","hentry","category-genclik","category-guncel"],"jetpack_sharing_enabled":true,"jetpack_featured_media_url":"https:\/\/berru.org\/wp-content\/uploads\/2025\/10\/photo_2025-10-30_15-09-39.jpg","_links":{"self":[{"href":"https:\/\/berru.org\/index.php\/wp-json\/wp\/v2\/posts\/8934","targetHints":{"allow":["GET"]}}],"collection":[{"href":"https:\/\/berru.org\/index.php\/wp-json\/wp\/v2\/posts"}],"about":[{"href":"https:\/\/berru.org\/index.php\/wp-json\/wp\/v2\/types\/post"}],"author":[{"embeddable":true,"href":"https:\/\/berru.org\/index.php\/wp-json\/wp\/v2\/users\/2"}],"replies":[{"embeddable":true,"href":"https:\/\/berru.org\/index.php\/wp-json\/wp\/v2\/comments?post=8934"}],"version-history":[{"count":4,"href":"https:\/\/berru.org\/index.php\/wp-json\/wp\/v2\/posts\/8934\/revisions"}],"predecessor-version":[{"id":8942,"href":"https:\/\/berru.org\/index.php\/wp-json\/wp\/v2\/posts\/8934\/revisions\/8942"}],"wp:featuredmedia":[{"embeddable":true,"href":"https:\/\/berru.org\/index.php\/wp-json\/wp\/v2\/media\/8936"}],"wp:attachment":[{"href":"https:\/\/berru.org\/index.php\/wp-json\/wp\/v2\/media?parent=8934"}],"wp:term":[{"taxonomy":"category","embeddable":true,"href":"https:\/\/berru.org\/index.php\/wp-json\/wp\/v2\/categories?post=8934"},{"taxonomy":"post_tag","embeddable":true,"href":"https:\/\/berru.org\/index.php\/wp-json\/wp\/v2\/tags?post=8934"}],"curies":[{"name":"wp","href":"https:\/\/api.w.org\/{rel}","templated":true}]}}