{"id":7878,"date":"2025-08-10T21:09:22","date_gmt":"2025-08-10T18:09:22","guid":{"rendered":"https:\/\/berru.org\/?p=7878"},"modified":"2025-08-10T21:14:47","modified_gmt":"2025-08-10T18:14:47","slug":"izmirde-ozgur-kultur-sanat-dernegi-acildi","status":"publish","type":"post","link":"https:\/\/berru.org\/index.php\/2025\/08\/10\/izmirde-ozgur-kultur-sanat-dernegi-acildi\/","title":{"rendered":"\u0130zmir\u2019de \u00d6zg\u00fcr K\u00fclt\u00fcr Sanat Derne\u011fi A\u00e7\u0131ld\u0131"},"content":{"rendered":"<p>HABER MERKEZ\u0130- \u00c7ok dilli, \u00e7ok k\u00fclt\u00fcrl\u00fc ve her ya\u015ftan yurtta\u015fa hizmet vermek \u00fczere \u0130zmir\u2019de \u00d6zg\u00fcr K\u00fclt\u00fcr Derne\u011fi a\u00e7\u0131l\u0131\u015f\u0131n\u0131 ger\u00e7ekle\u015ftirdi.<\/p>\n<p>\u00d6zg\u00fcr K\u00fclt\u00fcr ve Sanat Derne\u011fi Aziz Vukolos Kilisesinde d\u00fczenledi\u011fi konser ile a\u00e7\u0131l\u0131\u015f\u0131n\u0131 duyurdu. A\u00e7\u0131l\u0131\u015f 8 A\u011fustos 2009\u2019da hayat\u0131n\u0131 kaybeden sanat\u00e7\u0131 Aram Tigran\u2019a ithaf edildi. K\u00fcrt\u00e7e T\u00fcrk\u00e7e ger\u00e7ekle\u015ftirilen a\u00e7\u0131l\u0131\u015f konu\u015fmas\u0131n\u0131 dernek \u00fcyelerinden Dilba \u00c7elebi ve Belk\u0131sa S\u00fcleymano\u011flu ger\u00e7ekle\u015ftirdi. Yo\u011fun kat\u0131l\u0131m\u0131n ger\u00e7ekle\u015fti\u011fi konserde m\u00fczisyenler alk\u0131\u015f ve \u0131sl\u0131klarla kar\u015f\u0131land\u0131.<\/p>\n<p>Dilba \u00c7elebi ve Belk\u0131sa S\u00fcleymano\u011flu, en \u00f6nemli g\u00fcc\u00fcn halklar\u0131n birlikteli\u011fi oldu\u011funu ve \u0130zmir\u2019de de halklarla beraber y\u00fcr\u00fcyeceklerini ifade ederek \u015funlar\u0131 s\u00f6yledi: \u201c\u00d6zg\u00fcr K\u00fclt\u00fcr Sanat Derne\u011fi olarak t\u00fcm halklar\u0131n k\u00fclt\u00fcrlere inan\u00e7lar\u0131 ve sanatlar\u0131yla yan yana gelmesi ortakla\u015farak yol almas\u0131d\u0131r. Buradaki t\u00fcm halklarla el ele verip k\u00fclt\u00fcr ve sanat alan\u0131nda \u00e7al\u0131\u015fmalar y\u00fcr\u00fctece\u011fiz. K\u00fclt\u00fcrlerin ya\u015fat\u0131lmas\u0131na vesile olaca\u011f\u0131z. Yurt i\u00e7i ve yurtd\u0131\u015f\u0131 projelerle k\u00fclt\u00fcrel \u00e7al\u0131\u015fmalar\u0131 destekleyecek her ya\u015ftan ve her k\u00f6kenden insan\u0131n kendi k\u00fclt\u00fcr\u00fcn\u00fc \u00f6zg\u00fcrce ya\u015fatabilmesi i\u00e7in imkan sa\u011flayaca\u011f\u0131z. Birle\u015fen b\u00fct\u00fcn k\u00fclt\u00fcrlerin ortak eme\u011fi ile ortaya \u00e7\u0131kan \u00f6zg\u00fcr sanat \u00e7al\u0131\u015fmalar\u0131na \u00fclke geneline yayaca\u011f\u0131z ve \u00f6rnek al\u0131nmas\u0131na \u00e7al\u0131\u015faca\u011f\u0131z.&#8221;<\/p>\n<p>Konser 8 A\u011fustosta hayat\u0131n\u0131 kaybeden sanat\u00e7\u0131 Aram Tigran\u2019a ithaf edildi. Konserde \u015eilal \u00d6ner, Koma Agire Zerde\u015ft, Rojkar, Koma Avaze Welat sahne ald\u0131.<\/p>\n<p><strong>\u00a0Kaynak: MA<\/strong><\/p>\n","protected":false},"excerpt":{"rendered":"<p>HABER MERKEZ\u0130- \u00c7ok dilli, \u00e7ok k\u00fclt\u00fcrl\u00fc ve her ya\u015ftan yurtta\u015fa hizmet vermek \u00fczere \u0130zmir\u2019de \u00d6zg\u00fcr K\u00fclt\u00fcr Derne\u011fi a\u00e7\u0131l\u0131\u015f\u0131n\u0131 ger\u00e7ekle\u015ftirdi. \u00d6zg\u00fcr K\u00fclt\u00fcr ve Sanat Derne\u011fi Aziz Vukolos Kilisesinde d\u00fczenledi\u011fi konser ile a\u00e7\u0131l\u0131\u015f\u0131n\u0131 duyurdu. A\u00e7\u0131l\u0131\u015f 8 A\u011fustos 2009\u2019da hayat\u0131n\u0131 kaybeden sanat\u00e7\u0131 Aram Tigran\u2019a ithaf edildi. K\u00fcrt\u00e7e T\u00fcrk\u00e7e ger\u00e7ekle\u015ftirilen a\u00e7\u0131l\u0131\u015f konu\u015fmas\u0131n\u0131 dernek \u00fcyelerinden Dilba \u00c7elebi ve Belk\u0131sa S\u00fcleymano\u011flu [&hellip;]<\/p>\n","protected":false},"author":2,"featured_media":7880,"comment_status":"open","ping_status":"open","sticky":false,"template":"","format":"standard","meta":{"_jetpack_memberships_contains_paid_content":false,"jnews-multi-image_gallery":[],"jnews_single_post":{"format":"standard","override":[{"template":"1","parallax":"1","fullscreen":"1","layout":"right-sidebar","sidebar":"default-sidebar","second_sidebar":"default-sidebar","sticky_sidebar":"1","share_position":"top","share_float_style":"share-monocrhome","show_featured":"1","show_post_meta":"1","show_post_author_image":"1","show_post_date":"1","post_date_format":"default","post_date_format_custom":"Y\/m\/d","show_post_category":"1","post_reading_time_wpm":"300","post_calculate_word_method":"str_word_count","zoom_button_out_step":"2","zoom_button_in_step":"3","show_post_tag":"1","show_prev_next_post":"1","show_popup_post":"1","number_popup_post":"1","show_author_box":"1","show_post_related":"0","show_inline_post_related":"0"}],"image_override":[{"single_post_thumbnail_size":"crop-500","single_post_gallery_size":"crop-500"}],"trending_post_position":"meta","trending_post_label":"Trending","sponsored_post_label":"Sponsored by","disable_ad":"0","subtitle":""},"jnews_primary_category":[],"jnews_social_meta":[],"jnews_review":[],"enable_review":"","type":"percentage","name":"","summary":"","brand":"","sku":"","good":[],"bad":[],"score_override":"","override_value":"","rating":[],"price":[],"jnews_override_counter":{"view_counter_number":"0","share_counter_number":"0","like_counter_number":"0","dislike_counter_number":"0"},"jnews_post_split":{"post_split":[{"template":"1","tag":"h2","numbering":"asc","mode":"normal","first":"0","enable_toc":"0","toc_type":"normal"}]},"footnotes":""},"categories":[51,44],"tags":[],"class_list":["post-7878","post","type-post","status-publish","format-standard","has-post-thumbnail","hentry","category-guncel","category-kultur-sanat"],"jetpack_sharing_enabled":true,"jetpack_featured_media_url":"https:\/\/berru.org\/wp-content\/uploads\/2025\/08\/690x390cc-izm-10-08-2025-ozgur-kultur-dernegi-acilis5-1.jpg","_links":{"self":[{"href":"https:\/\/berru.org\/index.php\/wp-json\/wp\/v2\/posts\/7878","targetHints":{"allow":["GET"]}}],"collection":[{"href":"https:\/\/berru.org\/index.php\/wp-json\/wp\/v2\/posts"}],"about":[{"href":"https:\/\/berru.org\/index.php\/wp-json\/wp\/v2\/types\/post"}],"author":[{"embeddable":true,"href":"https:\/\/berru.org\/index.php\/wp-json\/wp\/v2\/users\/2"}],"replies":[{"embeddable":true,"href":"https:\/\/berru.org\/index.php\/wp-json\/wp\/v2\/comments?post=7878"}],"version-history":[{"count":4,"href":"https:\/\/berru.org\/index.php\/wp-json\/wp\/v2\/posts\/7878\/revisions"}],"predecessor-version":[{"id":7884,"href":"https:\/\/berru.org\/index.php\/wp-json\/wp\/v2\/posts\/7878\/revisions\/7884"}],"wp:featuredmedia":[{"embeddable":true,"href":"https:\/\/berru.org\/index.php\/wp-json\/wp\/v2\/media\/7880"}],"wp:attachment":[{"href":"https:\/\/berru.org\/index.php\/wp-json\/wp\/v2\/media?parent=7878"}],"wp:term":[{"taxonomy":"category","embeddable":true,"href":"https:\/\/berru.org\/index.php\/wp-json\/wp\/v2\/categories?post=7878"},{"taxonomy":"post_tag","embeddable":true,"href":"https:\/\/berru.org\/index.php\/wp-json\/wp\/v2\/tags?post=7878"}],"curies":[{"name":"wp","href":"https:\/\/api.w.org\/{rel}","templated":true}]}}