{"id":7870,"date":"2025-08-10T16:19:14","date_gmt":"2025-08-10T13:19:14","guid":{"rendered":"https:\/\/berru.org\/?p=7870"},"modified":"2025-08-10T16:20:54","modified_gmt":"2025-08-10T13:20:54","slug":"amedte-ogrenci-calistayi","status":"publish","type":"post","link":"https:\/\/berru.org\/index.php\/2025\/08\/10\/amedte-ogrenci-calistayi\/","title":{"rendered":"Amed&#8217;te \u00d6\u011frenci \u00c7al\u0131\u015ftay\u0131"},"content":{"rendered":"<p><strong>HABER MERKEZ\u0130- <\/strong>Amed\u2019te \u00f6\u011frenciler \u201c Kom\u00fcnalist Yolda\u015fl\u0131k Ruhuyla \u00d6rg\u00fctleniyoruz, \u00d6zg\u00fcrle\u015fiyoruz\u201d \u00e7al\u0131\u015ftay\u0131nda bulu\u015ftu. D\u00f6nem g\u00f6revlerine sahip \u00e7\u0131kacaklar\u0131n\u0131 belirten \u00f6\u011frenciler, s\u00fcrece do\u011fru ve aktif kat\u0131lman\u0131n \u00f6nemini vurgulad\u0131.<\/p>\n<p>Dicle \u00d6zg\u00fcr \u00d6\u011frenci Dayan\u0131\u015fmas\u0131 taraf\u0131ndan \u00c7and Amed\u2019te \u201cKom\u00fcnalist Yolda\u015fl\u0131k Ruhuyla \u00d6rg\u00fctleniyoruz, \u00d6zg\u00fcrle\u015fiyoruz\u201d \u015fiar\u0131yla d\u00fczenlenen \u00e7al\u0131\u015ftayda, Bar\u0131\u015f ve Demokratik Toplum \u00c7a\u011fr\u0131s\u0131&#8217;n\u0131n do\u011fru anla\u015f\u0131lmas\u0131 ve gen\u00e7li\u011fin yakla\u015f\u0131m sorunlar\u0131na \u00e7\u00f6z\u00fcmler aranarak d\u00f6nem g\u00f6revlerinin nas\u0131l yerine getirilece\u011fi tart\u0131\u015f\u0131ld\u0131.<\/p>\n<p data-start=\"520\" data-end=\"567\">\u00c7al\u0131\u015ftay, d\u00f6rt oturum halinde ger\u00e7ekle\u015ftirildi.<\/p>\n<p data-start=\"569\" data-end=\"1286\">Birinci Oturumda, kapitalist modernitenin yaratt\u0131\u011f\u0131 kavramlar\u0131n ve zihniyetin sapmalar\u0131na dikkat \u00e7ekilerek, \u00f6zellikle K\u00fcrt ve K\u00fcrdistan ger\u00e7ekli\u011finde bu kavramlar\u0131n \u00f6z\u00fcn\u00fcn yeniden g\u00fcn y\u00fcz\u00fcne \u00e7\u0131kar\u0131lmas\u0131 gerekti\u011fi vurguland\u0131. Kat\u0131l\u0131mc\u0131lar, do\u011fru kuramsal kavray\u0131\u015f\u0131n toplumda geli\u015fen her t\u00fcrl\u00fc anlamsall\u0131\u011f\u0131 ve yap\u0131sall\u0131\u011f\u0131 do\u011fru anlamak i\u00e7in hayati \u00f6nem ta\u015f\u0131d\u0131\u011f\u0131n\u0131 belirtti. Bu kavray\u0131\u015f\u0131n, ahlaki, politik ili\u015fkilenmeler ve s\u00f6m\u00fcr\u00fc neden-sonu\u00e7lar\u0131n\u0131 ortaya koyaca\u011f\u0131na dikkat \u00e7ekildi.<br data-start=\"1089\" data-end=\"1092\" \/>Bu oturumda sunum yapan Jiyan \u00c7elik, \u201cKapitalizmin yaratt\u0131\u011f\u0131 kavramlar\u0131n, kendi zihniyetinin yans\u0131mas\u0131 oldu\u011funu; Demokratik Modernite G\u00fc\u00e7lerinin kendi kavramlar\u0131na ihtiyac\u0131 oldu\u011funu\u201d ifade etti.<\/p>\n<p data-start=\"1288\" data-end=\"1820\">\u0130kinci Oturumda, K\u00fcrtlerin felsefi varolu\u015fundan kapitalist \u00e7a\u011fa kadar ge\u00e7en tarihsel s\u00fcre\u00e7 masaya yat\u0131r\u0131ld\u0131. K\u00fcrt halk\u0131n\u0131n s\u00f6m\u00fcrgeci ve soyk\u0131r\u0131mc\u0131 devletlerle olan zor ya\u015fam m\u00fccadelesi dile getirildi. Ayr\u0131ca, K\u00fcrtlerin hegemonya alt\u0131ndaki k\u00fclt\u00fcrel boyutlar\u0131ndan t\u00fcm par\u00e7alardaki durumlar\u0131na dair kapsaml\u0131 bir de\u011ferlendirme yap\u0131ld\u0131.<br data-start=\"1636\" data-end=\"1639\" \/>Bu oturumda Ali Baytar, \u201cK\u00fcrt Ger\u00e7e\u011finin maruz kald\u0131\u011f\u0131 sald\u0131r\u0131lar\u0131n, bir halk\u0131n de\u011fil, Kapitalist Uygarl\u0131\u011f\u0131n azami kar h\u0131rs\u0131yla geli\u015fen s\u00fcrekli s\u00f6m\u00fcr\u00fc sald\u0131r\u0131s\u0131 oldu\u011funu\u201d vurgulad\u0131.<\/p>\n<p data-start=\"1822\" data-end=\"2248\">\u00dc\u00e7\u00fcnc\u00fc Oturumda, \u00d6z savunman\u0131n yaln\u0131zca fiziksel sald\u0131r\u0131lara kar\u015f\u0131 de\u011fil; toplumsal, k\u00fclt\u00fcrel, ideolojik, ekolojik ve varolu\u015fsal bir direnme bi\u00e7imi oldu\u011fu vurguland\u0131. \u00d6z savunman\u0131n, bir halk\u0131n veya bireyin kimli\u011fini, ya\u015fam tarz\u0131n\u0131 ve toplumsal varl\u0131\u011f\u0131n\u0131 koruma bilinci oldu\u011fu, demokratik zihniyet ve sisteme ula\u015fman\u0131n temel arac\u0131 oldu\u011fu ifade edildi.<\/p>\n<p data-start=\"2250\" data-end=\"2398\">D\u00f6rd\u00fcnc\u00fc Oturumda, s\u00fcrece dair de\u011ferlendirmeler yap\u0131larak soru-cevaplarla kat\u0131l\u0131mc\u0131lar aras\u0131nda tart\u0131\u015fmalar y\u00fcr\u00fct\u00fcld\u00fc.<\/p>\n<p data-start=\"2400\" data-end=\"2596\">\u00c7al\u0131\u015ftayda ayr\u0131ca \u00f6\u011frencilerden Bayram Akar, Abdullah \u00d6calan\u2019\u0131 do\u011fru anlaman\u0131n yolunun onu ya\u015fam\u0131n her yerinde hissetmekten ge\u00e7ti\u011fini ve onu anlamay\u0131 en ba\u015fat g\u00f6rev olarak g\u00f6rd\u00fcklerini ifade etti.<\/p>\n<p data-start=\"2598\" data-end=\"2705\">\u00c7al\u0131\u015ftay, kad\u0131n k\u0131r\u0131m politikalar\u0131 ve gen\u00e7lik tarihi b\u00f6l\u00fcmleriyle sonu\u00e7land\u0131. Sonu\u00e7 bildirgesinin daha sonra kamuoyuna sunulaca\u011f\u0131 belirtildi.<\/p>\n","protected":false},"excerpt":{"rendered":"<p>HABER MERKEZ\u0130- Amed\u2019te \u00f6\u011frenciler \u201c Kom\u00fcnalist Yolda\u015fl\u0131k Ruhuyla \u00d6rg\u00fctleniyoruz, \u00d6zg\u00fcrle\u015fiyoruz\u201d \u00e7al\u0131\u015ftay\u0131nda bulu\u015ftu. D\u00f6nem g\u00f6revlerine sahip \u00e7\u0131kacaklar\u0131n\u0131 belirten \u00f6\u011frenciler, s\u00fcrece do\u011fru ve aktif kat\u0131lman\u0131n \u00f6nemini vurgulad\u0131. Dicle \u00d6zg\u00fcr \u00d6\u011frenci Dayan\u0131\u015fmas\u0131 taraf\u0131ndan \u00c7and Amed\u2019te \u201cKom\u00fcnalist Yolda\u015fl\u0131k Ruhuyla \u00d6rg\u00fctleniyoruz, \u00d6zg\u00fcrle\u015fiyoruz\u201d \u015fiar\u0131yla d\u00fczenlenen \u00e7al\u0131\u015ftayda, Bar\u0131\u015f ve Demokratik Toplum \u00c7a\u011fr\u0131s\u0131&#8217;n\u0131n do\u011fru anla\u015f\u0131lmas\u0131 ve gen\u00e7li\u011fin yakla\u015f\u0131m sorunlar\u0131na \u00e7\u00f6z\u00fcmler aranarak d\u00f6nem g\u00f6revlerinin [&hellip;]<\/p>\n","protected":false},"author":2,"featured_media":7875,"comment_status":"open","ping_status":"open","sticky":false,"template":"","format":"standard","meta":{"_jetpack_memberships_contains_paid_content":false,"jnews-multi-image_gallery":[],"jnews_single_post":{"subtitle":"","format":"standard","override":[{"template":"1","parallax":"1","fullscreen":"1","layout":"right-sidebar","sidebar":"default-sidebar","second_sidebar":"default-sidebar","sticky_sidebar":"1","share_position":"top","share_float_style":"share-monocrhome","show_featured":"1","show_post_meta":"1","show_post_author_image":"1","show_post_date":"1","post_date_format":"default","post_date_format_custom":"Y\/m\/d","show_post_category":"1","post_reading_time_wpm":"300","post_calculate_word_method":"str_word_count","zoom_button_out_step":"2","zoom_button_in_step":"3","show_post_tag":"1","show_prev_next_post":"1","show_popup_post":"1","number_popup_post":"1","show_author_box":"1","show_post_related":"0","show_inline_post_related":"0"}],"image_override":[{"single_post_thumbnail_size":"crop-500","single_post_gallery_size":"crop-500"}],"trending_post_position":"meta","trending_post_label":"Trending","sponsored_post_label":"Sponsored by","disable_ad":"0"},"jnews_primary_category":[],"jnews_social_meta":[],"jnews_review":[],"enable_review":"","type":"percentage","name":"","summary":"","brand":"","sku":"","good":[],"bad":[],"score_override":"","override_value":"","rating":[],"price":[],"jnews_override_counter":{"view_counter_number":"0","share_counter_number":"0","like_counter_number":"0","dislike_counter_number":"0"},"jnews_post_split":{"post_split":[{"template":"1","tag":"h2","numbering":"asc","mode":"normal","first":"0","enable_toc":"0","toc_type":"normal"}]},"footnotes":""},"categories":[48,51],"tags":[],"class_list":["post-7870","post","type-post","status-publish","format-standard","has-post-thumbnail","hentry","category-genclik","category-guncel"],"jetpack_sharing_enabled":true,"jetpack_featured_media_url":"https:\/\/berru.org\/wp-content\/uploads\/2025\/08\/photo_2025-08-10_11-41-09-1.jpg","_links":{"self":[{"href":"https:\/\/berru.org\/index.php\/wp-json\/wp\/v2\/posts\/7870","targetHints":{"allow":["GET"]}}],"collection":[{"href":"https:\/\/berru.org\/index.php\/wp-json\/wp\/v2\/posts"}],"about":[{"href":"https:\/\/berru.org\/index.php\/wp-json\/wp\/v2\/types\/post"}],"author":[{"embeddable":true,"href":"https:\/\/berru.org\/index.php\/wp-json\/wp\/v2\/users\/2"}],"replies":[{"embeddable":true,"href":"https:\/\/berru.org\/index.php\/wp-json\/wp\/v2\/comments?post=7870"}],"version-history":[{"count":1,"href":"https:\/\/berru.org\/index.php\/wp-json\/wp\/v2\/posts\/7870\/revisions"}],"predecessor-version":[{"id":7874,"href":"https:\/\/berru.org\/index.php\/wp-json\/wp\/v2\/posts\/7870\/revisions\/7874"}],"wp:featuredmedia":[{"embeddable":true,"href":"https:\/\/berru.org\/index.php\/wp-json\/wp\/v2\/media\/7875"}],"wp:attachment":[{"href":"https:\/\/berru.org\/index.php\/wp-json\/wp\/v2\/media?parent=7870"}],"wp:term":[{"taxonomy":"category","embeddable":true,"href":"https:\/\/berru.org\/index.php\/wp-json\/wp\/v2\/categories?post=7870"},{"taxonomy":"post_tag","embeddable":true,"href":"https:\/\/berru.org\/index.php\/wp-json\/wp\/v2\/tags?post=7870"}],"curies":[{"name":"wp","href":"https:\/\/api.w.org\/{rel}","templated":true}]}}