{"id":7865,"date":"2025-08-10T16:44:29","date_gmt":"2025-08-10T13:44:29","guid":{"rendered":"https:\/\/berru.org\/?p=7865"},"modified":"2025-08-10T16:44:29","modified_gmt":"2025-08-10T13:44:29","slug":"istanbul-ozgur-ogrenci-meclisinden-calistay","status":"publish","type":"post","link":"https:\/\/berru.org\/index.php\/2025\/08\/10\/istanbul-ozgur-ogrenci-meclisinden-calistay\/","title":{"rendered":"\u0130stanbul \u00d6zg\u00fcr \u00d6\u011frenci Meclisi\u2019nden \u00e7al\u0131\u015ftay"},"content":{"rendered":"<p>HABER MERKEZ\u0130- \u0130stanbul \u00d6zg\u00fcr \u00d6\u011frenci Meclisi\u2019nin ger\u00e7ekle\u015ftirdi\u011fi \u00e7al\u0131\u015ftayda, &#8216;Bar\u0131\u015f ve Demokratik Toplum&#8217; manifestosunun, \u00f6zg\u00fcr ya\u015fam\u0131n perspektifini sundu\u011fu vurgulan\u0131rken, sosyalist ya\u015fam\u0131n in\u015fas\u0131nda ba\u015fat rol\u00fcn \u00f6\u011frencilere ve t\u00fcm gen\u00e7li\u011fe d\u00fc\u015ft\u00fc\u011f\u00fc ifade edildi.<\/p>\n<p>\u0130stanbul \u00d6zg\u00fcr \u00d6\u011frenci Meclisi, \u201cKom\u00fcnalist yolda\u015fl\u0131k ruhuyla \u00f6rg\u00fctleniyoruz, \u00f6zg\u00fcrle\u015fiyoruz\u201d \u015fiar\u0131yla Maltepe\u2019de bulunan Y\u0131lmaz M\u0131zrak K\u00fclt\u00fcr ve Sanat Merkezi\u2019nde \u00e7al\u0131\u015ftay d\u00fczenledi. \u00c7al\u0131\u015ftay\u0131n d\u00fczenledi\u011fi salona, \u201cJin j\u00eeyan azad\u00ee\u201d, \u201cLi ser xeta azad\u00eeya jin\u00ea de avakirina sosyal\u00eezma demokrat\u00eek\u201d, \u201cher zan\u00eengehek bibe kom\u00eenek, her kom\u00een bibe qad\u00ea raman\u00ean azad\u201d pankartlar\u0131 as\u0131ld\u0131.<\/p>\n<p>\u00c7al\u0131\u015ftay\u0131n a\u00e7\u0131l\u0131\u015f konu\u015fmas\u0131 ger\u00e7ekle\u015ftiren \u0130stanbul \u00d6zg\u00fcr \u00d6\u011frenci Meclisi \u00fcyesi Fatma G\u00fcnd\u00fcz, devlet ve iktidar\u0131n toplum kar\u015f\u0131t\u0131 yap\u0131lar oldu\u011funa i\u015faret ederek, \u201cDevlet ve \u0130ktidar g\u00fc\u00e7leri tanr\u0131\u00e7an\u0131n kom\u00fcnal eme\u011fiyle olu\u015fturmu\u015f oldu\u011fu toplumsall\u0131\u011fa var oldu\u011fu g\u00fcnden beri sald\u0131r\u0131 ger\u00e7ekle\u015ftirdi. Devletin son formu olan ulus devlet kendini sava\u015f ve s\u00f6m\u00fcrgecilik \u00fczerinden var ediyor. Ulus-devlet bizim kimliklerimize soyk\u0131r\u0131m uyguluyor. Biz ulus-devlete mecbur de\u011filiz. Bar\u0131\u015f ve Demokratik Toplum Manifestosu, bize \u00f6zg\u00fcr ve yeni ya\u015fam\u0131n perspektifini sunuyor. Bu da sosyalist ve kom\u00fcnalist ya\u015famd\u0131r. Bizler bu sorumlulu\u011fun bilinciyle Bizler bir s\u00fcredir Demokratik Uygarl\u0131k at\u00f6lyeleri d\u00fczenledik. Bu at\u00f6lyenin sonucunda b\u00f6yle bir \u00e7al\u0131\u015ftay ger\u00e7ekle\u015ftirme ihtiyac\u0131 duyduk. \u00c7\u00fcnk\u00fc sosyalist ve kom\u00fcnalist ya\u015fam\u0131n in\u015fas\u0131nda ba\u015fat rol, gen\u00e7 kad\u0131nlara, \u00f6\u011frencilere ve t\u00fcm gen\u00e7li\u011fe d\u00fc\u015f\u00fcyor. \u0130nan\u0131yoruz ki bu \u00e7al\u0131\u015ftay b\u00fct\u00fcn arkada\u015flarda sosyalist ki\u015filikte daha derinle\u015fme imk\u00e2n\u0131 sunacakt\u0131r\u201d dedi.<\/p>\n<p>A\u00e7\u0131l\u0131\u015f konu\u015fmas\u0131n\u0131n ard\u0131ndan m\u00fccadelede ya\u015fam\u0131n\u0131 yitirenler an\u0131s\u0131na bir dakikal\u0131k sayg\u0131 duru\u015funda bulunuldu.<\/p>\n<p>A\u00e7\u0131l\u0131\u015f konu\u015fmas\u0131 ve sayg\u0131 duru\u015funun ard\u0131ndan \u00e7al\u0131\u015ftay, bas\u0131na kapal\u0131 devam etti.<\/p>\n","protected":false},"excerpt":{"rendered":"<p>HABER MERKEZ\u0130- \u0130stanbul \u00d6zg\u00fcr \u00d6\u011frenci Meclisi\u2019nin ger\u00e7ekle\u015ftirdi\u011fi \u00e7al\u0131\u015ftayda, &#8216;Bar\u0131\u015f ve Demokratik Toplum&#8217; manifestosunun, \u00f6zg\u00fcr ya\u015fam\u0131n perspektifini sundu\u011fu vurgulan\u0131rken, sosyalist ya\u015fam\u0131n in\u015fas\u0131nda ba\u015fat rol\u00fcn \u00f6\u011frencilere ve t\u00fcm gen\u00e7li\u011fe d\u00fc\u015ft\u00fc\u011f\u00fc ifade edildi. \u0130stanbul \u00d6zg\u00fcr \u00d6\u011frenci Meclisi, \u201cKom\u00fcnalist yolda\u015fl\u0131k ruhuyla \u00f6rg\u00fctleniyoruz, \u00f6zg\u00fcrle\u015fiyoruz\u201d \u015fiar\u0131yla Maltepe\u2019de bulunan Y\u0131lmaz M\u0131zrak K\u00fclt\u00fcr ve Sanat Merkezi\u2019nde \u00e7al\u0131\u015ftay d\u00fczenledi. \u00c7al\u0131\u015ftay\u0131n d\u00fczenledi\u011fi salona, \u201cJin j\u00eeyan [&hellip;]<\/p>\n","protected":false},"author":2,"featured_media":7871,"comment_status":"open","ping_status":"open","sticky":false,"template":"","format":"standard","meta":{"_jetpack_memberships_contains_paid_content":false,"jnews-multi-image_gallery":[],"jnews_single_post":{"subtitle":"","format":"standard","override":[{"template":"1","parallax":"1","fullscreen":"1","layout":"right-sidebar","sidebar":"default-sidebar","second_sidebar":"default-sidebar","sticky_sidebar":"1","share_position":"top","share_float_style":"share-monocrhome","show_featured":"1","show_post_meta":"1","show_post_author_image":"1","show_post_date":"1","post_date_format":"default","post_date_format_custom":"Y\/m\/d","show_post_category":"1","post_reading_time_wpm":"300","post_calculate_word_method":"str_word_count","zoom_button_out_step":"2","zoom_button_in_step":"3","show_post_tag":"1","show_prev_next_post":"1","show_popup_post":"1","number_popup_post":"1","show_author_box":"1","show_post_related":"0","show_inline_post_related":"0"}],"image_override":[{"single_post_thumbnail_size":"crop-500","single_post_gallery_size":"crop-500"}],"trending_post_position":"meta","trending_post_label":"Trending","sponsored_post_label":"Sponsored by","disable_ad":"0"},"jnews_primary_category":[],"jnews_social_meta":[],"jnews_review":[],"enable_review":"","type":"percentage","name":"","summary":"","brand":"","sku":"","good":[],"bad":[],"score_override":"","override_value":"","rating":[],"price":[],"jnews_override_counter":{"view_counter_number":"0","share_counter_number":"0","like_counter_number":"0","dislike_counter_number":"0"},"jnews_post_split":{"post_split":[{"template":"1","tag":"h2","numbering":"asc","mode":"normal","first":"0","enable_toc":"0","toc_type":"normal"}]},"footnotes":""},"categories":[48,51],"tags":[],"class_list":["post-7865","post","type-post","status-publish","format-standard","has-post-thumbnail","hentry","category-genclik","category-guncel"],"jetpack_sharing_enabled":true,"jetpack_featured_media_url":"https:\/\/berru.org\/wp-content\/uploads\/2025\/08\/photo_2025-08-10_15-59-11.jpg","_links":{"self":[{"href":"https:\/\/berru.org\/index.php\/wp-json\/wp\/v2\/posts\/7865","targetHints":{"allow":["GET"]}}],"collection":[{"href":"https:\/\/berru.org\/index.php\/wp-json\/wp\/v2\/posts"}],"about":[{"href":"https:\/\/berru.org\/index.php\/wp-json\/wp\/v2\/types\/post"}],"author":[{"embeddable":true,"href":"https:\/\/berru.org\/index.php\/wp-json\/wp\/v2\/users\/2"}],"replies":[{"embeddable":true,"href":"https:\/\/berru.org\/index.php\/wp-json\/wp\/v2\/comments?post=7865"}],"version-history":[{"count":2,"href":"https:\/\/berru.org\/index.php\/wp-json\/wp\/v2\/posts\/7865\/revisions"}],"predecessor-version":[{"id":7876,"href":"https:\/\/berru.org\/index.php\/wp-json\/wp\/v2\/posts\/7865\/revisions\/7876"}],"wp:featuredmedia":[{"embeddable":true,"href":"https:\/\/berru.org\/index.php\/wp-json\/wp\/v2\/media\/7871"}],"wp:attachment":[{"href":"https:\/\/berru.org\/index.php\/wp-json\/wp\/v2\/media?parent=7865"}],"wp:term":[{"taxonomy":"category","embeddable":true,"href":"https:\/\/berru.org\/index.php\/wp-json\/wp\/v2\/categories?post=7865"},{"taxonomy":"post_tag","embeddable":true,"href":"https:\/\/berru.org\/index.php\/wp-json\/wp\/v2\/tags?post=7865"}],"curies":[{"name":"wp","href":"https:\/\/api.w.org\/{rel}","templated":true}]}}