{"id":7854,"date":"2025-08-10T09:42:19","date_gmt":"2025-08-10T06:42:19","guid":{"rendered":"https:\/\/berru.org\/?p=7854"},"modified":"2025-08-10T09:42:19","modified_gmt":"2025-08-10T06:42:19","slug":"agiz-ici-aramayi-kabul-etmeyen-tutsak-darp-edildi","status":"publish","type":"post","link":"https:\/\/berru.org\/index.php\/2025\/08\/10\/agiz-ici-aramayi-kabul-etmeyen-tutsak-darp-edildi\/","title":{"rendered":"A\u011f\u0131z i\u00e7i Aramay\u0131 Kabul Etmeyen Tutsak Darp Edildi"},"content":{"rendered":"<p><strong>HABER MERKEZ\u0130-<\/strong> Kavak S Tipi Kapal\u0131 Cezaevi\u2019nde tutulan Emrecan Demir&#8217;in, hastane sevki s\u0131ras\u0131nda a\u011f\u0131z i\u00e7i aramay\u0131 kabul etmedi\u011fi i\u00e7in darp edildi\u011fi belirtildi. Durumu ailesiyle payla\u015fan Demir&#8217;in, duyarl\u0131l\u0131k \u00e7a\u011fr\u0131s\u0131nda bulundu\u011fu aktar\u0131ld\u0131.<\/p>\n<p>Samsun Kavak S Tipi Kapal\u0131 Cezaevi\u2019nde tutulan Emrecan Demir\u2019in, 4 A\u011fustos\u2019ta hastane sevki s\u0131ras\u0131nda a\u011f\u0131z i\u00e7i aramay\u0131 kabul etmedi\u011fi i\u00e7in gardiyanlar taraf\u0131ndan darp edildi\u011fi belirtildi. 2016 y\u0131l\u0131ndan bu yana tutuklu bulunan ve m\u00fcebbet hapis cezas\u0131 verilen Emre Demir, tekli h\u00fccrede tutuluyor. Darp Emre Demir h\u00fccresine g\u00f6t\u00fcr\u00fclene kadar s\u00fcrerken, ya\u015fananlar\u0131 protesto eden di\u011fer tutsaklara da \u015fiddet uyguland\u0131\u011f\u0131 aktar\u0131ld\u0131.<\/p>\n<p>Maruz kald\u0131klar\u0131n\u0131 avukat\u0131 ve ailesi arac\u0131l\u0131\u011f\u0131yla kamuoyuna duyuran Emrecan Demir, duyarl\u0131l\u0131k \u00e7a\u011fr\u0131s\u0131nda bulundu. Baba Hasan Demir ise, ba\u011f\u0131ms\u0131z bir heyetin cezaevine gidip incelemede bulunmas\u0131n\u0131 istedi.<\/p>\n<p><strong>\u2018Revir doktoru ila\u00e7 yazm\u0131yor\u2019 \u00a0<\/strong><\/p>\n<p>Hasan Demir, o\u011flunun 2016 y\u0131l\u0131ndan bu yana tutuklu oldu\u011funu ve tekli h\u00fccrede tutuldu\u011funu s\u00f6yledi. O\u011flunun \u00a0ileri derecede alerjik reaksiyonu oldu\u011funu hastal\u0131\u011f\u0131n\u0131 tedavi ettirmek i\u00e7in cezaevi doktoru taraf\u0131ndan bir t\u00fcrl\u00fc sevk verilmedi\u011fini belirten Hasan Demir, \u201cBiz Ramazan Bayram\u0131\u2019nda ziyaretine gittik. Kendisiyle bayram g\u00f6r\u00fc\u015f\u00fc yapt\u0131k. V\u00fccudunda bir tak\u0131m problemler g\u00f6rd\u00fcm. Alerjik \u00a0bir durum oldu\u011funu s\u00f6yledi. V\u00fccudunda, elinde ve g\u00f6zlerinde sorun vard\u0131. Revire falan \u00e7\u0131kt\u0131n m\u0131 dedim? O\u011flumda \u2018revire \u00e7\u0131kt\u0131\u011f\u0131n\u0131 ancak cezaevindeki revire bakan doktorunun ideolojik davrand\u0131\u011f\u0131n\u0131 ve ona ila\u00e7 da yazd\u0131rmad\u0131\u011f\u0131n\u0131 s\u00f6yledi. Hastane sevkini istiyor. Hastane sevkini de yapmam\u0131\u015f\u201d diye konu\u015ftu.<\/p>\n<p><strong>\u2018Kameras\u0131z odada darp\u2019\u00a0<\/strong><\/p>\n<p>Aylard\u0131r hastane sevki i\u00e7in dilek\u00e7eler yazan o\u011flunun 4 A\u011fustos\u2019ta hastaneye g\u00f6t\u00fcr\u00fcld\u00fc\u011f\u00fc esnada a\u011f\u0131z i\u00e7i arama dayatmas\u0131n\u0131 kabul etmedi\u011fini ifade eden Hasan Demir,\u00a0 \u201cSonu\u00e7ta her g\u00fcn dilek\u00e7e veriyor. O dilek\u00e7elerin de bir sonucunu alam\u0131yor. En son A\u011fustos\u2019un 4\u2019\u00fcnde h\u00fccresine gelip hastane sevki oldu\u011funu s\u00f6yl\u00fcyorlar. Arama noktas\u0131nda onun \u015fahs\u0131nda da K\u00fcrt halk\u0131n\u0131n direni\u015fini k\u0131rmak i\u00e7in onur k\u0131r\u0131c\u0131 aramalar dayat\u0131yorlar. O\u011flum Emrecan Demir, \u2018Ben bunu kabul etmiyorum, bunu dayatamazs\u0131n\u0131z\u2019 diyor. Bunun \u00fczerine orada bulunan yetkililer, gardiyanlar, memurlar lin\u00e7 etmeye \u00e7al\u0131\u015f\u0131yorlar. Oradan da al\u0131p kameras\u0131z odaya g\u00f6t\u00fcr\u00fcyorlar. Orada da yine \u015fiddet, darp, hakaret devam ediyor. Emrecan, direni\u015f g\u00f6steriyor. Tekli h\u00fccresine g\u00f6t\u00fcrd\u00fckleri zaman, sa\u011f, sol taraf\u0131nda h\u00fccrede bulunan arkada\u015flar\u0131 ya\u015fananlar\u0131 duyuyor ve direni\u015f g\u00f6steriyorlar\u201d dedi.<\/p>\n<p><strong>\u2018G\u00f6ky\u00fcz\u00fc g\u00f6r\u00fcnm\u00fcyor\u2019 \u00a0<\/strong><\/p>\n<p>O\u011flunun darp edilmesine tepki g\u00f6steren arkada\u015flar\u0131n\u0131n da darp edildi\u011fini s\u00f6yleyen Demir, \u201c Onlar\u0131n da, \u00a0h\u00fccrelerine giriyorlar. Arkada\u015flar\u0131n\u0131 da darp edip hakaret ediyorlar. \u00a0Bu ya\u015fananlar ilk de\u011fil. \u00a0H\u00fccrelerde kalan tutsaklar\u0131n sohbet haklar\u0131 ve havaland\u0131rma haklar\u0131 var. 2 ayd\u0131r o haklardan da yararlanam\u0131yorlar. H\u00fccrelerde izolasyona tabi tutuyorlar. Zaten S tipi zindanlar di\u011fer zindanlar gibi de\u011fil, kuyu tipidir yani mezar niteli\u011findedir. G\u00fcne\u015f ve g\u00f6ky\u00fcz\u00fc g\u00f6r\u00fclm\u00fcyor. \u00a0B\u00fct\u00fcn bu zor \u015fartlara ra\u011fmen orada direni\u015flerini devam ediyorlar\u201d diye konu\u015ftu.<\/p>\n<p><strong> Kaynak: MA<\/strong><\/p>\n","protected":false},"excerpt":{"rendered":"<p>HABER MERKEZ\u0130- Kavak S Tipi Kapal\u0131 Cezaevi\u2019nde tutulan Emrecan Demir&#8217;in, hastane sevki s\u0131ras\u0131nda a\u011f\u0131z i\u00e7i aramay\u0131 kabul etmedi\u011fi i\u00e7in darp edildi\u011fi belirtildi. Durumu ailesiyle payla\u015fan Demir&#8217;in, duyarl\u0131l\u0131k \u00e7a\u011fr\u0131s\u0131nda bulundu\u011fu aktar\u0131ld\u0131. Samsun Kavak S Tipi Kapal\u0131 Cezaevi\u2019nde tutulan Emrecan Demir\u2019in, 4 A\u011fustos\u2019ta hastane sevki s\u0131ras\u0131nda a\u011f\u0131z i\u00e7i aramay\u0131 kabul etmedi\u011fi i\u00e7in gardiyanlar taraf\u0131ndan darp edildi\u011fi belirtildi. [&hellip;]<\/p>\n","protected":false},"author":2,"featured_media":7855,"comment_status":"open","ping_status":"open","sticky":false,"template":"","format":"standard","meta":{"_jetpack_memberships_contains_paid_content":false,"jnews-multi-image_gallery":[],"jnews_single_post":{"subtitle":""},"jnews_primary_category":[],"jnews_social_meta":[],"jnews_review":[],"enable_review":"","type":"","name":"","summary":"","brand":"","sku":"","good":[],"bad":[],"score_override":"","override_value":"","rating":[],"price":[],"jnews_override_counter":[],"jnews_post_split":[],"footnotes":""},"categories":[51],"tags":[],"class_list":["post-7854","post","type-post","status-publish","format-standard","has-post-thumbnail","hentry","category-guncel"],"jetpack_sharing_enabled":true,"jetpack_featured_media_url":"https:\/\/berru.org\/wp-content\/uploads\/2025\/08\/291286.jpg","_links":{"self":[{"href":"https:\/\/berru.org\/index.php\/wp-json\/wp\/v2\/posts\/7854","targetHints":{"allow":["GET"]}}],"collection":[{"href":"https:\/\/berru.org\/index.php\/wp-json\/wp\/v2\/posts"}],"about":[{"href":"https:\/\/berru.org\/index.php\/wp-json\/wp\/v2\/types\/post"}],"author":[{"embeddable":true,"href":"https:\/\/berru.org\/index.php\/wp-json\/wp\/v2\/users\/2"}],"replies":[{"embeddable":true,"href":"https:\/\/berru.org\/index.php\/wp-json\/wp\/v2\/comments?post=7854"}],"version-history":[{"count":1,"href":"https:\/\/berru.org\/index.php\/wp-json\/wp\/v2\/posts\/7854\/revisions"}],"predecessor-version":[{"id":7856,"href":"https:\/\/berru.org\/index.php\/wp-json\/wp\/v2\/posts\/7854\/revisions\/7856"}],"wp:featuredmedia":[{"embeddable":true,"href":"https:\/\/berru.org\/index.php\/wp-json\/wp\/v2\/media\/7855"}],"wp:attachment":[{"href":"https:\/\/berru.org\/index.php\/wp-json\/wp\/v2\/media?parent=7854"}],"wp:term":[{"taxonomy":"category","embeddable":true,"href":"https:\/\/berru.org\/index.php\/wp-json\/wp\/v2\/categories?post=7854"},{"taxonomy":"post_tag","embeddable":true,"href":"https:\/\/berru.org\/index.php\/wp-json\/wp\/v2\/tags?post=7854"}],"curies":[{"name":"wp","href":"https:\/\/api.w.org\/{rel}","templated":true}]}}