{"id":7850,"date":"2025-08-09T20:28:30","date_gmt":"2025-08-09T17:28:30","guid":{"rendered":"https:\/\/berru.org\/?p=7850"},"modified":"2025-08-09T20:28:30","modified_gmt":"2025-08-09T17:28:30","slug":"genclik-yuruyusune-katilim-cagrisi","status":"publish","type":"post","link":"https:\/\/berru.org\/index.php\/2025\/08\/09\/genclik-yuruyusune-katilim-cagrisi\/","title":{"rendered":"Gen\u00e7lik Y\u00fcr\u00fcy\u00fc\u015f\u00fcne Kat\u0131l\u0131m \u00c7a\u011fr\u0131s\u0131"},"content":{"rendered":"<p><strong>HABER MERKEZ\u0130<\/strong>&#8211; DEM Parti Gen\u00e7lik Meclisi \u00f6nc\u00fcl\u00fc\u011f\u00fcnde Amed&#8217;te yap\u0131lacak olan y\u00fcr\u00fcy\u00fc\u015f ve \u015f\u00f6len etkinli\u011fi kapsam\u0131nda bildiri da\u011f\u0131t\u0131m\u0131 yapan gen\u00e7ler, sokak sokak gezerek kat\u0131l\u0131m \u00e7a\u011fr\u0131s\u0131 yapt\u0131.<\/p>\n<p>D\u00fcn yap\u0131lan bas\u0131n a\u00e7\u0131klamas\u0131yla deklere edilen \u00e7al\u0131\u015fma kapsam\u0131nda sokaklara \u00e7\u0131kan gen\u00e7ler, Amed&#8217;in bir\u00e7ok noktas\u0131nda bildiri da\u011f\u0131t\u0131m\u0131 yapt\u0131. Yap\u0131lacak y\u00fcr\u00fcy\u00fc\u015fe yediden yetmi\u015fe herkesi davet\u00a0 eden gen\u00e7ler, sokak sokak dola\u015farak s\u00fcre\u00e7 hakk\u0131nda halk\u0131 bilgilendirdi.<\/p>\n<p>D\u00fczenlenecek y\u00fcr\u00fcy\u00fc\u015f ve \u015f\u00f6lenin s\u00fcre\u00e7 kapsam\u0131nda oldu\u011fu belirtilirken, gen\u00e7li\u011fin s\u00fcre\u00e7te daha aktif\u00a0 yer almas\u0131 ve her yerde \u00f6rg\u00fctlenmesi gerekti\u011fi vurguland\u0131.\u00a014 A\u011fustos saat 19.00&#8217;da DEM Parti il binas\u0131nda bir araya gelinerek, Kent Meydan\u0131&#8217;na y\u00fcr\u00fcy\u00fc\u015f yap\u0131lacak. Y\u00fcr\u00fcy\u00fc\u015f\u00fcn ard\u0131ndan Kent Meydan\u0131\u2019nda konser d\u00fczenlenecek.<\/p>\n<p>\u00d6te yandan, DEM Parti Gen\u00e7lik Meclisi X hesab\u0131ndan yap\u0131lan a\u00e7\u0131klamada;\u00a0 &#8221;Amed Gen\u00e7lik Meclisimizin d\u00fczenleyece\u011fi &#8220;\u00d6nc\u00fcle\u015fen Gen\u00e7likle Demokratik Toplum \u015e\u00f6leni\u2019ne&#8221; Ba\u015fta gen\u00e7 arkada\u015flar\u0131m\u0131z olmak \u00fczere b\u00fct\u00fcn halk\u0131m\u0131z\u0131 davet ediyoruz&#8221; ifadelerine yer verildi.<\/p>\n","protected":false},"excerpt":{"rendered":"<p>HABER MERKEZ\u0130&#8211; DEM Parti Gen\u00e7lik Meclisi \u00f6nc\u00fcl\u00fc\u011f\u00fcnde Amed&#8217;te yap\u0131lacak olan y\u00fcr\u00fcy\u00fc\u015f ve \u015f\u00f6len etkinli\u011fi kapsam\u0131nda bildiri da\u011f\u0131t\u0131m\u0131 yapan gen\u00e7ler, sokak sokak gezerek kat\u0131l\u0131m \u00e7a\u011fr\u0131s\u0131 yapt\u0131. D\u00fcn yap\u0131lan bas\u0131n a\u00e7\u0131klamas\u0131yla deklere edilen \u00e7al\u0131\u015fma kapsam\u0131nda sokaklara \u00e7\u0131kan gen\u00e7ler, Amed&#8217;in bir\u00e7ok noktas\u0131nda bildiri da\u011f\u0131t\u0131m\u0131 yapt\u0131. Yap\u0131lacak y\u00fcr\u00fcy\u00fc\u015fe yediden yetmi\u015fe herkesi davet\u00a0 eden gen\u00e7ler, sokak sokak dola\u015farak s\u00fcre\u00e7 hakk\u0131nda [&hellip;]<\/p>\n","protected":false},"author":2,"featured_media":7851,"comment_status":"open","ping_status":"open","sticky":false,"template":"","format":"standard","meta":{"_jetpack_memberships_contains_paid_content":false,"jnews-multi-image_gallery":[],"jnews_single_post":{"subtitle":""},"jnews_primary_category":[],"jnews_social_meta":[],"jnews_review":[],"enable_review":"","type":"","name":"","summary":"","brand":"","sku":"","good":[],"bad":[],"score_override":"","override_value":"","rating":[],"price":[],"jnews_override_counter":[],"jnews_post_split":[],"footnotes":""},"categories":[48,51],"tags":[],"class_list":["post-7850","post","type-post","status-publish","format-standard","has-post-thumbnail","hentry","category-genclik","category-guncel"],"jetpack_sharing_enabled":true,"jetpack_featured_media_url":"https:\/\/berru.org\/wp-content\/uploads\/2025\/08\/asd.jpg","_links":{"self":[{"href":"https:\/\/berru.org\/index.php\/wp-json\/wp\/v2\/posts\/7850","targetHints":{"allow":["GET"]}}],"collection":[{"href":"https:\/\/berru.org\/index.php\/wp-json\/wp\/v2\/posts"}],"about":[{"href":"https:\/\/berru.org\/index.php\/wp-json\/wp\/v2\/types\/post"}],"author":[{"embeddable":true,"href":"https:\/\/berru.org\/index.php\/wp-json\/wp\/v2\/users\/2"}],"replies":[{"embeddable":true,"href":"https:\/\/berru.org\/index.php\/wp-json\/wp\/v2\/comments?post=7850"}],"version-history":[{"count":1,"href":"https:\/\/berru.org\/index.php\/wp-json\/wp\/v2\/posts\/7850\/revisions"}],"predecessor-version":[{"id":7852,"href":"https:\/\/berru.org\/index.php\/wp-json\/wp\/v2\/posts\/7850\/revisions\/7852"}],"wp:featuredmedia":[{"embeddable":true,"href":"https:\/\/berru.org\/index.php\/wp-json\/wp\/v2\/media\/7851"}],"wp:attachment":[{"href":"https:\/\/berru.org\/index.php\/wp-json\/wp\/v2\/media?parent=7850"}],"wp:term":[{"taxonomy":"category","embeddable":true,"href":"https:\/\/berru.org\/index.php\/wp-json\/wp\/v2\/categories?post=7850"},{"taxonomy":"post_tag","embeddable":true,"href":"https:\/\/berru.org\/index.php\/wp-json\/wp\/v2\/tags?post=7850"}],"curies":[{"name":"wp","href":"https:\/\/api.w.org\/{rel}","templated":true}]}}