{"id":5672,"date":"2025-03-28T19:22:00","date_gmt":"2025-03-28T16:22:00","guid":{"rendered":"https:\/\/berru.org\/?p=5672"},"modified":"2025-03-28T19:22:00","modified_gmt":"2025-03-28T16:22:00","slug":"boykot-cagrisina-lise-ogrencilerinden-destek","status":"publish","type":"post","link":"https:\/\/berru.org\/index.php\/2025\/03\/28\/boykot-cagrisina-lise-ogrencilerinden-destek\/","title":{"rendered":"Boykot \u00c7a\u011fr\u0131s\u0131na Lise \u00d6\u011frencilerinden Destek"},"content":{"rendered":"<p><strong>HABER MERKEZ\u0130<\/strong>&#8211; Ortado\u011fu Teknik \u00dcniversitesi (ODT\u00dc) \u00f6\u011frencilerinin boykot \u00e7a\u011fr\u0131s\u0131na destek b\u00fcy\u00fcyor. Hatay&#8217;da lise \u00f6\u011frencileri yapt\u0131klar\u0131 a\u00e7\u0131klamayla dersleri boykot ettiklerini belirtti.<\/p>\n<div>Hatay&#8217;\u0131n Samanda\u011f il\u00e7esinde bir grup lise \u00f6\u011frencisi d\u00fczenledikleri y\u00fcr\u00fcy\u00fc\u015f\u00fcn ard\u0131ndan dersleri boykot ettiklerini a\u00e7\u0131klad\u0131. Okul idarecilerinin ve \u00f6\u011fretmenlerin engellenmesine ra\u011fmen \u00f6\u011frenciler, Abdullah C\u00f6mert Park\u0131&#8217;na y\u00fcr\u00fcyerek a\u00e7\u0131klama yapt\u0131.<\/div>\n<div><\/div>\n<div>A\u00e7\u0131klamada \u00f6\u011frenciler; liseliler olarak ayakta olduklar\u0131n\u0131 ve \u00fcniversitelerin yan\u0131nda olduklar\u0131n\u0131 vurgulayarak, &#8220;Bug\u00fcn \u00fcniversite \u00f6\u011frencileri okullar\u0131nda boykot \u00f6rm\u00fc\u015f ve hepimize \u00f6rnek olmu\u015flard\u0131r. \u0130\u015f\u00e7ileri, kad\u0131nlar\u0131, emek\u00e7ileri greve \u00e7a\u011f\u0131rm\u0131\u015f ve direni\u015fi b\u00fcy\u00fctme \u00e7a\u011fr\u0131s\u0131 yapm\u0131\u015flard\u0131r. Bu \u00e7a\u011fr\u0131ya Samanda\u011f\u2019dan, deprem b\u00f6lgesinden ses veriyoruz; 6 \u015eubat\u2019t\u0131n hesab\u0131n\u0131 sormak i\u00e7in, bu hafta tutuklanan t\u00fcm arkada\u015flar\u0131m\u0131z\u0131 geri alabilmek i\u00e7in, insanca bir ya\u015fam i\u00e7in, \u00fcniversiteleri \u00f6zg\u00fcrle\u015ftirmek i\u00e7in, liseleri \u00f6zg\u00fcrle\u015ftirmek i\u00e7in, \u00f6zg\u00fcr bir d\u00fcnya i\u00e7in, direni\u015finizi selaml\u0131yoruz! \u00a0Direni\u015fimizi b\u00fcy\u00fctmeye devam edece\u011fiz. \u00a0Biz bitti demeden bitmeyecek!&#8221; diye belirtildi.<\/div>\n<div><\/div>\n","protected":false},"excerpt":{"rendered":"<p>HABER MERKEZ\u0130&#8211; Ortado\u011fu Teknik \u00dcniversitesi (ODT\u00dc) \u00f6\u011frencilerinin boykot \u00e7a\u011fr\u0131s\u0131na destek b\u00fcy\u00fcyor. Hatay&#8217;da lise \u00f6\u011frencileri yapt\u0131klar\u0131 a\u00e7\u0131klamayla dersleri boykot ettiklerini belirtti. Hatay&#8217;\u0131n Samanda\u011f il\u00e7esinde bir grup lise \u00f6\u011frencisi d\u00fczenledikleri y\u00fcr\u00fcy\u00fc\u015f\u00fcn ard\u0131ndan dersleri boykot ettiklerini a\u00e7\u0131klad\u0131. Okul idarecilerinin ve \u00f6\u011fretmenlerin engellenmesine ra\u011fmen \u00f6\u011frenciler, Abdullah C\u00f6mert Park\u0131&#8217;na y\u00fcr\u00fcyerek a\u00e7\u0131klama yapt\u0131. A\u00e7\u0131klamada \u00f6\u011frenciler; liseliler olarak ayakta olduklar\u0131n\u0131 ve \u00fcniversitelerin [&hellip;]<\/p>\n","protected":false},"author":2,"featured_media":5673,"comment_status":"open","ping_status":"open","sticky":false,"template":"","format":"standard","meta":{"_jetpack_memberships_contains_paid_content":false,"jnews-multi-image_gallery":[],"jnews_single_post":{"subtitle":"","format":"standard","override":[{"template":"1","parallax":"1","fullscreen":"1","layout":"right-sidebar","sidebar":"default-sidebar","second_sidebar":"default-sidebar","sticky_sidebar":"1","share_position":"top","share_float_style":"share-monocrhome","show_featured":"1","show_post_meta":"1","show_post_author_image":"1","show_post_date":"1","post_date_format":"default","post_date_format_custom":"Y\/m\/d","show_post_category":"1","post_reading_time_wpm":"300","post_calculate_word_method":"str_word_count","zoom_button_out_step":"2","zoom_button_in_step":"3","show_post_tag":"1","show_prev_next_post":"1","show_popup_post":"1","number_popup_post":"1","show_author_box":"1","show_post_related":"0","show_inline_post_related":"0"}],"image_override":[{"single_post_thumbnail_size":"crop-500","single_post_gallery_size":"crop-500"}],"trending_post_position":"meta","trending_post_label":"Trending","sponsored_post_label":"Sponsored by","disable_ad":"0"},"jnews_primary_category":[],"jnews_social_meta":[],"jnews_review":[],"enable_review":"","type":"percentage","name":"","summary":"","brand":"","sku":"","good":[],"bad":[],"score_override":"","override_value":"","rating":[],"price":[],"jnews_override_counter":{"view_counter_number":"0","share_counter_number":"0","like_counter_number":"0","dislike_counter_number":"0"},"jnews_post_split":{"post_split":[{"template":"1","tag":"h2","numbering":"asc","mode":"normal","first":"0","enable_toc":"0","toc_type":"normal"}]},"footnotes":""},"categories":[48,51],"tags":[],"class_list":["post-5672","post","type-post","status-publish","format-standard","has-post-thumbnail","hentry","category-genclik","category-guncel"],"jetpack_sharing_enabled":true,"jetpack_featured_media_url":"https:\/\/berru.org\/wp-content\/uploads\/2025\/03\/690x390cc-ada-28-03-2025-hatay-liseli-aciklama.jpg","_links":{"self":[{"href":"https:\/\/berru.org\/index.php\/wp-json\/wp\/v2\/posts\/5672","targetHints":{"allow":["GET"]}}],"collection":[{"href":"https:\/\/berru.org\/index.php\/wp-json\/wp\/v2\/posts"}],"about":[{"href":"https:\/\/berru.org\/index.php\/wp-json\/wp\/v2\/types\/post"}],"author":[{"embeddable":true,"href":"https:\/\/berru.org\/index.php\/wp-json\/wp\/v2\/users\/2"}],"replies":[{"embeddable":true,"href":"https:\/\/berru.org\/index.php\/wp-json\/wp\/v2\/comments?post=5672"}],"version-history":[{"count":1,"href":"https:\/\/berru.org\/index.php\/wp-json\/wp\/v2\/posts\/5672\/revisions"}],"predecessor-version":[{"id":5674,"href":"https:\/\/berru.org\/index.php\/wp-json\/wp\/v2\/posts\/5672\/revisions\/5674"}],"wp:featuredmedia":[{"embeddable":true,"href":"https:\/\/berru.org\/index.php\/wp-json\/wp\/v2\/media\/5673"}],"wp:attachment":[{"href":"https:\/\/berru.org\/index.php\/wp-json\/wp\/v2\/media?parent=5672"}],"wp:term":[{"taxonomy":"category","embeddable":true,"href":"https:\/\/berru.org\/index.php\/wp-json\/wp\/v2\/categories?post=5672"},{"taxonomy":"post_tag","embeddable":true,"href":"https:\/\/berru.org\/index.php\/wp-json\/wp\/v2\/tags?post=5672"}],"curies":[{"name":"wp","href":"https:\/\/api.w.org\/{rel}","templated":true}]}}