{"id":5665,"date":"2025-03-28T12:27:12","date_gmt":"2025-03-28T09:27:12","guid":{"rendered":"https:\/\/berru.org\/?p=5665"},"modified":"2025-03-28T12:31:09","modified_gmt":"2025-03-28T09:31:09","slug":"amara-yuruyusune-cagri","status":"publish","type":"post","link":"https:\/\/berru.org\/index.php\/2025\/03\/28\/amara-yuruyusune-cagri\/","title":{"rendered":"Amara Y\u00fcr\u00fcy\u00fc\u015f\u00fcne \u00c7a\u011fr\u0131"},"content":{"rendered":"<p><strong>HABER MERKEZ\u0130<\/strong>&#8211; &#8216;Gen\u00e7lerin G\u00fcne\u015fe &#8216; y\u00fcr\u00fcyece\u011fini belirten DEM Parti Gen\u00e7lik Meclisi \u00fcyesi Sultan Yorulmaz, Amara\u2019ya yap\u0131lacak y\u00fcr\u00fcy\u00fc\u015fe kat\u0131l\u0131m \u00e7a\u011fr\u0131s\u0131nda bulundu.<\/p>\n<p>DEM Parti Gen\u00e7lik Meclisi, 1-4 Nisan tarihlerinde Amed\u2019ten Amara&#8217;ya \u201cDemokratik toplumla \u00f6zg\u00fcrl\u00fc\u011fe y\u00fcr\u00fcyoruz\u201d \u015fiar\u0131yla y\u00fcr\u00fcy\u00fc\u015f ger\u00e7ekle\u015ftirecek. Gen\u00e7lik Meclisi, yapaca\u011f\u0131 y\u00fcr\u00fcy\u00fc\u015fe d\u00f6n\u00fck \u00e7al\u0131\u015fmalar\u0131n\u0131 s\u00fcrd\u00fcr\u00fcrken Gen\u00e7lik Meclis \u00fcyesi Sultan Yorulmaz y\u00fcr\u00fcy\u00fc\u015f\u00fcn i\u00e7eri\u011fine ili\u015fkin bilgi verdi.<\/p>\n<p>JINNEWS&#8217;e konu\u015fan\u00a0Sultan Yorulmaz, 27 \u015eubat \u00e7a\u011fr\u0131s\u0131yla her \u015feyin ba\u015flad\u0131\u011f\u0131n\u0131 belirterek \u201cHalktaki m\u00fcthi\u015f moral, co\u015fku, moral ve devasa bir umut vard\u0131. \u0130mral\u0131 Adas\u0131\u2019ndan gelen b\u00fcy\u00fck bir umut vard\u0131. S\u00f6m\u00fcrge alt\u0131nda olan b\u00fct\u00fcn halklar i\u00e7in bir umut oldu. \u00c7a\u011fr\u0131dan sonra halk\u0131n tepkisi m\u00fcthi\u015fti. Halk\u0131n i\u00e7erisinde, sokaklarda, evlerde, mahallelerde, k\u00f6ylerde ve metropollerde b\u00fcy\u00fck bir sahiplenme var. \u00c7a\u011fr\u0131dan sonra bug\u00fcne kadar 8 Mart\u2019ta sokaklara ve meydanlara d\u00f6k\u00fclen kad\u0131nlar, bu \u00e7a\u011fr\u0131 \u00f6zg\u00fcrl\u00fck diye hayk\u0131ran kad\u0131nlar\u0131n sesini y\u00fckseltti. Bu \u00e7a\u011fr\u0131 biz gen\u00e7lere de b\u00fcy\u00fck bir moral verdi. Ve bu sahiplenmeyle Newroz co\u015fkusu ba\u015flad\u0131. Hemen hemen her yerde, k\u00f6ylerden b\u00fct\u00fcn metropol kentlerine kadar Newroz ate\u015fi yak\u0131ld\u0131. Herkes Rah\u015fanlar\u0131n ve Mazlum Do\u011fanlar\u0131n ruhuyla Newroz alanlar\u0131na akt\u0131 ve ate\u015fi yakt\u0131. Newroz alanlar\u0131nda K\u00fcrt Halk \u00d6nderi Abdullah \u00d6calan\u2019\u0131n \u00e7a\u011fr\u0131s\u0131n\u0131n nas\u0131l sahiplendi\u011fini g\u00f6rd\u00fck ve b\u00fct\u00fcn d\u00fcnya buna \u015fahitlik etti\u201d dedi.<\/p>\n<p><strong>\u2018Zaferle ta\u00e7land\u0131rmak bize d\u00fc\u015f\u00fcyor\u2019<\/strong><\/p>\n<p>Gen\u00e7 kad\u0131nlar \u00f6nc\u00fcl\u00fc\u011f\u00fcnde 2009\u2019dan bu yana Amara\u2019ya b\u00f6ylesi bir y\u00fcr\u00fcy\u00fc\u015f olmad\u0131\u011f\u0131na de\u011finen Sultan Yorulmaz, \u00f6zg\u00fcrl\u00fc\u011fe ko\u015fan gen\u00e7leri,\u00a0 Abdullah \u00d6calan\u2019\u0131n, \u201cGen\u00e7 ba\u015flad\u0131k, gen\u00e7 bitirece\u011fiz\u201d s\u00f6z\u00fcn\u00fcn gen\u00e7lik taraf\u0131ndan hala sahiplenildi\u011fini s\u00f6yledi. Sultan Yorulmaz, \u201cGen\u00e7lerde b\u00f6ylesi bir sahiplenme var iken y\u00fcr\u00fcy\u00fc\u015f karar\u0131n\u0131 almak \u00e7ok da zor olmad\u0131. Gen\u00e7ler \u00f6zg\u00fcrl\u00fc\u011fe, g\u00fcne\u015fe y\u00fcr\u00fcyecekler. Gen\u00e7ler z\u0131lg\u0131tlar\u0131yla \u00f6zg\u00fcrl\u00fc\u011fe y\u00fcr\u00fcyecekler. B\u00f6yle bir \u015fiar, umut ve co\u015fkuyla y\u00fcr\u00fcme karar\u0131 ald\u0131k. K\u00fcrt Halk \u00d6nderi Abdullah \u00d6calan\u2019\u0131n \u00e7a\u011fr\u0131s\u0131 temelinde gen\u00e7 kad\u0131nlar\u0131n rol ve misyonu bu s\u00fcre\u00e7te \u00e7ok \u00f6nemli. Ciddi anlamda \u00e7ok hassas bir s\u00fcre\u00e7teyiz. Kendimizi daha \u00f6nceki s\u00fcre\u00e7lerden daha \u00e7ok sorumlu tutaca\u011f\u0131m\u0131z bir s\u00fcre\u00e7teyiz. Abdullah \u00d6calan\u2019\u0131n Bar\u0131\u015f ve Demokratik \u00e7a\u011fr\u0131s\u0131n\u0131 gen\u00e7ler ve gen\u00e7 kad\u0131nlar zaferle ta\u00e7land\u0131racak. Gen\u00e7 kad\u0131nlar\u0131n ve gen\u00e7lerin s\u00fcrece cevab\u0131 m\u00fcthi\u015f olacak. K\u00fcrt Halk \u00d6nderinin \u00e7a\u011fr\u0131s\u0131ndan sonra halktaki co\u015fku ve moral \u00e7ok y\u00fcksekti. Ve bunu da bir y\u00fcr\u00fcy\u00fc\u015fle ta\u00e7land\u0131rmakta bize d\u00fc\u015f\u00fcyor\u201d \u015feklinde belirtti.<\/p>\n<p><strong>Gen\u00e7lere \u00e7a\u011fr\u0131<\/strong><\/p>\n<p>2025 Newrozu\u2019na gen\u00e7 kad\u0131nlar\u0131n z\u0131lg\u0131tlar\u0131, direni\u015fiyle ve umuduyla ate\u015fin etraf\u0131nda kenetlendi\u011fine dikkat \u00e7eken Sultan Yorulmaz, 2009 y\u0131l\u0131nda Amara\u2019da katledilen Mustafa Da\u011f ve Mahsum Karao\u011flan\u2019\u0131n ruhuyla Amara\u2019ya y\u00fcr\u00fcyeceklerini ifade etti. Sultan Yorulmaz devam\u0131nda, \u201cBu m\u00fccadelede \u015fehit d\u00fc\u015fen Mustafa ve Mahsum\u2019un ruhuyla Amed\u2019den Amara\u2019ya y\u00fcr\u00fcyece\u011fiz. 1 Nisan\u2019da Amed\u2019de \u015eex Said Meydan\u0131\u2019nda ba\u015fl\u0131yoruz. Bas\u0131n a\u00e7\u0131klamas\u0131 yapaca\u011f\u0131z ve daha sonra Siverek\u2019e y\u00fcr\u00fcyece\u011fiz. \u0130kinci g\u00fcn Hilvan\u2019a y\u00fcr\u00fcyece\u011fiz. \u00dc\u00e7\u00fcnc\u00fc g\u00fcn Halfeti\u2019ye olaca\u011f\u0131z. Ve d\u00f6rd\u00fcnc\u00fc g\u00fcn Amara\u2019da final yapaca\u011f\u0131z. B\u00fct\u00fcn gen\u00e7 kad\u0131nlar\u0131, gen\u00e7leri ve t\u00fcm kad\u0131nlar\u0131 bu y\u00fcr\u00fcy\u00fc\u015fe dahil olmalar\u0131n\u0131, bu sorumluluk alt\u0131nda kendilerini hissetmeleri, \u00f6zg\u00fcrl\u00fck yolunda y\u00fcr\u00fcyecek \u015fekilde umutla zafere ula\u015facakm\u0131\u015f\u00e7as\u0131na Amara\u2019ya y\u00fcr\u00fclmelidir. Amara\u2019ya vard\u0131\u011f\u0131m\u0131zda da zaferle ta\u00e7land\u0131rmam\u0131z gereken \u00e7ok \u00f6nemli \u015feyler var. B\u00fct\u00fcn her kesi bu ruhla, heyecan ve umutla y\u00fcr\u00fcy\u00fc\u015fe kat\u0131lmalar\u0131n\u0131 istiyoruz\u201d diyerek \u00e7a\u011fr\u0131da bulundu.<\/p>\n","protected":false},"excerpt":{"rendered":"<p>HABER MERKEZ\u0130&#8211; &#8216;Gen\u00e7lerin G\u00fcne\u015fe &#8216; y\u00fcr\u00fcyece\u011fini belirten DEM Parti Gen\u00e7lik Meclisi \u00fcyesi Sultan Yorulmaz, Amara\u2019ya yap\u0131lacak y\u00fcr\u00fcy\u00fc\u015fe kat\u0131l\u0131m \u00e7a\u011fr\u0131s\u0131nda bulundu. DEM Parti Gen\u00e7lik Meclisi, 1-4 Nisan tarihlerinde Amed\u2019ten Amara&#8217;ya \u201cDemokratik toplumla \u00f6zg\u00fcrl\u00fc\u011fe y\u00fcr\u00fcyoruz\u201d \u015fiar\u0131yla y\u00fcr\u00fcy\u00fc\u015f ger\u00e7ekle\u015ftirecek. Gen\u00e7lik Meclisi, yapaca\u011f\u0131 y\u00fcr\u00fcy\u00fc\u015fe d\u00f6n\u00fck \u00e7al\u0131\u015fmalar\u0131n\u0131 s\u00fcrd\u00fcr\u00fcrken Gen\u00e7lik Meclis \u00fcyesi Sultan Yorulmaz y\u00fcr\u00fcy\u00fc\u015f\u00fcn i\u00e7eri\u011fine ili\u015fkin bilgi verdi. JINNEWS&#8217;e konu\u015fan\u00a0Sultan [&hellip;]<\/p>\n","protected":false},"author":2,"featured_media":5666,"comment_status":"open","ping_status":"open","sticky":false,"template":"","format":"standard","meta":{"_jetpack_memberships_contains_paid_content":false,"jnews-multi-image_gallery":[],"jnews_single_post":{"subtitle":"","format":"standard","override":[{"template":"1","parallax":"1","fullscreen":"1","layout":"right-sidebar","sidebar":"default-sidebar","second_sidebar":"default-sidebar","sticky_sidebar":"1","share_position":"top","share_float_style":"share-monocrhome","show_featured":"1","show_post_meta":"1","show_post_author_image":"1","show_post_date":"1","post_date_format":"default","post_date_format_custom":"Y\/m\/d","show_post_category":"1","post_reading_time_wpm":"300","post_calculate_word_method":"str_word_count","zoom_button_out_step":"2","zoom_button_in_step":"3","show_post_tag":"1","show_prev_next_post":"1","show_popup_post":"1","number_popup_post":"1","show_author_box":"1","show_post_related":"0","show_inline_post_related":"0"}],"image_override":[{"single_post_thumbnail_size":"crop-500","single_post_gallery_size":"crop-500"}],"trending_post_position":"meta","trending_post_label":"Trending","sponsored_post_label":"Sponsored by","disable_ad":"0"},"jnews_primary_category":[],"jnews_social_meta":[],"jnews_review":[],"enable_review":"","type":"percentage","name":"","summary":"","brand":"","sku":"","good":[],"bad":[],"score_override":"","override_value":"","rating":[],"price":[],"jnews_override_counter":{"view_counter_number":"0","share_counter_number":"0","like_counter_number":"0","dislike_counter_number":"0"},"jnews_post_split":{"post_split":[{"template":"1","tag":"h2","numbering":"asc","mode":"normal","first":"0","enable_toc":"0","toc_type":"normal"}]},"footnotes":""},"categories":[48,51],"tags":[],"class_list":["post-5665","post","type-post","status-publish","format-standard","has-post-thumbnail","hentry","category-genclik","category-guncel"],"jetpack_sharing_enabled":true,"jetpack_featured_media_url":"https:\/\/berru.org\/wp-content\/uploads\/2025\/03\/tecride-karsi-amarada-olacagiz.png","_links":{"self":[{"href":"https:\/\/berru.org\/index.php\/wp-json\/wp\/v2\/posts\/5665","targetHints":{"allow":["GET"]}}],"collection":[{"href":"https:\/\/berru.org\/index.php\/wp-json\/wp\/v2\/posts"}],"about":[{"href":"https:\/\/berru.org\/index.php\/wp-json\/wp\/v2\/types\/post"}],"author":[{"embeddable":true,"href":"https:\/\/berru.org\/index.php\/wp-json\/wp\/v2\/users\/2"}],"replies":[{"embeddable":true,"href":"https:\/\/berru.org\/index.php\/wp-json\/wp\/v2\/comments?post=5665"}],"version-history":[{"count":2,"href":"https:\/\/berru.org\/index.php\/wp-json\/wp\/v2\/posts\/5665\/revisions"}],"predecessor-version":[{"id":5670,"href":"https:\/\/berru.org\/index.php\/wp-json\/wp\/v2\/posts\/5665\/revisions\/5670"}],"wp:featuredmedia":[{"embeddable":true,"href":"https:\/\/berru.org\/index.php\/wp-json\/wp\/v2\/media\/5666"}],"wp:attachment":[{"href":"https:\/\/berru.org\/index.php\/wp-json\/wp\/v2\/media?parent=5665"}],"wp:term":[{"taxonomy":"category","embeddable":true,"href":"https:\/\/berru.org\/index.php\/wp-json\/wp\/v2\/categories?post=5665"},{"taxonomy":"post_tag","embeddable":true,"href":"https:\/\/berru.org\/index.php\/wp-json\/wp\/v2\/tags?post=5665"}],"curies":[{"name":"wp","href":"https:\/\/api.w.org\/{rel}","templated":true}]}}