{"id":5634,"date":"2025-03-26T10:51:02","date_gmt":"2025-03-26T07:51:02","guid":{"rendered":"https:\/\/berru.org\/?p=5634"},"modified":"2025-03-26T10:51:02","modified_gmt":"2025-03-26T07:51:02","slug":"bircok-kentte-ev-baskinlari","status":"publish","type":"post","link":"https:\/\/berru.org\/index.php\/2025\/03\/26\/bircok-kentte-ev-baskinlari\/","title":{"rendered":"Bir\u00e7ok Kentte Ev Bask\u0131nlar\u0131"},"content":{"rendered":"<p><strong>HABER MERKEZ\u0130<\/strong>&#8211; \u00d6\u011frencilerin \u00f6nc\u00fcl\u00fck etti\u011fi eylemler \u00f6zellikle \u00fcniversite kamp\u00fcslerinde ve \u015fehir merkezlerinde yo\u011funla\u015f\u0131rken, sabah saatlerinde \u00e7ok say\u0131da ki\u015finin evi bas\u0131ld\u0131.<\/p>\n<div>Protestolar \u00fclke genelinde yay\u0131larak s\u00fcrerken, protestolarda yer alanlara d\u00f6n\u00fck g\u00f6zalt\u0131 operasyonlar\u0131 da devam ediyor. Sabah saatlerinde Adana, \u0130stanbul ve Bursa\u2019da bir\u00e7ok eve polis taraf\u0131ndan bask\u0131n d\u00fczenlendi. Bask\u0131nlarda \u00e7ok say\u0131da ki\u015fi g\u00f6zalt\u0131na al\u0131nd\u0131.<\/div>\n<div><\/div>\n<div>\u00d6\u011frencilerin boykot eylemlerine destek veren E\u011fitim ve Bilim Emek\u00e7ileri Sendikas\u0131&#8217;na (E\u011fitim Sen) \u00fcye akademisyenlerin de g\u00f6zalt\u0131na al\u0131nanlar aras\u0131nda oldu\u011fu \u00f6\u011frenildi. Konuya dair sanal medya hesab\u0131ndan a\u00e7\u0131klama yapan E\u011fitim Sen, \u201cSendikam\u0131z\u0131n ald\u0131\u011f\u0131 karar do\u011frultusunda \u00f6\u011frencilerimizle dayan\u0131\u015fmak i\u00e7in bir g\u00fcnl\u00fck i\u015f b\u0131rakma karar\u0131 sonras\u0131 \u0130stanbul \u00dcniversitesi \u0130\u015fyeri Temsilcimiz Levent D\u00f6lek \u015fafak operasyonu ile g\u00f6zalt\u0131na al\u0131nm\u0131\u015ft\u0131r. Sendikal faaliyet su\u00e7 de\u011fildir. Arkada\u015f\u0131m\u0131z\u0131 derhal serbest b\u0131rak\u0131n&#8221; diye belirtildi.<\/div>\n<div><\/div>\n<div><strong>ADANA<\/strong><\/div>\n<div><\/div>\n<div>Adana&#8217;da yap\u0131lan ev bask\u0131nlar\u0131nda 7 ki\u015fi g\u00f6zalt\u0131na al\u0131nd\u0131. \u00a0Protesto eylemlerine kat\u0131ld\u0131klar\u0131 gerek\u00e7esiyle g\u00f6zalt\u0131na al\u0131nan \u00d6mer Bar\u0131\u015f Bozkurt, S\u0131la G\u00fcle, Yi\u011fitcan yeter, Berk Deran, Halit G\u00fcney Ak\u0131n, Mustafa Demircan ve soyad\u0131 \u00f6\u011frenilemeyen G\u00fcney adl\u0131 yurtta\u015flar \u0130l Emniyet M\u00fcd\u00fcrl\u00fc\u011f\u00fc\u2019ne g\u00f6t\u00fcr\u00fcld\u00fc.<\/div>\n","protected":false},"excerpt":{"rendered":"<p>HABER MERKEZ\u0130&#8211; \u00d6\u011frencilerin \u00f6nc\u00fcl\u00fck etti\u011fi eylemler \u00f6zellikle \u00fcniversite kamp\u00fcslerinde ve \u015fehir merkezlerinde yo\u011funla\u015f\u0131rken, sabah saatlerinde \u00e7ok say\u0131da ki\u015finin evi bas\u0131ld\u0131. Protestolar \u00fclke genelinde yay\u0131larak s\u00fcrerken, protestolarda yer alanlara d\u00f6n\u00fck g\u00f6zalt\u0131 operasyonlar\u0131 da devam ediyor. Sabah saatlerinde Adana, \u0130stanbul ve Bursa\u2019da bir\u00e7ok eve polis taraf\u0131ndan bask\u0131n d\u00fczenlendi. Bask\u0131nlarda \u00e7ok say\u0131da ki\u015fi g\u00f6zalt\u0131na al\u0131nd\u0131. \u00d6\u011frencilerin boykot eylemlerine [&hellip;]<\/p>\n","protected":false},"author":2,"featured_media":5635,"comment_status":"open","ping_status":"open","sticky":false,"template":"","format":"standard","meta":{"_jetpack_memberships_contains_paid_content":false,"jnews-multi-image_gallery":[],"jnews_single_post":{"subtitle":"","format":"standard","override":[{"template":"1","parallax":"1","fullscreen":"1","layout":"right-sidebar","sidebar":"default-sidebar","second_sidebar":"default-sidebar","sticky_sidebar":"1","share_position":"top","share_float_style":"share-monocrhome","show_featured":"1","show_post_meta":"1","show_post_author_image":"1","show_post_date":"1","post_date_format":"default","post_date_format_custom":"Y\/m\/d","show_post_category":"1","post_reading_time_wpm":"300","post_calculate_word_method":"str_word_count","zoom_button_out_step":"2","zoom_button_in_step":"3","show_post_tag":"1","show_prev_next_post":"1","show_popup_post":"1","number_popup_post":"1","show_author_box":"1","show_post_related":"0","show_inline_post_related":"0"}],"image_override":[{"single_post_thumbnail_size":"crop-500","single_post_gallery_size":"crop-500"}],"trending_post_position":"meta","trending_post_label":"Trending","sponsored_post_label":"Sponsored by","disable_ad":"0"},"jnews_primary_category":[],"jnews_social_meta":[],"jnews_review":[],"enable_review":"","type":"percentage","name":"","summary":"","brand":"","sku":"","good":[],"bad":[],"score_override":"","override_value":"","rating":[],"price":[],"jnews_override_counter":{"view_counter_number":"0","share_counter_number":"0","like_counter_number":"0","dislike_counter_number":"0"},"jnews_post_split":{"post_split":[{"template":"1","tag":"h2","numbering":"asc","mode":"normal","first":"0","enable_toc":"0","toc_type":"normal"}]},"footnotes":""},"categories":[51],"tags":[],"class_list":["post-5634","post","type-post","status-publish","format-standard","has-post-thumbnail","hentry","category-guncel"],"jetpack_sharing_enabled":true,"jetpack_featured_media_url":"https:\/\/berru.org\/wp-content\/uploads\/2025\/03\/M1a31wCJ.jpg","_links":{"self":[{"href":"https:\/\/berru.org\/index.php\/wp-json\/wp\/v2\/posts\/5634","targetHints":{"allow":["GET"]}}],"collection":[{"href":"https:\/\/berru.org\/index.php\/wp-json\/wp\/v2\/posts"}],"about":[{"href":"https:\/\/berru.org\/index.php\/wp-json\/wp\/v2\/types\/post"}],"author":[{"embeddable":true,"href":"https:\/\/berru.org\/index.php\/wp-json\/wp\/v2\/users\/2"}],"replies":[{"embeddable":true,"href":"https:\/\/berru.org\/index.php\/wp-json\/wp\/v2\/comments?post=5634"}],"version-history":[{"count":1,"href":"https:\/\/berru.org\/index.php\/wp-json\/wp\/v2\/posts\/5634\/revisions"}],"predecessor-version":[{"id":5636,"href":"https:\/\/berru.org\/index.php\/wp-json\/wp\/v2\/posts\/5634\/revisions\/5636"}],"wp:featuredmedia":[{"embeddable":true,"href":"https:\/\/berru.org\/index.php\/wp-json\/wp\/v2\/media\/5635"}],"wp:attachment":[{"href":"https:\/\/berru.org\/index.php\/wp-json\/wp\/v2\/media?parent=5634"}],"wp:term":[{"taxonomy":"category","embeddable":true,"href":"https:\/\/berru.org\/index.php\/wp-json\/wp\/v2\/categories?post=5634"},{"taxonomy":"post_tag","embeddable":true,"href":"https:\/\/berru.org\/index.php\/wp-json\/wp\/v2\/tags?post=5634"}],"curies":[{"name":"wp","href":"https:\/\/api.w.org\/{rel}","templated":true}]}}