{"id":1804,"date":"2024-07-18T18:11:32","date_gmt":"2024-07-18T15:11:32","guid":{"rendered":"https:\/\/berru.org\/?p=1804"},"modified":"2024-07-18T18:11:32","modified_gmt":"2024-07-18T15:11:32","slug":"22nci-munzur-kultur-ve-doga-festivalinin-programi-belli-oldu","status":"publish","type":"post","link":"https:\/\/berru.org\/index.php\/2024\/07\/18\/22nci-munzur-kultur-ve-doga-festivalinin-programi-belli-oldu\/","title":{"rendered":"22\u2019nci Munzur K\u00fclt\u00fcr ve Do\u011fa Festivali\u2019nin Program\u0131 Belli Oldu"},"content":{"rendered":"<p><strong>HABER MERKEZ\u0130-<\/strong> 1990\u2019larda k\u00f6y bo\u015faltmalara, asimilasyona ve bask\u0131lara kar\u015f\u0131 2000\u2019li y\u0131llarda kutlanmaya ba\u015flayan Munzur K\u00fclt\u00fcr ve Do\u011fa Festivali\u2019nin 22\u2019ncisi i\u00e7in Dersim Dernekleri Federasyonu ve siyasi partiler a\u00e7\u0131klama yapt\u0131. Dersim Belediyesi\u2019nde yap\u0131lan a\u00e7\u0131klamada festivalin, 25-26-27-28 Temmuz\u2019da \u2018\u2019Do\u011fam\u0131z\u0131n ve \u0130rademizin Gasp\u0131na \u0130zin Vermeyece\u011fiz\u2019\u2019 \u015fiar\u0131 ile ger\u00e7ekle\u015ftirilece\u011fi belirtildi.<\/p>\n<p>Festival program\u0131 \u00f6ncesi konu\u015fan DEDEF Genel Ba\u015fkan\u0131 Ali R\u0131za Bilir, 22\u2019nci K\u00fclt\u00fcr Munzur Festivali\u2019nin 25-28 tarihleri aras\u0131nda olaca\u011f\u0131n\u0131 s\u00f6yledi. \u0130nsanlar\u0131n festivali d\u00f6rt g\u00f6zle bekledi\u011fini belirten Bilir, eme\u011fi ge\u00e7enlere te\u015fekk\u00fcr etti.<\/p>\n<p>\u2018Festivalin ana temas\u0131, do\u011fam\u0131z\u0131n ve irademizin gasp\u0131na izin vermeyece\u011fiz olacak\u2019 diyen Dersim Belediye E\u015f Ba\u015fkan\u0131 Birsen Orhan, \u201cFestivali b\u00fct\u00fcn dinamikleriyle birlikte y\u00fcr\u00fctt\u00fck ve ortaya g\u00fczel bir program \u00e7\u0131kard\u0131k\u201d dedi.<\/p>\n<p>Ard\u0131ndan Ovac\u0131k Belediye Ba\u015fkan\u0131 Mustafa Sar\u0131g\u00fcl ve Hozat Belediye Ba\u015fkan\u0131 Ayd\u0131n Kaya, il\u00e7e programlar\u0131n\u0131 bas\u0131nla payla\u015ft\u0131.<\/p>\n<p><strong>FEST\u0130VAL\u0130N DERS\u0130M MERKEZ PROGRAMI<\/strong><\/p>\n<p><strong>1. G\u00dcN (25 Temmuz Per\u015fembe)<\/strong><\/p>\n<p>Saat 11.00\u2019de Yeralt\u0131 \u00c7ar\u015f\u0131s\u0131\u2019nda davul zurna ile kar\u015f\u0131lama ve a\u00e7\u0131l\u0131\u015f konu\u015fmalar\u0131<\/p>\n<p>Saat 13.00\u2019te Behzat Firik \u00c7ocuk Korusu Sanat Soka\u011f\u0131\u2019nda \u015fark\u0131lar seslendirecek.<\/p>\n<p>Saat 16.00\u2019da Sanat Soka\u011f\u0131\u2019nda Yal\u00e7\u0131n \u00c7akmak ve Selim Temo\u2019nun konu\u015fmac\u0131 oldu\u011fu\u00a0 \u201cDersim\u2019den Horosan\u2019a Horasan\u2019dan Dersime\u201d adl\u0131 panle d\u00fczenlenecek.<\/p>\n<p>Saat 19.00\u2019da Dersim Belediyesi \u00f6n\u00fcnde \u201c\u0130rademe dokunma y\u00fcr\u00fcy\u00fc\u015f\u00fc\u201d ger\u00e7ekle\u015fecek.<\/p>\n<p>Saat 19.30\u2019da ise Mameki Park\u0131\u2019nda Dersim Belediye E\u015f Ba\u015fkanlar\u0131 Birsen Orhan, Cevdet Konak, DEDEF Genel Ba\u015fkan\u0131 Ali R\u0131za Bilir, DEM Parti E\u015f Genel Ba\u015fkan\u0131 Tuncer Bak\u0131rhan, Demokratik B\u00f6lgeler Partisi (DBP) E\u015f Genel Ba\u015fkan\u0131 \u00c7i\u011fdem K\u0131l\u0131\u00e7g\u00fcn U\u00e7ar\u2019\u0131n konu\u015fmalar\u0131n\u0131n ard\u0131ndan P\u0131nar Ayd\u0131nlar, JinMa, Kadir \u00c7at, Ye\u015fim Besler, I\u015f\u0131k Berfin, Baran Salt\u0131k, Mikail Aslan sahneye \u00e7\u0131kacak, konser verilecek.<\/p>\n<p>Saat 21.00\u2019de ise \u201cA\u015fkla sana\u201d belgeselinin g\u00f6sterimi Yerlat\u0131 \u00c7ar\u015f\u0131s\u0131 \u00fcst\u00fcnde yap\u0131lacak.<\/p>\n<p><strong>2.G\u00dcN (26 Temmuz Cuma)<\/strong><\/p>\n<p>Saat 13.00\u2019te Sanat Soka\u011f\u0131\u2019nda \u201cAlevi \u0130nanc\u0131 ve G\u00fcncel Sorunlar\u0131\u201d adl\u0131 panel d\u00fczenlenecek.<\/p>\n<p>Saat 15.30\u2019da \u201cDilimiz, Asimilasyon ve Biz\u201d adl\u0131 panel ger\u00e7ekle\u015fecek.<\/p>\n<p>Saat 17.30\u2019da Munzur\u2019a Akan Sesler adl\u0131 \u015fiir etkinli\u011fi Olmypos\u2019da d\u00fczenlenecek. Hicri \u0130zg\u00f6ren, Cevahir Bedel, Harun Tutu\u015f, Ak\u0131n Yanarda\u011f, Berivan Kaya, S\u00fcleyman Ayta\u00e7, Burhan G\u00fcndo\u011fan \u015fiirler seslendirirken, Erdo\u011fan Emir, Musa Baki, Taylan Y\u0131ld\u0131z, G\u00f6lge, Ceren Ayta\u00e7, Ozan Ya\u011fan sahne alacak.<\/p>\n<p>Saat 18.30\u2019da DS\u0130 Park\u0131\u2019nda ise \u201cKuklalar Kumpanyas\u0131\u201d adl\u0131 \u00e7ocuk etkinli\u011fi yap\u0131lacak.<\/p>\n<p>Saat 20.00\u2019de Seyit R\u0131za Meydan\u0131\u2019nda Dersim K\u00fclt\u00fcr Derne\u011fi (Koma Budelay) Anadil etkinli\u011fi d\u00fczenleyecek.<\/p>\n<p>Saat 21.00\u2019de ise \u201cDersim\u2019in M\u00fclks\u00fcz Ozan\u0131: Mehmet \u00c7apan ve Navni\u015fan adl\u0131 belgesel g\u00f6sterimler Yeralt\u0131 \u00c7ar\u015f\u0131s\u0131 \u00dcst\u00fcn\u2019nde ger\u00e7ekle\u015fecek.<\/p>\n<p><strong>3.G\u00dcN (27 Temmuz Cumartesi)<\/strong><\/p>\n<p>Saat 09.00\u2019da Seyit R\u0131za Meydan\u0131\u2019nda toplanarak \u201cSeyit R\u0131za Meydan\u0131, Ana Fatma, Halvori\u201d ziyaret edilecek.<\/p>\n<p>Saat 12.00\u2019de Sanat Soka\u011f\u0131\u2019nda Jineoloji \/Demokratik Siyaset Tart\u0131\u015f\u0131yor paneli d\u00fczenleyecek. Panelde G\u00fclten K\u0131\u015fanak, Rojda Y\u0131ld\u0131z, Kadriye Do\u011fan konu\u015fmac\u0131 olacak.<\/p>\n<p>Saat 15.00\u2019de Sanat Soka\u011f\u0131\u2019nda \u201cG\u00fcncel Siyasal Geli\u015fmeler\u201d paneli d\u00fczenlenecek. Erdal Ata\u015f, Beycan Ta\u015fk\u0131ran,Kaz\u0131m Tosun, Sebahat Tuncel, Seyit Aslan konu\u015facak.<\/p>\n<p>Saat 18.00\u2019de Seyit R\u0131za Meydan\u0131\u2019nda kad\u0131n etkinli\u011fi, Saat 18.30\u2019da Gazik Anneler G\u00fcn\u00fc Park\u0131\u2019nda ise \u00e7ocuk etknli\u011fi d\u00fczenlenecek.<\/p>\n<p>Saat: 19.00\u2019da Dersim Belediyesi \u00c7ocuk Korosu konser verecek.<\/p>\n<p>Saat 19.30\u2019da ise Seyit R\u0131za Meydan\u0131\u2019nda DAK m\u00fczik Diyap A\u011fa Ka\u015fta\u015f, Ali \u0130nan\u0131r, Grup Dora, Reber Diler, Zeynep K\u0131l\u0131\u00e7, G\u00fclten Kaya\u201d sahneye \u00e7\u0131kacak.<\/p>\n<p>Saat 20.30\u2019da RA belgeselinin g\u00f6sterimi Dar Sokak\u2019ta yap\u0131lacak<\/p>\n<p>Saat 21.30\u2019da ise Yeralt\u0131 \u00c7ar\u015f\u0131s\u0131 \u00fcst\u00fcnde Veywek belgeseli g\u00f6sterimi yap\u0131lacak.<\/p>\n<p><strong>4.G\u00dcN (28 Temmuz Pazar)<\/strong><\/p>\n<p>Saat 14.30\u2019da \u201cKent Demokrasisi\u201d paneli Sanat Soka\u011f\u0131\u2019nda d\u00fczenlenecek.<\/p>\n<p>Saat 16.00\u2019da Sanat Soka\u011f\u0131\u2019nda forum d\u00fczenlenecek.<\/p>\n<p>Saat 19.00\u2019da Sanat Soka\u011f\u0131\u2019nda \u00e7evre y\u00fcr\u00fcy\u00fc\u015f\u00fc d\u00fczenlenecek.<\/p>\n<p>Saat 19.30\u2019da ise Mameki Park\u0131\u2019nda Suavi, Grup Munzur, Grup Vardiya, Hasan Ali Sezer, Ahu Dem konser verecek.<\/p>\n<p>Saat 21.00\u2019de Tarihin Irma\u011f\u0131nda \u00d6nder ve Hasankeyf belgeseli g\u00f6sterimi yap\u0131lacak.<\/p>\n<p>Kaynak:PirHa<\/p>\n","protected":false},"excerpt":{"rendered":"<p>HABER MERKEZ\u0130- 1990\u2019larda k\u00f6y bo\u015faltmalara, asimilasyona ve bask\u0131lara kar\u015f\u0131 2000\u2019li y\u0131llarda kutlanmaya ba\u015flayan Munzur K\u00fclt\u00fcr ve Do\u011fa Festivali\u2019nin 22\u2019ncisi i\u00e7in Dersim Dernekleri Federasyonu ve siyasi partiler a\u00e7\u0131klama yapt\u0131. Dersim Belediyesi\u2019nde yap\u0131lan a\u00e7\u0131klamada festivalin, 25-26-27-28 Temmuz\u2019da \u2018\u2019Do\u011fam\u0131z\u0131n ve \u0130rademizin Gasp\u0131na \u0130zin Vermeyece\u011fiz\u2019\u2019 \u015fiar\u0131 ile ger\u00e7ekle\u015ftirilece\u011fi belirtildi. Festival program\u0131 \u00f6ncesi konu\u015fan DEDEF Genel Ba\u015fkan\u0131 Ali R\u0131za Bilir, [&hellip;]<\/p>\n","protected":false},"author":2,"featured_media":1805,"comment_status":"open","ping_status":"open","sticky":false,"template":"","format":"standard","meta":{"_jetpack_memberships_contains_paid_content":false,"jnews-multi-image_gallery":[],"jnews_single_post":{"source_name":"","source_url":"","via_name":"","via_url":"","override_template":"0","override":[{"template":"1","single_blog_custom":"","parallax":"1","fullscreen":"1","layout":"right-sidebar","sidebar":"default-sidebar","second_sidebar":"default-sidebar","sticky_sidebar":"1","share_position":"top","share_float_style":"share-monocrhome","show_share_counter":"0","show_view_counter":"0","show_featured":"1","show_post_meta":"1","show_post_author":"0","show_post_author_image":"1","show_post_date":"1","post_date_format":"default","post_date_format_custom":"Y\/m\/d","show_post_category":"1","show_post_reading_time":"0","post_reading_time_wpm":"300","show_zoom_button":"0","zoom_button_out_step":"2","zoom_button_in_step":"3","show_post_tag":"1","show_prev_next_post":"1","show_popup_post":"1","number_popup_post":"1","show_author_box":"1","show_post_related":"0","show_inline_post_related":"0"}],"override_image_size":"0","image_override":[{"single_post_thumbnail_size":"crop-500","single_post_gallery_size":"crop-500"}],"trending_post":"0","trending_post_position":"meta","trending_post_label":"Trendler","sponsored_post":"0","sponsored_post_label":"Sponsored by","sponsored_post_name":"","sponsored_post_url":"","sponsored_post_logo_enable":"0","sponsored_post_logo":"","sponsored_post_desc":"","disable_ad":"0"},"jnews_primary_category":{"id":"","hide":""},"jnews_social_meta":{"fb_title":"","fb_description":"","fb_image":"","twitter_title":"","twitter_description":"","twitter_image":""},"jnews_review":[],"enable_review":"0","type":"percentage","name":"","summary":"","brand":"","sku":"","good":[{"good_text":""}],"bad":[{"bad_text":""}],"score_override":"0","override_value":"","rating":[{"rating_text":"","rating_number":"10"}],"price":[{"shop":"","price":"","link":"","icon":""}],"jnews_override_counter":{"override_view_counter":"0","view_counter_number":"0","override_share_counter":"0","share_counter_number":"0","override_like_counter":"0","like_counter_number":"0","override_dislike_counter":"0","dislike_counter_number":"0"},"jnews_post_split":{"enable_post_split":"0","post_split":[{"template":"1","tag":"h2","numbering":"asc","mode":"normal","first":"0","enable_toc":"0","toc_type":"normal"}]},"footnotes":""},"categories":[49,44],"tags":[],"class_list":["post-1804","post","type-post","status-publish","format-standard","has-post-thumbnail","hentry","category-ekoloji","category-kultur-sanat"],"jetpack_sharing_enabled":true,"jetpack_featured_media_url":"https:\/\/berru.org\/wp-content\/uploads\/2024\/07\/kultur-festivali-tunceli-aa-2088479.jpg","_links":{"self":[{"href":"https:\/\/berru.org\/index.php\/wp-json\/wp\/v2\/posts\/1804","targetHints":{"allow":["GET"]}}],"collection":[{"href":"https:\/\/berru.org\/index.php\/wp-json\/wp\/v2\/posts"}],"about":[{"href":"https:\/\/berru.org\/index.php\/wp-json\/wp\/v2\/types\/post"}],"author":[{"embeddable":true,"href":"https:\/\/berru.org\/index.php\/wp-json\/wp\/v2\/users\/2"}],"replies":[{"embeddable":true,"href":"https:\/\/berru.org\/index.php\/wp-json\/wp\/v2\/comments?post=1804"}],"version-history":[{"count":1,"href":"https:\/\/berru.org\/index.php\/wp-json\/wp\/v2\/posts\/1804\/revisions"}],"predecessor-version":[{"id":1806,"href":"https:\/\/berru.org\/index.php\/wp-json\/wp\/v2\/posts\/1804\/revisions\/1806"}],"wp:featuredmedia":[{"embeddable":true,"href":"https:\/\/berru.org\/index.php\/wp-json\/wp\/v2\/media\/1805"}],"wp:attachment":[{"href":"https:\/\/berru.org\/index.php\/wp-json\/wp\/v2\/media?parent=1804"}],"wp:term":[{"taxonomy":"category","embeddable":true,"href":"https:\/\/berru.org\/index.php\/wp-json\/wp\/v2\/categories?post=1804"},{"taxonomy":"post_tag","embeddable":true,"href":"https:\/\/berru.org\/index.php\/wp-json\/wp\/v2\/tags?post=1804"}],"curies":[{"name":"wp","href":"https:\/\/api.w.org\/{rel}","templated":true}]}}