{"id":1451,"date":"2024-06-05T23:32:15","date_gmt":"2024-06-05T20:32:15","guid":{"rendered":"https:\/\/berru.org\/?p=1451"},"modified":"2024-06-05T23:32:15","modified_gmt":"2024-06-05T20:32:15","slug":"5-haziran-2015te-katledilenler-anildi","status":"publish","type":"post","link":"https:\/\/berru.org\/index.php\/2024\/06\/05\/5-haziran-2015te-katledilenler-anildi\/","title":{"rendered":"5&#8242; HAZ\u0130RAN 2015&#8217;TE KATLED\u0130LENLER ANILDI"},"content":{"rendered":"<div class=\"row\">\n<div class=\"post single\">\n<div class=\"post_content clearfix\">\n<div class=\"content_box\">\n<div class=\"text\">\n<p><strong>AMED<\/strong>\u00a0&#8211; \u0130stasyon Meydan\u0131&#8217;nda HDP mitingine d\u00f6n\u00fck DA\u0130\u015e sald\u0131r\u0131s\u0131nda ya\u015fam\u0131n\u0131 yitirenler, katledili\u015flerinin 9\u2019uncu y\u0131l\u0131nda me\u015faleli y\u00fcr\u00fcy\u00fc\u015fle an\u0131ld\u0131.<\/p>\n<div>\n<div><\/div>\n<div>Halklar\u0131n Demokratik Partisi\u2019nin (HDP) 5 Haziran 2015 tarihinde Amed\u2019in \u0130stasyon Meydan\u0131\u2019nda d\u00fczenledi\u011fi \u201cB\u00fcy\u00fck \u0130nsanl\u0131k\u201d mitingine y\u00f6nelik DA\u0130\u015e\u2019in ger\u00e7ekle\u015ftirdi\u011fi bombal\u0131 sald\u0131r\u0131da hayat\u0131n\u0131 kaybedenler, katledili\u015flerinin 9\u2019uncu y\u0131l\u0131nda an\u0131ld\u0131. Halklar\u0131n E\u015fitlik ve Demokrasi Partisi (DEM Parti) \u00f6nc\u00fcl\u00fc\u011f\u00fcndeki y\u00fcr\u00fcy\u00fc\u015fe, Demokratik B\u00f6lgeler Partisi (DBP) E\u015f Genel Ba\u015fkan Yard\u0131mc\u0131s\u0131 Tar\u0131k Tatl\u0131, DEM Parti milletvekilleri Ceylan Ak\u00e7a ve Sinan \u00c7ifty\u00fcrek, katliamda yaralananlar ve \u00e7ok say\u0131da ki\u015fi kat\u0131ld\u0131.<\/div>\n<div><\/div>\n<div><strong>ME\u015eALEL\u0130 Y\u00dcR\u00dcY\u00dc\u015e\u00a0<\/strong><\/div>\n<div><\/div>\n<div>S\u00fbr il\u00e7esinde bulunan Urfakap\u0131&#8217;da toplanan kitle, me\u015falelerle katliam\u0131n ya\u015fand\u0131\u011f\u0131 \u0130stasyon Meydan\u0131\u2019na kadar y\u00fcr\u00fcy\u00fc\u015f d\u00fczenledi. Kitle s\u0131k s\u0131k &#8220;Amed, Pirs\u00fbs, Ankara katilleri unutma\u201d sloganlar\u0131 att\u0131. Hakkari \u00a0Belediyesi&#8217;ne kayy\u0131m atamas\u0131n\u0131n da protesto edildi\u011fi eylemde, \u201cYa me ye ya me ye \u015faredar\u00ee ya me ye\u201d slogan\u0131 at\u0131ld\u0131.<\/div>\n<div><\/div>\n<div><strong>\u2018KATL\u0130AMCILARI UNUTMAYACA\u011eIZ\u2019<\/strong><\/div>\n<div><\/div>\n<div>DEM Parti \u0130l E\u015fba\u015fkna\u0131 Abbas \u015eahin, katliamlar\u0131 yapanlar\u0131 hi\u00e7bir zaman unutmayacaklar\u0131n\u0131 vurgulad\u0131. \u015eahin, &#8220;Katliamlara kar\u015f\u0131 her zaman haf\u0131zam\u0131z\u0131 diri tutaca\u011f\u0131z. \u00dclke demokrasiden 9 y\u0131lda uzakla\u015ft\u0131k\u00e7a uzakla\u015ft\u0131. OHAL ko\u015fullar\u0131 had safhaya ula\u015ft\u0131. Bizler K\u00fcrtler ve T\u00fcrkiye halklar\u0131 asla vazge\u00e7medik. Katliamda ya\u015fam\u0131n\u0131 yitirenleri an\u0131yoruz\u201d dedi.<\/div>\n<div><\/div>\n<div><strong>M\u00dcCADELE VURGUSU<\/strong><\/div>\n<div><\/div>\n<div>Katliamda ya\u015fam\u0131n\u0131 yitiren Necati Kurul\u2019un abisi Hayati Kurul, &#8220;Her t\u00fcrl\u00fc kirli siyaseti yaparak \u0130\u015e\u0130D ile bu katliamlar\u0131 ger\u00e7ekle\u015ftirdiler. Bu katliamlara kar\u015f\u0131 her zaman m\u00fccadelemizi s\u00fcrd\u00fcrece\u011fiz. Geri ad\u0131m atmayaca\u011f\u0131z. Her ne olursa olsun bu davan\u0131n arkas\u0131nda durmaya devam edece\u011fiz. B\u00fct\u00fcn hukuksuzluk ve adaletsiz yarg\u0131lamalar\u0131 asla kabul etmedik ve etmeyece\u011fiz\u201d diye konu\u015ftu.<\/div>\n<div><\/div>\n<div>Wan Milletvekili Sinan \u00c7ifty\u00fcrek, &#8220;K\u00fcrt halk\u0131n\u0131n tarihi, T\u00fcrkiye halklar\u0131n\u0131n tarihi katliamlar tarihidir. Her katliam bir yeralt\u0131 karanl\u0131k g\u00fcc\u00fc taraf\u0131ndan geliyor. Bu 5 Haziran katliam\u0131 da 7 Haziran \u00f6ncesinde halk \u00fczerindeki siyasete y\u00f6n vermek i\u00e7indi. 9 y\u0131l \u00f6nce ya\u015fam\u0131n\u0131 yitirenleri an\u0131yoruz. 400 yaral\u0131y\u0131 da selaml\u0131yorum&#8221; ifadelerini kulland\u0131.<\/div>\n<div><\/div>\n<div><strong>POL\u0130SE TEPK\u0130<\/strong><\/div>\n<div><\/div>\n<div>DEM Partili Ceylan Ak\u00e7a, polis amirinin megafonla konu\u015fmalara m\u00fcdahale etmesine tepki g\u00f6sterdi. Ak\u00e7a, &#8220;Ankara katliam\u0131n\u0131 yapan \u0130\u015e\u0130D organizat\u00f6r\u00fc 40 defa M\u0130T\u2019e girdi, onun i\u00e7in mikrofonlar\u0131n\u0131z ni\u00e7in kalkmad\u0131? Ama ac\u0131l\u0131 bir aile ac\u0131s\u0131n\u0131 ifade edince mikrofonlar\u0131n\u0131z ses \u00e7\u0131karabiliyor\u201d dedi.<\/div>\n<div><\/div>\n<div>Ard\u0131ndan ya\u015fam\u0131n\u0131 yitirenler i\u00e7in sayg\u0131 duru\u015fu yap\u0131ld\u0131. Anma, ya\u015fam\u0131n\u0131 yitirenlerin foto\u011fraflar\u0131n\u0131n yan\u0131na karanfil b\u0131rak\u0131lmas\u0131yla son buldu.<\/div>\n<div><\/div>\n<\/div>\n<div><\/div>\n<div><\/div>\n<div><\/div>\n<div><\/div>\n<\/div>\n<\/div>\n<\/div>\n<\/div>\n<\/div>\n<div class=\"row page_margin_top\">\n<div class=\"share_box colors clearfix\"><label>Payla\u015f:<\/label><\/p>\n<ul class=\"social_icons from-news clearfix\">\n<li><\/li>\n<\/ul>\n<\/div>\n<\/div>\n","protected":false},"excerpt":{"rendered":"<p>AMED\u00a0&#8211; \u0130stasyon Meydan\u0131&#8217;nda HDP mitingine d\u00f6n\u00fck DA\u0130\u015e sald\u0131r\u0131s\u0131nda ya\u015fam\u0131n\u0131 yitirenler, katledili\u015flerinin 9\u2019uncu y\u0131l\u0131nda me\u015faleli y\u00fcr\u00fcy\u00fc\u015fle an\u0131ld\u0131. Halklar\u0131n Demokratik Partisi\u2019nin (HDP) 5 Haziran 2015 tarihinde Amed\u2019in \u0130stasyon Meydan\u0131\u2019nda d\u00fczenledi\u011fi \u201cB\u00fcy\u00fck \u0130nsanl\u0131k\u201d mitingine y\u00f6nelik DA\u0130\u015e\u2019in ger\u00e7ekle\u015ftirdi\u011fi bombal\u0131 sald\u0131r\u0131da hayat\u0131n\u0131 kaybedenler, katledili\u015flerinin 9\u2019uncu y\u0131l\u0131nda an\u0131ld\u0131. Halklar\u0131n E\u015fitlik ve Demokrasi Partisi (DEM Parti) \u00f6nc\u00fcl\u00fc\u011f\u00fcndeki y\u00fcr\u00fcy\u00fc\u015fe, Demokratik B\u00f6lgeler Partisi (DBP) [&hellip;]<\/p>\n","protected":false},"author":2,"featured_media":1452,"comment_status":"open","ping_status":"open","sticky":false,"template":"","format":"video","meta":{"_jetpack_memberships_contains_paid_content":false,"jnews-multi-image_gallery":[],"jnews_single_post":{"source_name":"","source_url":"","via_name":"","via_url":"","override_template":"0","override":[{"template":"1","single_blog_custom":"","parallax":"1","fullscreen":"1","layout":"right-sidebar","sidebar":"default-sidebar","second_sidebar":"default-sidebar","sticky_sidebar":"1","share_position":"top","share_float_style":"share-monocrhome","show_share_counter":"0","show_view_counter":"0","show_featured":"1","show_post_meta":"1","show_post_author":"0","show_post_author_image":"1","show_post_date":"1","post_date_format":"default","post_date_format_custom":"Y\/m\/d","show_post_category":"1","show_post_reading_time":"0","post_reading_time_wpm":"300","show_zoom_button":"0","zoom_button_out_step":"2","zoom_button_in_step":"3","show_post_tag":"1","show_prev_next_post":"1","show_popup_post":"1","number_popup_post":"1","show_author_box":"1","show_post_related":"0","show_inline_post_related":"0"}],"override_image_size":"0","image_override":[{"single_post_thumbnail_size":"crop-500","single_post_gallery_size":"crop-500"}],"trending_post":"0","trending_post_position":"meta","trending_post_label":"Trendler","sponsored_post":"0","sponsored_post_label":"Sponsored by","sponsored_post_name":"","sponsored_post_url":"","sponsored_post_logo_enable":"0","sponsored_post_logo":"","sponsored_post_desc":"","disable_ad":"0"},"jnews_primary_category":{"id":"","hide":""},"jnews_social_meta":{"fb_title":"","fb_description":"","fb_image":"","twitter_title":"","twitter_description":"","twitter_image":""},"jnews_review":[],"enable_review":"0","type":"percentage","name":"","summary":"","brand":"","sku":"","good":[{"good_text":""}],"bad":[{"bad_text":""}],"score_override":"0","override_value":"","rating":[{"rating_text":"","rating_number":"10"}],"price":[{"shop":"","price":"","link":"","icon":""}],"jnews_override_counter":{"override_view_counter":"0","view_counter_number":"0","override_share_counter":"0","share_counter_number":"0","override_like_counter":"0","like_counter_number":"0","override_dislike_counter":"0","dislike_counter_number":"0"},"jnews_post_split":{"enable_post_split":"0","post_split":[{"template":"1","tag":"h2","numbering":"asc","mode":"normal","first":"0","enable_toc":"0","toc_type":"normal"}]},"footnotes":""},"categories":[51],"tags":[],"class_list":["post-1451","post","type-post","status-publish","format-video","has-post-thumbnail","hentry","category-guncel","post_format-post-format-video"],"jetpack_sharing_enabled":true,"jetpack_featured_media_url":"https:\/\/berru.org\/wp-content\/uploads\/2024\/06\/photo_2024-06-05_23-31-39.jpg","_links":{"self":[{"href":"https:\/\/berru.org\/index.php\/wp-json\/wp\/v2\/posts\/1451","targetHints":{"allow":["GET"]}}],"collection":[{"href":"https:\/\/berru.org\/index.php\/wp-json\/wp\/v2\/posts"}],"about":[{"href":"https:\/\/berru.org\/index.php\/wp-json\/wp\/v2\/types\/post"}],"author":[{"embeddable":true,"href":"https:\/\/berru.org\/index.php\/wp-json\/wp\/v2\/users\/2"}],"replies":[{"embeddable":true,"href":"https:\/\/berru.org\/index.php\/wp-json\/wp\/v2\/comments?post=1451"}],"version-history":[{"count":1,"href":"https:\/\/berru.org\/index.php\/wp-json\/wp\/v2\/posts\/1451\/revisions"}],"predecessor-version":[{"id":1453,"href":"https:\/\/berru.org\/index.php\/wp-json\/wp\/v2\/posts\/1451\/revisions\/1453"}],"wp:featuredmedia":[{"embeddable":true,"href":"https:\/\/berru.org\/index.php\/wp-json\/wp\/v2\/media\/1452"}],"wp:attachment":[{"href":"https:\/\/berru.org\/index.php\/wp-json\/wp\/v2\/media?parent=1451"}],"wp:term":[{"taxonomy":"category","embeddable":true,"href":"https:\/\/berru.org\/index.php\/wp-json\/wp\/v2\/categories?post=1451"},{"taxonomy":"post_tag","embeddable":true,"href":"https:\/\/berru.org\/index.php\/wp-json\/wp\/v2\/tags?post=1451"}],"curies":[{"name":"wp","href":"https:\/\/api.w.org\/{rel}","templated":true}]}}