{"id":12591,"date":"2026-09-06T16:13:44","date_gmt":"2026-09-06T13:13:44","guid":{"rendered":"https:\/\/berru.org\/?p=12591"},"modified":"2026-09-06T16:13:44","modified_gmt":"2026-09-06T13:13:44","slug":"rojavada-ogrenciler-kurtce-egitim-icin-alanlarda","status":"publish","type":"post","link":"https:\/\/berru.org\/index.php\/2026\/09\/06\/rojavada-ogrenciler-kurtce-egitim-icin-alanlarda\/","title":{"rendered":"Rojava\u2019da \u00d6\u011frenciler K\u00fcrt\u00e7e E\u011fitim \u0130\u00e7in Alanlarda"},"content":{"rendered":"<p><strong>HABER MERKEZ\u0130<\/strong>&#8211; Suriye E\u011fitim Bakanl\u0131\u011f\u0131\u2019n\u0131n K\u00fcrt\u00e7eyi haftada \u00fc\u00e7 dersle s\u0131n\u0131rland\u0131ran karar\u0131na kar\u015f\u0131 Rojava kentlerinde \u00f6\u011frenciler derslere girmedi. \u00d6\u011frenciler, K\u00fcrt\u00e7e e\u011fitim talep etti.<\/p>\n<p>Rojava&#8217;da \u00f6\u011frencilerin Suriye E\u011fitim Bakanl\u0131\u011f\u0131\u2019n\u0131n K\u00fcrt\u00e7eyi haftada \u00fc\u00e7 dersle s\u0131n\u0131rland\u0131ran karar\u0131na kar\u015f\u0131 protestolar\u0131 yay\u0131larak devam ediyor.<\/p>\n<p class=\"isSelectedEnd\">Suriye\u2019de 2026\/2027 e\u011fitim-\u00f6\u011fretim y\u0131l\u0131n\u0131n ba\u015flamas\u0131yla birlikte, Ge\u00e7ici \u015eam H\u00fck\u00fcmeti E\u011fitim Bakanl\u0131\u011f\u0131\u2019n\u0131n K\u00fcrt\u00e7eyi haftada \u00fc\u00e7 dersle s\u0131n\u0131rland\u0131ran karar\u0131na kar\u015f\u0131 \u00f6\u011frenciler, Hesek\u00ea, Koban\u00ea, Qami\u015flo ve \u00c7ilaxa\u2019da okul \u00f6nlerinde eylemler d\u00fczenledi.<\/p>\n<p>Koban\u00ea&#8217;deki \u00f6\u011frenciler, yeni e\u011fitim-\u00f6\u011fretim y\u0131l\u0131n\u0131n ilk g\u00fcn\u00fcnde, Ge\u00e7ici \u015eam H\u00fck\u00fcmeti E\u011fitim Bakanl\u0131\u011f\u0131 taraf\u0131ndan \u00e7\u0131kar\u0131lan ve anadilde e\u011fitimi haftada sadece \u00fc\u00e7 dersle s\u0131n\u0131rland\u0131ran kararnameye tepki g\u00f6sterdi. Okul \u00f6nlerinde ellerindeki K\u00fcrt\u00e7e bilim kitaplar\u0131yla Suriye E\u011fitim Bakanl\u0131\u011f\u0131&#8217;n\u0131 protesto eden \u00f6\u011frenciler, derslere girmedi.<\/p>\n<p>\u00d6\u011frenciler, Arap\u00e7an\u0131n \u00f6\u011fretilmesine kar\u015f\u0131 olmad\u0131klar\u0131n\u0131 ancak \u00f6nceki y\u0131llarda K\u00fcrt\u00e7e e\u011fitim g\u00f6ren \u00e7ocuklar\u0131n e\u011fitimlerini ayn\u0131 dilde s\u00fcrd\u00fcrebilmesi gerekti\u011fini belirtti.<\/p>\n<p class=\"isSelectedEnd\"><strong>Hesek\u00ea ve Qami\u015flo\u2019da \u00f6\u011frenciler s\u0131n\u0131flara girmedi<\/strong><\/p>\n<p class=\"isSelectedEnd\">Hesek\u00ea ve Qami\u015flo kentlerinde de \u00f6\u011frenciler okul \u00f6nlerinde bir araya gelerek Bakanl\u0131\u011f\u0131n karar\u0131n\u0131 protesto etti. \u00d6\u011frenciler, K\u00fcrt dili i\u00e7in haftada \u00fc\u00e7 ders \u00f6ng\u00f6ren karar\u0131 reddederek K\u00fcrt\u00e7e ders materyalleri ve m\u00fcfredat\u0131yla e\u011fitim g\u00f6rmek istediklerini belirtti.<\/p>\n<p class=\"isSelectedEnd\">Qam\u0131\u015flo&#8217;da \u00f6\u011frenciler yapt\u0131klar\u0131 a\u00e7\u0131klamada, \u201cK\u00fcrt dili sesimiz, k\u00fclt\u00fcr\u00fcm\u00fcz ve varl\u0131\u011f\u0131m\u0131zd\u0131r; 3 dersi kabul etmiyoruz. Bizler \u00f6\u011frenci olarak kendimizin ve K\u00fcrt halk\u0131n\u0131n hakk\u0131n\u0131 talep ediyoruz. Hi\u00e7bir dile kar\u015f\u0131 de\u011filiz, ancak dilimizin ve hakk\u0131m\u0131z\u0131n savunucusuyuz. Ana dili se\u00e7meli bir dil olamayaca\u011f\u0131 i\u00e7in, \u00f6\u011frenciler e\u011fitimlerini kendi ana dillerinde almal\u0131d\u0131r\u201d ifadelerini kulland\u0131.<\/p>\n<p class=\"isSelectedEnd\">Ana dilde e\u011fitim hakk\u0131n\u0131n korunmas\u0131 gerekti\u011fini belirten \u00f6\u011frenciler, bu hakk\u0131n elde edilmesi i\u00e7in binlerce ki\u015finin ya\u015fam\u0131n\u0131 yitirdi\u011fini vurgulad\u0131. \u00d6\u011frenciler, K\u00fcrt\u00e7e ders materyallerine dayal\u0131 e\u011fitim talepleri kabul edilene kadar s\u0131n\u0131flara girmeyeceklerini a\u00e7\u0131klad\u0131.<\/p>\n<p class=\"isSelectedEnd\"><strong>\u00c7ilaxa\u2019da da boykot<\/strong><\/p>\n<p class=\"isSelectedEnd\">\u00c7ilaxa kentinde de Bakanl\u0131\u011f\u0131n karar\u0131na tepki g\u00f6sterildi. \u00c7ilaxa ve ba\u011fl\u0131 Aliyan b\u00f6lgesindeki K\u00fcrt \u00f6\u011frenciler okula gitmeyi reddetti.<\/p>\n<p>\u00d6\u011frenciler, K\u00fcrt\u00e7enin yaln\u0131zca haftada \u00fc\u00e7 ders okutulan bir ders olarak de\u011fil, e\u011fitim dili olarak kullan\u0131lmas\u0131n\u0131 talep ediyor.<\/p>\n","protected":false},"excerpt":{"rendered":"<p>HABER MERKEZ\u0130&#8211; Suriye E\u011fitim Bakanl\u0131\u011f\u0131\u2019n\u0131n K\u00fcrt\u00e7eyi haftada \u00fc\u00e7 dersle s\u0131n\u0131rland\u0131ran karar\u0131na kar\u015f\u0131 Rojava kentlerinde \u00f6\u011frenciler derslere girmedi. \u00d6\u011frenciler, K\u00fcrt\u00e7e e\u011fitim talep etti. Rojava&#8217;da \u00f6\u011frencilerin Suriye E\u011fitim Bakanl\u0131\u011f\u0131\u2019n\u0131n K\u00fcrt\u00e7eyi haftada \u00fc\u00e7 dersle s\u0131n\u0131rland\u0131ran karar\u0131na kar\u015f\u0131 protestolar\u0131 yay\u0131larak devam ediyor. Suriye\u2019de 2026\/2027 e\u011fitim-\u00f6\u011fretim y\u0131l\u0131n\u0131n ba\u015flamas\u0131yla birlikte, Ge\u00e7ici \u015eam H\u00fck\u00fcmeti E\u011fitim Bakanl\u0131\u011f\u0131\u2019n\u0131n K\u00fcrt\u00e7eyi haftada \u00fc\u00e7 dersle s\u0131n\u0131rland\u0131ran karar\u0131na [&hellip;]<\/p>\n","protected":false},"author":2,"featured_media":12592,"comment_status":"open","ping_status":"open","sticky":false,"template":"","format":"standard","meta":{"_jetpack_memberships_contains_paid_content":false,"jnews-multi-image_gallery":[],"jnews_single_post":{"subtitle":""},"jnews_primary_category":[],"jnews_social_meta":[],"jnews_review":[],"enable_review":"","type":"","name":"","summary":"","brand":"","sku":"","good":[],"bad":[],"score_override":"","override_value":"","rating":[],"price":[],"jnews_override_counter":[],"jnews_post_split":[],"footnotes":""},"categories":[51],"tags":[],"class_list":["post-12591","post","type-post","status-publish","format-standard","has-post-thumbnail","hentry","category-guncel"],"jetpack_sharing_enabled":true,"jetpack_featured_media_url":"https:\/\/berru.org\/wp-content\/uploads\/2026\/09\/rojava-perwerde-ziman-kurdi-4kjd.jpg","_links":{"self":[{"href":"https:\/\/berru.org\/index.php\/wp-json\/wp\/v2\/posts\/12591","targetHints":{"allow":["GET"]}}],"collection":[{"href":"https:\/\/berru.org\/index.php\/wp-json\/wp\/v2\/posts"}],"about":[{"href":"https:\/\/berru.org\/index.php\/wp-json\/wp\/v2\/types\/post"}],"author":[{"embeddable":true,"href":"https:\/\/berru.org\/index.php\/wp-json\/wp\/v2\/users\/2"}],"replies":[{"embeddable":true,"href":"https:\/\/berru.org\/index.php\/wp-json\/wp\/v2\/comments?post=12591"}],"version-history":[{"count":1,"href":"https:\/\/berru.org\/index.php\/wp-json\/wp\/v2\/posts\/12591\/revisions"}],"predecessor-version":[{"id":12593,"href":"https:\/\/berru.org\/index.php\/wp-json\/wp\/v2\/posts\/12591\/revisions\/12593"}],"wp:featuredmedia":[{"embeddable":true,"href":"https:\/\/berru.org\/index.php\/wp-json\/wp\/v2\/media\/12592"}],"wp:attachment":[{"href":"https:\/\/berru.org\/index.php\/wp-json\/wp\/v2\/media?parent=12591"}],"wp:term":[{"taxonomy":"category","embeddable":true,"href":"https:\/\/berru.org\/index.php\/wp-json\/wp\/v2\/categories?post=12591"},{"taxonomy":"post_tag","embeddable":true,"href":"https:\/\/berru.org\/index.php\/wp-json\/wp\/v2\/tags?post=12591"}],"curies":[{"name":"wp","href":"https:\/\/api.w.org\/{rel}","templated":true}]}}