{"id":12578,"date":"2026-09-04T14:45:44","date_gmt":"2026-09-04T11:45:44","guid":{"rendered":"https:\/\/berru.org\/?p=12578"},"modified":"2026-09-04T15:13:31","modified_gmt":"2026-09-04T12:13:31","slug":"kurtce-siir-ve-oyku-yarismasina-basvuru-icin-son-tarih-15-eylul","status":"publish","type":"post","link":"https:\/\/berru.org\/index.php\/2026\/09\/04\/kurtce-siir-ve-oyku-yarismasina-basvuru-icin-son-tarih-15-eylul\/","title":{"rendered":"K\u00fcrt\u00e7e \u015eiir ve \u00d6yk\u00fc Yar\u0131\u015fmas\u0131na Ba\u015fvuru \u0130\u00e7in Son Tarih 15 Eyl\u00fcl"},"content":{"rendered":"<p><strong>\u0130ZM\u0130R-<\/strong> TEV-KOM, gen\u00e7ler i\u00e7in K\u00fcrt\u00e7e\u2019nin Kurmanc\u00ee ve Kirmanck\u00ee leh\u00e7elerinde \u015fiir ve \u00f6yk\u00fc yar\u0131\u015fmas\u0131 d\u00fczenliyor. TEV-KOM \u00fcyesi ve Ege \u00dcniversitesi \u00f6\u011frencisi \u00dcnal Ya\u015far, \u201cK\u00fcrt dili, k\u00fclt\u00fcr\u00fc ve sanat\u0131na dair \u00e7al\u0131\u015fmalar\u0131 hep birlikte y\u00fcr\u00fctelim\u201d dedi.<\/p>\n<p>18 Nisan\u2019da kurulu\u015funu ilan eden K\u00fcrt Dili ve K\u00fclt\u00fcr\u00fc \u00d6\u011frenci Topluluklar\u0131 Hareketi, (TEV-KOM) \u00e7al\u0131\u015fmalar\u0131na devam ediyor. Kuruldu\u011fu g\u00fcnden itibaren \u0131rk\u00e7\u0131 gruplar\u0131n hedefinde olan TEV-KOM bir\u00e7ok defa kriminalize edilme operasyonlar\u0131yla b\u00fcy\u00fcmesinin \u00f6n\u00fcne ge\u00e7ilmek istendi. Buna ra\u011fmen TEV-KOM K\u00fcrdistan ve T\u00fcrkiye\u2019de K\u00fcrt gen\u00e7leri aras\u0131nda ilgi g\u00f6rerek b\u00fcy\u00fcmeye devam etti.<\/p>\n<p><strong>YARI\u015eMANIN \u0130\u00c7ER\u0130\u011e\u0130<\/strong><\/p>\n<p>TEV-KOM bu sefer K\u00fcr\u00e7e \u015fiir ve \u00f6yk\u00fc yar\u0131\u015fmas\u0131 d\u00fczenliyor. 15 A\u011fustos\u2019ta ba\u015flayan yar\u0131\u015fma 15 Eyl\u00fcl\u2019de sona erecek. K\u00fcrt\u00e7e\u2019nin Kurmanc\u00ee ve Kirmanck\u00ee leh\u00e7elerinde d\u00fczenlenecek yar\u0131\u015fmaya 17-30 ya\u015f aras\u0131 her gen\u00e7 ba\u015fvurabilecek. Yar\u0131\u015fmaya kat\u0131lmak isteyen gen\u00e7ler, \u015fiir ve \u00f6yk\u00fclerini 15 Eyl\u00fcl\u2019e kadar tevkomfermi@gmail.com adresine g\u00f6nderebilecek. Yar\u0131\u015fman\u0131n 1\u2019incilerine j\u00fcrinin imzalad\u0131\u011f\u0131 kitaplar, Amedspor formas\u0131 ve s\u00fcrpriz \u00f6d\u00fcl 2\u2019incilerine ise para \u00f6d\u00fcl\u00fc, j\u00fcrinin imzalad\u0131\u011f\u0131 kitaplar ve plaket verilecek.<\/p>\n<p><strong>J\u00dcR\u0130LER<\/strong><\/p>\n<p>K\u00fcrt\u00e7e\u2019nin Kurmanc\u00ee leh\u00e7esinde \u00f6yk\u00fc kategorisinin j\u00fcrileri S\u00eedar J\u00eer, Fewz\u00ee B\u00eelge, R\u00eab\u00een Ozmen, Hab\u00eebe Polattag olurken, \u015fiir kategorisinde Mizg\u00een Ronak, N\u00fbroj M\u00fbnz\u00fbr, R\u00eanas Jiyan ve R\u00eazan Diljen yer al\u0131yor.<\/p>\n<p>K\u00fcrt\u00e7e\u2019nin Kirman\u00e7k\u00ee-Zazak\u00ee leh\u00e7esinde ise \u00f6yk\u00fc kategorisinin j\u00fcrileri Murad Can\u015fad, Deniz G\u00fcnd\u00fcz, Nadire G\u00fcnta\u015f ve P\u0131nar Y\u0131ld\u0131z olurken, \u015fiir kategorisinde \u00d6mer Barasi, Bedriye Topa\u00e7, \u0130hsan Espar ve \u0130dris Yazar yer al\u0131yor.<\/p>\n<p>TEV-KOM \u00fcyesi Ege \u00dcniversite \u00f6\u011frencisi \u00dcnal Ya\u015far, yar\u0131\u015fman\u0131n i\u00e7eri\u011fi, anlam ve \u00f6nemine dair sorular\u0131m\u0131z\u0131 yan\u0131tlad\u0131.<\/p>\n<p>\u00dcnal Ya\u015far, \u015fiir ve \u00f6yk\u00fcn\u00fcn bir dilin zenginli\u011fi oldu\u011funu belirterek, bu yar\u0131\u015fmayla birlikte K\u00fcrt\u00e7e \u015fiir ve \u00f6yk\u00fcleri K\u00fcrt gen\u00e7leri aras\u0131nda g\u00fcndeme getirmek istediklerini s\u00f6yledi.<\/p>\n<p>\u00d6zellikle K\u00fcrt gen\u00e7lerinin dillerinden uzakla\u015ft\u0131\u011f\u0131n\u0131 ifade eden Ya\u015far, \u201c100 y\u0131ld\u0131r K\u00fcrt\u00e7e kriminalize ediliyor. Uygulanan asimilasyon politikalar\u0131 yerini oto-asimilasyona b\u0131rakt\u0131. Bundan dolay\u0131 K\u00fcrt\u00e7e unutturulmak isteniyor. \u00d6zellikle gen\u00e7lerin K\u00fcrt\u00e7e\u2019ye dair d\u00fc\u015f\u00fcnceleri de\u011fi\u015ftirildi. Bundan dolay\u0131 konu \u00e7ok \u00f6nemlidir. \u00c7\u00f6z\u00fcm\u00fcn\u00fc bulmak ve K\u00fcrt\u00e7e\u2019yi olmas\u0131 gereken yere ta\u015f\u0131mak gereklidir. Biz de TEV-KOM olarak \u00e7al\u0131\u015fmalar\u0131m\u0131z\u0131 bu temelde y\u00fcr\u00fct\u00fcyoruz. Gen\u00e7 arkada\u015flar bize kat\u0131labilir. K\u00fcrt dili, k\u00fclt\u00fcr\u00fc ve sanat\u0131na dair \u00e7al\u0131\u015fmalar\u0131 hep birlikte y\u00fcr\u00fctelim\u201d ifadelerini kulland\u0131.<\/p>\n<p><strong>\u2018EMEK VERMEK \u0130STEYEN HERKES GELEB\u0130L\u0130R\u2019<\/strong><\/p>\n<p>\u00d6ncelikli hedeflerinin K\u00fcrt\u00e7e\u2019nin kamp\u00fcslerde e\u011fitim dili olmas\u0131 oldu\u011funu payla\u015fan Ya\u015far, bunun i\u00e7in \u00f6rg\u00fctl\u00fc bir \u015fekilde m\u00fccadele y\u00fcr\u00fct\u00fclmesi gerekti\u011fini vurgulad\u0131. Buna dair yapt\u0131klar\u0131 \u00e7al\u0131\u015fmalar\u0131 payla\u015fan Ya\u015far, geleneksel etkinlikler, paneller ve K\u00fcrt\u00e7e at\u00f6lyeler d\u00fczenlediklerini aktard\u0131.<\/p>\n<p>K\u00fcrt gen\u00e7lerine \u00e7a\u011fr\u0131da bulunan Ya\u015far, \u201cEmek vermek isteyen, eylemlerde yer almak isteyen t\u00fcm K\u00fcrt gen\u00e7leri bize kat\u0131labilir. Ege \u00dcniversitesi\u2019nde bulunan K\u00fcrt gen\u00e7leri olarak nas\u0131l organize olup Ege Kurd\u00ee\u2019yi kurduysak, di\u011fer \u00fcniversitelerde bulunan K\u00fcrt gen\u00e7leri de organize olup a\u00e7abilirler. Bu \u015fekilde K\u00fcrt dili ve k\u00fclt\u00fcr\u00fcne dair hassasiyetlerini g\u00f6sterebilirler. Dilimiz onurumuz ve varl\u0131\u011f\u0131m\u0131zd\u0131r. Hassasiyetimizin daha fazla olmas\u0131 ve g\u00fc\u00e7l\u00fc \u00e7al\u0131\u015fmalar yapmam\u0131z gerekiyor\u201d dedi.<\/p>\n<p><strong>\u2018\u00d6NCEL\u0130\u011e\u0130M\u0130Z D\u0130L\u0130M\u0130Z VE K\u00dcLT\u00dcR\u00dcM\u00dcZ\u2019<\/strong><\/p>\n<p>Son olarak TEV-KOM\u2019a y\u00f6nelik kimi gruplar taraf\u0131ndan kriminalize edilmesine cevap veren Ya\u015far, \u201cTEV-KOM\u2019u K\u00fcrt dili ve k\u00fclt\u00fcr\u00fc i\u00e7in \u00e7al\u0131\u015fmad\u0131\u011f\u0131, sadece tek bir ideoloji etraf\u0131nda a\u00e7\u0131ld\u0131\u011f\u0131 s\u00f6ylentisi yay\u0131l\u0131yor. Bu do\u011fru de\u011fil ve bizleri \u00fcz\u00fcyor. \u0130deolojisi, d\u00fcnya g\u00f6r\u00fc\u015f\u00fc, bak\u0131\u015f a\u00e7\u0131s\u0131 ne olursa olsun her bir K\u00fcrt genci bize kat\u0131labilir. Nitekim her birimizin bir ideolojisi, d\u00fcnya g\u00f6r\u00fc\u015f\u00fc var. Bununla alakal\u0131 kendi aram\u0131zda tart\u0131\u015fmalar da y\u00fcr\u00fct\u00fcyoruz. Bu zaten bir gerekliliktir. \u00c7\u00fcnk\u00fc dilimiz politik bir dil. Bu farkl\u0131l\u0131\u011f\u0131 sald\u0131r\u0131 veya inkar \u00fczerinden kurmamak gerekiyor. Bizim birincil \u00f6nceli\u011fimiz dilimizi ve k\u00fclt\u00fcr\u00fcm\u00fcz\u00fc ileriye ta\u015f\u0131mak ve buna dair hassasiyet olu\u015fturmak\u201d diye aktard\u0131.<\/p>\n","protected":false},"excerpt":{"rendered":"<p>\u0130ZM\u0130R- TEV-KOM, gen\u00e7ler i\u00e7in K\u00fcrt\u00e7e\u2019nin Kurmanc\u00ee ve Kirmanck\u00ee leh\u00e7elerinde \u015fiir ve \u00f6yk\u00fc yar\u0131\u015fmas\u0131 d\u00fczenliyor. TEV-KOM \u00fcyesi ve Ege \u00dcniversitesi \u00f6\u011frencisi \u00dcnal Ya\u015far, \u201cK\u00fcrt dili, k\u00fclt\u00fcr\u00fc ve sanat\u0131na dair \u00e7al\u0131\u015fmalar\u0131 hep birlikte y\u00fcr\u00fctelim\u201d dedi. 18 Nisan\u2019da kurulu\u015funu ilan eden K\u00fcrt Dili ve K\u00fclt\u00fcr\u00fc \u00d6\u011frenci Topluluklar\u0131 Hareketi, (TEV-KOM) \u00e7al\u0131\u015fmalar\u0131na devam ediyor. Kuruldu\u011fu g\u00fcnden itibaren \u0131rk\u00e7\u0131 gruplar\u0131n hedefinde [&hellip;]<\/p>\n","protected":false},"author":2,"featured_media":12587,"comment_status":"open","ping_status":"open","sticky":false,"template":"","format":"standard","meta":{"_jetpack_memberships_contains_paid_content":false,"jnews-multi-image_gallery":[],"jnews_single_post":{"subtitle":"","format":"standard","override":[{"template":"1","parallax":"1","fullscreen":"1","layout":"right-sidebar","sidebar":"default-sidebar","second_sidebar":"default-sidebar","sticky_sidebar":"1","share_position":"top","share_float_style":"share-monocrhome","show_featured":"1","show_post_meta":"1","show_post_author_image":"1","show_post_date":"1","post_date_format":"default","post_date_format_custom":"Y\/m\/d","show_post_category":"1","post_reading_time_wpm":"300","post_calculate_word_method":"str_word_count","zoom_button_out_step":"2","zoom_button_in_step":"3","show_post_tag":"1","show_prev_next_post":"1","show_popup_post":"1","number_popup_post":"1","show_author_box":"1","show_post_related":"0","show_inline_post_related":"0"}],"image_override":[{"single_post_thumbnail_size":"crop-500","single_post_gallery_size":"crop-500"}],"trending_post_position":"meta","trending_post_label":"Trending","sponsored_post_label":"Sponsored by","disable_ad":"0"},"jnews_primary_category":[],"jnews_social_meta":[],"jnews_review":[],"enable_review":"","type":"percentage","name":"","summary":"","brand":"","sku":"","good":[],"bad":[],"score_override":"","override_value":"","rating":[],"price":[],"jnews_override_counter":{"view_counter_number":"0","share_counter_number":"0","like_counter_number":"0","dislike_counter_number":"0"},"jnews_post_split":{"post_split":[{"template":"1","tag":"h2","numbering":"asc","mode":"normal","first":"0","enable_toc":"0","toc_type":"normal"}]},"footnotes":""},"categories":[48,44],"tags":[],"class_list":["post-12578","post","type-post","status-publish","format-standard","has-post-thumbnail","hentry","category-genclik","category-kultur-sanat"],"jetpack_sharing_enabled":true,"jetpack_featured_media_url":"https:\/\/berru.org\/wp-content\/uploads\/2026\/09\/photo_2026-09-04_15-11-17.jpg","_links":{"self":[{"href":"https:\/\/berru.org\/index.php\/wp-json\/wp\/v2\/posts\/12578","targetHints":{"allow":["GET"]}}],"collection":[{"href":"https:\/\/berru.org\/index.php\/wp-json\/wp\/v2\/posts"}],"about":[{"href":"https:\/\/berru.org\/index.php\/wp-json\/wp\/v2\/types\/post"}],"author":[{"embeddable":true,"href":"https:\/\/berru.org\/index.php\/wp-json\/wp\/v2\/users\/2"}],"replies":[{"embeddable":true,"href":"https:\/\/berru.org\/index.php\/wp-json\/wp\/v2\/comments?post=12578"}],"version-history":[{"count":2,"href":"https:\/\/berru.org\/index.php\/wp-json\/wp\/v2\/posts\/12578\/revisions"}],"predecessor-version":[{"id":12586,"href":"https:\/\/berru.org\/index.php\/wp-json\/wp\/v2\/posts\/12578\/revisions\/12586"}],"wp:featuredmedia":[{"embeddable":true,"href":"https:\/\/berru.org\/index.php\/wp-json\/wp\/v2\/media\/12587"}],"wp:attachment":[{"href":"https:\/\/berru.org\/index.php\/wp-json\/wp\/v2\/media?parent=12578"}],"wp:term":[{"taxonomy":"category","embeddable":true,"href":"https:\/\/berru.org\/index.php\/wp-json\/wp\/v2\/categories?post=12578"},{"taxonomy":"post_tag","embeddable":true,"href":"https:\/\/berru.org\/index.php\/wp-json\/wp\/v2\/tags?post=12578"}],"curies":[{"name":"wp","href":"https:\/\/api.w.org\/{rel}","templated":true}]}}