{"id":12574,"date":"2026-09-03T12:08:27","date_gmt":"2026-09-03T09:08:27","guid":{"rendered":"https:\/\/berru.org\/?p=12574"},"modified":"2026-09-03T12:17:18","modified_gmt":"2026-09-03T09:17:18","slug":"amed-ve-manisada-gozaltilar","status":"publish","type":"post","link":"https:\/\/berru.org\/index.php\/2026\/09\/03\/amed-ve-manisada-gozaltilar\/","title":{"rendered":"Amed ve Manisa&#8217;da G\u00f6zalt\u0131lar"},"content":{"rendered":"<p><strong>HABER MERKEZ\u0130<\/strong>&#8211; Amed ve Manisa&#8217;da yap\u0131lan ev bask\u0131nlar\u0131nda 12 ki\u015finin g\u00f6zalt\u0131na al\u0131nd\u0131\u011f\u0131 \u00f6\u011frenildi.<\/p>\n<p>Amed\u2019de sabah\u0131n erken saatlerinde Diyarbak\u0131r Cumhuriyet Ba\u015fsavc\u0131l\u0131\u011f\u0131&#8217;n\u0131n ba\u015flatt\u0131\u011f\u0131 soru\u015fturma kapsam\u0131nda 10 ki\u015fi g\u00f6zalt\u0131na al\u0131nd\u0131. G\u00f6zalt\u0131na al\u0131nanlar\u0131n TEM \u015eube\u2019ye g\u00f6t\u00fcr\u00fcld\u00fc\u011f\u00fc \u00f6\u011frenildi.<\/p>\n<p>G\u00f6zalt\u0131na al\u0131nan isimler \u015f\u00f6yle: Sibel Kaya, Arzu Karaman, Rozerin Kurt, Hasan Karsu, Yunus Emre Ergin, Baran \u00c7\u0131nar, Murat S\u00f6nmez, Mervan Konur, Azad K\u0131l\u0131n\u00e7, S\u00fcleyman Y\u0131ld\u0131z.<\/p>\n<p>\u00d6te yandan edinilen bilgilere g\u00f6re, bug\u00fcn sabah saatlerinde polis taraf\u0131ndan Manisa merkez ve Turgutlu il\u00e7esinde ev bask\u0131nlar\u0131 d\u00fczenlendi. Ev bask\u0131nlar\u0131nda, TUAYDER y\u00f6neticisi Muhlis \u00c7ift\u00e7i<!--TgQPHd|||[]--> ve DEM Parti Gen\u00e7lik Meclisi \u00e7al\u0131\u015fan\u0131 Mahsum Y\u0131lmaz<!--TgQPHd|||[]--> g\u00f6zalt\u0131na al\u0131nd\u0131.<\/p>\n","protected":false},"excerpt":{"rendered":"<p>HABER MERKEZ\u0130&#8211; Amed ve Manisa&#8217;da yap\u0131lan ev bask\u0131nlar\u0131nda 12 ki\u015finin g\u00f6zalt\u0131na al\u0131nd\u0131\u011f\u0131 \u00f6\u011frenildi. Amed\u2019de sabah\u0131n erken saatlerinde Diyarbak\u0131r Cumhuriyet Ba\u015fsavc\u0131l\u0131\u011f\u0131&#8217;n\u0131n ba\u015flatt\u0131\u011f\u0131 soru\u015fturma kapsam\u0131nda 10 ki\u015fi g\u00f6zalt\u0131na al\u0131nd\u0131. G\u00f6zalt\u0131na al\u0131nanlar\u0131n TEM \u015eube\u2019ye g\u00f6t\u00fcr\u00fcld\u00fc\u011f\u00fc \u00f6\u011frenildi. G\u00f6zalt\u0131na al\u0131nan isimler \u015f\u00f6yle: Sibel Kaya, Arzu Karaman, Rozerin Kurt, Hasan Karsu, Yunus Emre Ergin, Baran \u00c7\u0131nar, Murat S\u00f6nmez, Mervan Konur, Azad [&hellip;]<\/p>\n","protected":false},"author":2,"featured_media":12575,"comment_status":"open","ping_status":"open","sticky":false,"template":"","format":"standard","meta":{"_jetpack_memberships_contains_paid_content":false,"jnews-multi-image_gallery":[],"jnews_single_post":{"subtitle":"","format":"standard","override":[{"template":"1","parallax":"1","fullscreen":"1","layout":"right-sidebar","sidebar":"default-sidebar","second_sidebar":"default-sidebar","sticky_sidebar":"1","share_position":"top","share_float_style":"share-monocrhome","show_featured":"1","show_post_meta":"1","show_post_author_image":"1","show_post_date":"1","post_date_format":"default","post_date_format_custom":"Y\/m\/d","show_post_category":"1","post_reading_time_wpm":"300","post_calculate_word_method":"str_word_count","zoom_button_out_step":"2","zoom_button_in_step":"3","show_post_tag":"1","show_prev_next_post":"1","show_popup_post":"1","number_popup_post":"1","show_author_box":"1","show_post_related":"0","show_inline_post_related":"0"}],"image_override":[{"single_post_thumbnail_size":"crop-500","single_post_gallery_size":"crop-500"}],"trending_post_position":"meta","trending_post_label":"Trending","sponsored_post_label":"Sponsored by","disable_ad":"0"},"jnews_primary_category":[],"jnews_social_meta":[],"jnews_review":[],"enable_review":"","type":"percentage","name":"","summary":"","brand":"","sku":"","good":[],"bad":[],"score_override":"","override_value":"","rating":[],"price":[],"jnews_override_counter":{"view_counter_number":"0","share_counter_number":"0","like_counter_number":"0","dislike_counter_number":"0"},"jnews_post_split":{"post_split":[{"template":"1","tag":"h2","numbering":"asc","mode":"normal","first":"0","enable_toc":"0","toc_type":"normal"}]},"footnotes":""},"categories":[51],"tags":[],"class_list":["post-12574","post","type-post","status-publish","format-standard","has-post-thumbnail","hentry","category-guncel"],"jetpack_sharing_enabled":true,"jetpack_featured_media_url":"https:\/\/berru.org\/wp-content\/uploads\/2026\/09\/photo_2026-08-17_17-43-24.jpg","_links":{"self":[{"href":"https:\/\/berru.org\/index.php\/wp-json\/wp\/v2\/posts\/12574","targetHints":{"allow":["GET"]}}],"collection":[{"href":"https:\/\/berru.org\/index.php\/wp-json\/wp\/v2\/posts"}],"about":[{"href":"https:\/\/berru.org\/index.php\/wp-json\/wp\/v2\/types\/post"}],"author":[{"embeddable":true,"href":"https:\/\/berru.org\/index.php\/wp-json\/wp\/v2\/users\/2"}],"replies":[{"embeddable":true,"href":"https:\/\/berru.org\/index.php\/wp-json\/wp\/v2\/comments?post=12574"}],"version-history":[{"count":2,"href":"https:\/\/berru.org\/index.php\/wp-json\/wp\/v2\/posts\/12574\/revisions"}],"predecessor-version":[{"id":12577,"href":"https:\/\/berru.org\/index.php\/wp-json\/wp\/v2\/posts\/12574\/revisions\/12577"}],"wp:featuredmedia":[{"embeddable":true,"href":"https:\/\/berru.org\/index.php\/wp-json\/wp\/v2\/media\/12575"}],"wp:attachment":[{"href":"https:\/\/berru.org\/index.php\/wp-json\/wp\/v2\/media?parent=12574"}],"wp:term":[{"taxonomy":"category","embeddable":true,"href":"https:\/\/berru.org\/index.php\/wp-json\/wp\/v2\/categories?post=12574"},{"taxonomy":"post_tag","embeddable":true,"href":"https:\/\/berru.org\/index.php\/wp-json\/wp\/v2\/tags?post=12574"}],"curies":[{"name":"wp","href":"https:\/\/api.w.org\/{rel}","templated":true}]}}