{"id":12540,"date":"2026-09-02T09:00:12","date_gmt":"2026-09-02T06:00:12","guid":{"rendered":"https:\/\/berru.org\/?p=12540"},"modified":"2026-09-02T23:04:56","modified_gmt":"2026-09-02T20:04:56","slug":"dunya-baris-gununde-alanlarda-olan-gencler-bu-cografya-yeterince-olum-gordu","status":"publish","type":"post","link":"https:\/\/berru.org\/index.php\/2026\/09\/02\/dunya-baris-gununde-alanlarda-olan-gencler-bu-cografya-yeterince-olum-gordu\/","title":{"rendered":"D\u00fcnya Bar\u0131\u015f G\u00fcn\u00fc&#8217;nde Alanlarda Olan Gen\u00e7ler: Bu Co\u011frafya Yeterince \u00d6l\u00fcm G\u00f6rd\u00fc"},"content":{"rendered":"<p><strong>\u0130STANBUL-<\/strong>Kad\u0131k\u00f6y\u2019de ger\u00e7ekle\u015fen 1 Eyl\u00fcl D\u00fcnya Bar\u0131\u015f G\u00fcn\u00fc y\u00fcr\u00fcy\u00fc\u015f\u00fcne kat\u0131lan gen\u00e7ler bar\u0131\u015fa, s\u00fcrece ve gen\u00e7li\u011fin rol\u00fcne ili\u015fkin konu\u015ftu.<\/p>\n<p>Emek ve Demokrasi Platformu, 1 Eyl\u00fcl D\u00fcnya Bar\u0131\u015f G\u00fcn\u00fc dolays\u0131yla Kad\u0131k\u00f6y\u2019de bulunan Bo\u011fa Heykeli \u00f6n\u00fcnden Kad\u0131k\u00f6y Meydan\u2019a kadar y\u00fcr\u00fcy\u00fc\u015f yapt\u0131. Y\u00fcr\u00fcy\u00fc\u015fte gen\u00e7lik \u00f6rg\u00fctleri de yerini ald\u0131. A\u00e7\u0131lan pankartlar ve at\u0131lan sloganlarda \u00f6ne \u00e7\u0131kan bar\u0131\u015f vurgusu oldu. Gen\u00e7lerin yo\u011fun kat\u0131ld\u0131\u011f\u0131 y\u00fcr\u00fcy\u00fc\u015fte Bar\u0131\u015f ve Demokratik Toplum S\u00fcreci\u2019ne dair de mesajlar verildi. \u00d6zellikle gen\u00e7lerin slogan ve pankartlar\u0131na yans\u0131yan mesajda K\u00fcrt Halk \u00d6nderi Abdullah \u00d6calan\u2019\u0131n \u00f6zg\u00fcrl\u00fc\u011f\u00fcn\u00fcn halklar\u0131n \u00f6zg\u00fcrl\u00fc\u011f\u00fc oldu\u011fu vurguland\u0131. Eylemde \u00f6n s\u0131ralarda yerini alan kad\u0131nlar, bar\u0131\u015fa dair g\u00fc\u00e7l\u00fc mesajlar verdi. Y\u00fcr\u00fcy\u00fc\u015f s\u0131ras\u0131nda bir \u0131rk\u00e7\u0131 grup taraf\u0131ndan provokasyon yap\u0131ld\u0131. Provokasyonu bo\u015fa \u00e7\u0131karan kitle y\u00fcr\u00fcy\u00fc\u015flerine devam etti.<\/p>\n<p>Eyleme kat\u0131lan gen\u00e7ler ile bar\u0131\u015fa, s\u00fcrece ve gen\u00e7li\u011fin rol\u00fcne ili\u015fkin konu\u015ftuk.<\/p>\n<figure id=\"attachment_12541\" aria-describedby=\"caption-attachment-12541\" style=\"width: 300px\" class=\"wp-caption alignleft\"><img fetchpriority=\"high\" decoding=\"async\" class=\"wp-image-12541 size-medium\" src=\"https:\/\/berru.org\/wp-content\/uploads\/2026\/09\/Ekran-goruntusu-2026-09-02-013913-300x173.jpg\" alt=\"\" width=\"300\" height=\"173\" srcset=\"https:\/\/berru.org\/wp-content\/uploads\/2026\/09\/Ekran-goruntusu-2026-09-02-013913-300x173.jpg 300w, https:\/\/berru.org\/wp-content\/uploads\/2026\/09\/Ekran-goruntusu-2026-09-02-013913-1024x591.jpg 1024w, https:\/\/berru.org\/wp-content\/uploads\/2026\/09\/Ekran-goruntusu-2026-09-02-013913-768x444.jpg 768w, https:\/\/berru.org\/wp-content\/uploads\/2026\/09\/Ekran-goruntusu-2026-09-02-013913-1536x887.jpg 1536w, https:\/\/berru.org\/wp-content\/uploads\/2026\/09\/Ekran-goruntusu-2026-09-02-013913-2048x1183.jpg 2048w, https:\/\/berru.org\/wp-content\/uploads\/2026\/09\/Ekran-goruntusu-2026-09-02-013913-750x433.jpg 750w, https:\/\/berru.org\/wp-content\/uploads\/2026\/09\/Ekran-goruntusu-2026-09-02-013913-1140x658.jpg 1140w\" sizes=\"(max-width: 300px) 100vw, 300px\" \/><figcaption id=\"caption-attachment-12541\" class=\"wp-caption-text\">Asmin Ayko\u00e7<\/figcaption><\/figure>\n<p><strong>&#8216;\u0130LK KEZ EYLEME KATILIYORUM&#8217;<\/strong><\/p>\n<p>1 Eyl\u00fcl D\u00fcnya Bar\u0131\u015f G\u00fcn\u00fc y\u00fcr\u00fcy\u00fc\u015f\u00fcnde yer alan Asmin Ayko\u00e7, ilk defa b\u00f6ylesi bir eyleme kat\u0131ld\u0131\u011f\u0131n\u0131 s\u00f6yledi. \u0130lk izlenimlerini payla\u015fan Ayko\u00e7, gen\u00e7lerin kat\u0131l\u0131m\u0131n\u0131n az oldu\u011funu, b\u00f6ylesi bir etkinli\u011fe gen\u00e7lerin kat\u0131l\u0131mlar\u0131n\u0131n daha fazla olmas\u0131 gerekti\u011fini belirtti. Sadece sava\u015f\u0131n olmamas\u0131 bar\u0131\u015f i\u00e7in yeterli olmad\u0131\u011f\u0131n\u0131 belirten Ayko\u00e7, sava\u015f\u0131n kar\u015f\u0131s\u0131nda her zaman durulmas\u0131 gerekti\u011fini kaydetti. Ayko\u00e7, \u201cKad\u0131nlar, \u00e7ocuklar, halklar hi\u00e7bir zaman sava\u015fta katledilmemeli\u201d diyerek sava\u015fa kar\u015f\u0131 bar\u0131\u015f\u0131n daha g\u00fcr sesle \u00e7\u0131kmas\u0131 gerekti\u011fini ifade etti.<\/p>\n<figure id=\"attachment_12542\" aria-describedby=\"caption-attachment-12542\" style=\"width: 300px\" class=\"wp-caption alignleft\"><img decoding=\"async\" class=\"wp-image-12542 size-medium\" src=\"https:\/\/berru.org\/wp-content\/uploads\/2026\/09\/IMG_0036-300x169.jpg\" alt=\"\" width=\"300\" height=\"169\" srcset=\"https:\/\/berru.org\/wp-content\/uploads\/2026\/09\/IMG_0036-300x169.jpg 300w, https:\/\/berru.org\/wp-content\/uploads\/2026\/09\/IMG_0036-1024x576.jpg 1024w, https:\/\/berru.org\/wp-content\/uploads\/2026\/09\/IMG_0036-768x432.jpg 768w, https:\/\/berru.org\/wp-content\/uploads\/2026\/09\/IMG_0036-1536x864.jpg 1536w, https:\/\/berru.org\/wp-content\/uploads\/2026\/09\/IMG_0036-2048x1151.jpg 2048w, https:\/\/berru.org\/wp-content\/uploads\/2026\/09\/IMG_0036-750x422.jpg 750w, https:\/\/berru.org\/wp-content\/uploads\/2026\/09\/IMG_0036-1140x641.jpg 1140w\" sizes=\"(max-width: 300px) 100vw, 300px\" \/><figcaption id=\"caption-attachment-12542\" class=\"wp-caption-text\">Ramazan Sevgim<\/figcaption><\/figure>\n<p><strong>\u2018SADECE S\u0130LAH BIRAKMAKLA BARI\u015e GER\u00c7EKLE\u015eT\u0130R\u0130LEMEZ\u2019<\/strong><\/p>\n<p>Y\u00fcr\u00fcy\u00fc\u015fe kat\u0131lan Ramazan Sevlim, 1 Eyl\u00fcl D\u00fcnya Bar\u0131\u015f G\u00fcn\u00fc dolays\u0131yla y\u00fcr\u00fcy\u00fc\u015fe kat\u0131ld\u0131klar\u0131n\u0131 belirterek, bar\u0131\u015f\u0131n \u00f6zellikle Ortado\u011fu topraklar\u0131nda daha da \u00e7ok anlam kazand\u0131\u011f\u0131n\u0131 s\u00f6yledi. Sava\u015f\u0131n dayat\u0131ld\u0131\u011f\u0131 Ortado\u011fu \u00fclkelerinde tek \u00e7arenin bar\u0131\u015f\u0131n oldu\u011funun alt\u0131n\u0131 \u00e7izen Sevlim, bar\u0131\u015f\u0131n sadece sava\u015fa s\u0131k\u0131\u015ft\u0131r\u0131lmamas\u0131 gerekti\u011fini kaydetti. Sevim, \u201cBar\u0131\u015f sadece silahs\u0131zlanma, g\u00fcvenlik\u00e7i politikalarla yakla\u015facak bir \u015fey de\u011fildir kesinlikle. Bar\u0131\u015f huzur, karde\u015flik gelece\u011fi beraber tasarlamak demektir. Bu y\u00fczden sadece silah b\u0131rakmakla bar\u0131\u015f ger\u00e7ekle\u015ftirilemez maalesef\u201d ifadelerini kulland\u0131.<\/p>\n<p><strong>\u2018S\u00dcRE\u00c7 T\u00dcM D\u00dcNYA \u0130\u00c7\u0130N B\u00dcY\u00dcK B\u0130R UMUT\u2019<\/strong><\/p>\n<p>Bar\u0131\u015f ve Demokratik Toplum S\u00fcreci\u2019ne de\u011finen Sevim, \u201cBa\u015fta 4 par\u00e7a K\u00fcrdistan olmak \u00fczere t\u00fcm Ortado\u011fu\u2019da ve d\u00fcnya i\u00e7in b\u00fcy\u00fck umut ta\u015f\u0131yor. Bar\u0131\u015f s\u00fcreci farkl\u0131 halklar\u0131n bir arada ya\u015fayarak demokratik ulusun \u015fekillenebilece\u011fi, her halk\u0131n kendini var edece\u011fi, farkl\u0131l\u0131klar\u0131n zenginlik olarak kabul edilece\u011fi yolunu g\u00f6steriyor bize. Bu s\u00fcreci sadece K\u00fcrt-T\u00fcrk \u00e7at\u0131\u015fmas\u0131n\u0131n durmas\u0131 olarak nitelendirmemek gerekir. Bu anlam\u0131 a\u015fan, daha fazlas\u0131n\u0131 bize g\u00f6steren bir noktada kal\u0131yor bar\u0131\u015f s\u00fcreci\u201d dedi.<\/p>\n<p><strong>BARI\u015e MESAJI<\/strong><\/p>\n<p>1 Eyl\u00fcl D\u00fcnya Bar\u0131\u015f G\u00fcn\u00fc\u2019ne dair g\u00f6r\u00fc\u015flerini payla\u015fan Sevlim, \u201cHep beraber karde\u015f\u00e7e, yolda\u015f\u00e7a birlikte ya\u015famak ve ya\u015fam\u0131 g\u00fczelle\u015ftirmek ad\u0131na, sadece bir g\u00fcn\u00fcn de\u011fil 365 g\u00fcn\u00fcn d\u00fcnya bar\u0131\u015f\u0131 olmas\u0131 dile\u011fiyle m\u00fccadele etmeye devam edece\u011fiz\u201d diye belirtti.<\/p>\n<figure id=\"attachment_12543\" aria-describedby=\"caption-attachment-12543\" style=\"width: 300px\" class=\"wp-caption alignleft\"><img decoding=\"async\" class=\"wp-image-12543 size-medium\" src=\"https:\/\/berru.org\/wp-content\/uploads\/2026\/09\/IMG_0044-300x200.jpg\" alt=\"\" width=\"300\" height=\"200\" srcset=\"https:\/\/berru.org\/wp-content\/uploads\/2026\/09\/IMG_0044-300x200.jpg 300w, https:\/\/berru.org\/wp-content\/uploads\/2026\/09\/IMG_0044-1024x683.jpg 1024w, https:\/\/berru.org\/wp-content\/uploads\/2026\/09\/IMG_0044-768x512.jpg 768w, https:\/\/berru.org\/wp-content\/uploads\/2026\/09\/IMG_0044-1536x1024.jpg 1536w, https:\/\/berru.org\/wp-content\/uploads\/2026\/09\/IMG_0044-2048x1365.jpg 2048w, https:\/\/berru.org\/wp-content\/uploads\/2026\/09\/IMG_0044-750x500.jpg 750w, https:\/\/berru.org\/wp-content\/uploads\/2026\/09\/IMG_0044-1140x760.jpg 1140w\" sizes=\"(max-width: 300px) 100vw, 300px\" \/><figcaption id=\"caption-attachment-12543\" class=\"wp-caption-text\">Simay Atakay<\/figcaption><\/figure>\n<p><strong>\u2018AD\u0130L BARI\u015e OLUNCAYA KADAR \u0130SYANDAYIZ\u2019<\/strong><\/p>\n<p>Y\u00fcr\u00fcy\u00fc\u015fe kat\u0131lan bir di\u011fer gen\u00e7 kad\u0131n Simay Atakay. 3\u2019\u00fcnc\u00fc D\u00fcnya Sava\u015f\u0131\u2019n\u0131n giderek g\u00fc\u00e7lendi\u011fini kaydeden Atakay, b\u00f6ylesi s\u00fcre\u00e7te bar\u0131\u015f vurgusu yapman\u0131n \u00f6neminin alt\u0131n\u0131 \u00e7izdi. Atakay, ayn\u0131 zamanda b\u00f6ylesi s\u00fcre\u00e7lerde kad\u0131n \u00f6zg\u00fcrl\u00fc\u011f\u00fc konusunun da \u00e7ok \u00f6nemli bir yerde durdu\u011funu belirterek, en \u00e7ok s\u00f6m\u00fcr\u00fclen, yerinden edilen ve yoksulla\u015ft\u0131r\u0131lanlar\u0131n kad\u0131nlar oldu\u011funu ifade etti. O y\u00fczden bar\u0131\u015f\u0131n \u00f6znelerinin kad\u0131nlar olmas\u0131 gerekti\u011fini s\u00f6yleyen Atakay, adil bir bar\u0131\u015f\u0131n ger\u00e7ekle\u015finceye kadar gen\u00e7 kad\u0131nlar olarak isyanda olduklar\u0131n\u0131 kaydetti.<\/p>\n<p><strong>\u2018Y\u00dcZLE\u015eMEK GEREK\u0130YOR\u2019<\/strong><\/p>\n<p>Bar\u0131\u015f\u0131n ger\u00e7ekle\u015fmesinin sadece sava\u015f\u0131n kald\u0131r\u0131lmas\u0131yla a\u00e7\u0131klanamayaca\u011f\u0131n\u0131 vurgulayan Atakay, \u201cY\u0131llard\u0131r i\u015flenen kirli sava\u015f su\u00e7lar\u0131yla, uygulanan \u00f6zel sava\u015f politikalar\u0131yla y\u00fczle\u015filmesi gerekiyor. K\u00fcrdistan\u2019daki cins k\u0131r\u0131m\u0131 ve \u015f\u00fcpheli kad\u0131n \u00f6l\u00fcmlerinin ayd\u0131nlat\u0131lmas\u0131, hesab\u0131n\u0131n verilmesi gerekiyor. Kad\u0131nlar i\u00e7in ger\u00e7ek adaletin sa\u011flanmas\u0131 gerekiyor. Bar\u0131\u015f i\u00e7in e\u015fitlik gerekiyor. E\u015fitlik i\u00e7in e\u015f temsiliyet gerekiyor. Bar\u0131\u015f i\u00e7in kad\u0131n\u0131 ve toplumu bask\u0131 ve s\u00f6m\u00fcr\u00fc alt\u0131nda tutan t\u00fcm siyasi toplumsal mekanizmalar\u0131n\u0131n ortadan kald\u0131r\u0131lmas\u0131 gerekiyor\u201d ifadelerini kulland\u0131. Atakay, e\u015fit ve \u00f6zg\u00fcr bir ya\u015fam talebini hayk\u0131rmaya devam edeceklerini s\u00f6yledi.<\/p>\n<figure id=\"attachment_12544\" aria-describedby=\"caption-attachment-12544\" style=\"width: 300px\" class=\"wp-caption alignleft\"><img loading=\"lazy\" decoding=\"async\" class=\"wp-image-12544 size-medium\" src=\"https:\/\/berru.org\/wp-content\/uploads\/2026\/09\/IMG_0040-300x169.jpg\" alt=\"\" width=\"300\" height=\"169\" srcset=\"https:\/\/berru.org\/wp-content\/uploads\/2026\/09\/IMG_0040-300x169.jpg 300w, https:\/\/berru.org\/wp-content\/uploads\/2026\/09\/IMG_0040-1024x576.jpg 1024w, https:\/\/berru.org\/wp-content\/uploads\/2026\/09\/IMG_0040-768x432.jpg 768w, https:\/\/berru.org\/wp-content\/uploads\/2026\/09\/IMG_0040-1536x864.jpg 1536w, https:\/\/berru.org\/wp-content\/uploads\/2026\/09\/IMG_0040-2048x1151.jpg 2048w, https:\/\/berru.org\/wp-content\/uploads\/2026\/09\/IMG_0040-750x422.jpg 750w, https:\/\/berru.org\/wp-content\/uploads\/2026\/09\/IMG_0040-1140x641.jpg 1140w\" sizes=\"(max-width: 300px) 100vw, 300px\" \/><figcaption id=\"caption-attachment-12544\" class=\"wp-caption-text\">Ayd\u0131n Ko\u00e7uk<\/figcaption><\/figure>\n<p><strong>\u20181 EYL\u00dcL\u2019\u00dc ABDULLAH \u00d6CALAN\u2019LA KUTLAMAK \u0130STERD\u0130K\u2019<\/strong><\/p>\n<p>Mikrofon uzatt\u0131\u011f\u0131m\u0131z Ayd\u0131n Ko\u00e7uk, ba\u015fta T\u00fcrkiye olmak \u00fczere Ortado\u011fu\u2019ya bar\u0131\u015f\u0131n gelmesi istemiyle y\u00fcr\u00fcy\u00fc\u015fe kat\u0131ld\u0131\u011f\u0131n\u0131 ifade eden Ko\u00e7uk, \u201c\u0130\u00e7imizde bir ukde var a\u00e7\u0131k\u00e7as\u0131. \u00c7\u00fcnk\u00fc bilindi\u011fi \u00fczere K\u00fcrt Halk \u00d6nderi say\u0131n Abdullah \u00d6calan y\u0131llard\u0131r i\u00e7eridedir. Biz bu 1 Eyl\u00fcl\u2019\u00fc say\u0131n Abdullah \u00d6calan\u2019la Amed Sur\u2019lar\u0131nda kutlamak isterdik. Umuyoruz ki bir sonraki 1 Eyl\u00fcl\u2019\u00fc ba\u015fta halklar \u00f6nderi Abdullah \u00d6calan ba\u015fta olmak \u00fczere t\u00fcm arkada\u015flar\u0131m\u0131zla kutlayaca\u011f\u0131z. Bunun i\u00e7in \u00e7al\u0131\u015faca\u011f\u0131z\u201d dedi.<\/p>\n<p><strong>\u2018BU CO\u011eRAFYA YETER\u0130NCE \u00d6L\u00dcM G\u00d6RD\u00dc\u2019<\/strong><\/p>\n<p>Binlerce gencin y\u00fcr\u00fcy\u00fc\u015fe kat\u0131ld\u0131\u011f\u0131n\u0131 ve hep bir a\u011f\u0131zdan \u201cBij\u00ee Serok Apo\u201d slogan\u0131 at\u0131ld\u0131\u011f\u0131n\u0131 payla\u015fan Ko\u00e7uk, burada verilmek istenen mesaj\u0131n g\u00f6r\u00fclmesi gerekti\u011fini belirtti. Ko\u00e7uk, \u201cHem gerilla hem asker aileleri olarak art\u0131k bu co\u011frafya yeterince \u00f6l\u00fcmleri g\u00f6rd\u00fc. Biz bug\u00fcn bar\u0131\u015f\u0131 sa\u011flamak istiyoruz\u201d diyerek devletin bar\u0131\u015f i\u00e7in daha da cesaretli ad\u0131mlar atmas\u0131 gerekti\u011fini vurgulad\u0131.<\/p>\n<figure id=\"attachment_12545\" aria-describedby=\"caption-attachment-12545\" style=\"width: 300px\" class=\"wp-caption alignleft\"><img loading=\"lazy\" decoding=\"async\" class=\"wp-image-12545 size-medium\" src=\"https:\/\/berru.org\/wp-content\/uploads\/2026\/09\/IMG_0053-300x200.jpg\" alt=\"\" width=\"300\" height=\"200\" srcset=\"https:\/\/berru.org\/wp-content\/uploads\/2026\/09\/IMG_0053-300x200.jpg 300w, https:\/\/berru.org\/wp-content\/uploads\/2026\/09\/IMG_0053-1024x683.jpg 1024w, https:\/\/berru.org\/wp-content\/uploads\/2026\/09\/IMG_0053-768x512.jpg 768w, https:\/\/berru.org\/wp-content\/uploads\/2026\/09\/IMG_0053-1536x1024.jpg 1536w, https:\/\/berru.org\/wp-content\/uploads\/2026\/09\/IMG_0053-2048x1365.jpg 2048w, https:\/\/berru.org\/wp-content\/uploads\/2026\/09\/IMG_0053-750x500.jpg 750w, https:\/\/berru.org\/wp-content\/uploads\/2026\/09\/IMG_0053-1140x760.jpg 1140w\" sizes=\"(max-width: 300px) 100vw, 300px\" \/><figcaption id=\"caption-attachment-12545\" class=\"wp-caption-text\">Selinay Uzuntel<\/figcaption><\/figure>\n<p><strong>BARI\u015e TALEB\u0130 Y\u00dcKSELT\u0130LMEL\u0130<\/strong><\/p>\n<p>Mikrofon uzatt\u0131\u011f\u0131m\u0131z Selinay Uzuntel de emperyalizmin d\u00fcnyay\u0131 sava\u015fa s\u00fcr\u00fckledi\u011fini ve bunun kar\u015f\u0131s\u0131nda bar\u0131\u015f ve e\u015fitlik taleplerinin y\u00fckseltilmesi gerekti\u011fini vurgulad\u0131. Gen\u00e7lerin soyut bar\u0131\u015f tart\u0131\u015fmas\u0131ndan fazlas\u0131na ihtiyac\u0131n\u0131n oldu\u011funu kaydeden Uzuntel, \u201cSadece sava\u015flar\u0131n durdu\u011fu bir bar\u0131\u015f yetmez. Ayn\u0131 zamanda s\u00f6m\u00fcr\u00fcn\u00fcn son buldu\u011fu, demokrasinin ger\u00e7ekle\u015fti\u011fi, e\u015fit ve karde\u015f\u00e7e bir ya\u015fama ihtiya\u00e7 var. Bunu t\u00fcm gen\u00e7lere anlatmaya ihtiya\u00e7 var\u201d diyerek birle\u015fik m\u00fccadelenin b\u00fcy\u00fct\u00fclmesi gerekti\u011fini s\u00f6yledi.<\/p>\n<figure id=\"attachment_12546\" aria-describedby=\"caption-attachment-12546\" style=\"width: 300px\" class=\"wp-caption alignleft\"><img loading=\"lazy\" decoding=\"async\" class=\"wp-image-12546 size-medium\" src=\"https:\/\/berru.org\/wp-content\/uploads\/2026\/09\/Eylul-Vural-300x200.png\" alt=\"\" width=\"300\" height=\"200\" srcset=\"https:\/\/berru.org\/wp-content\/uploads\/2026\/09\/Eylul-Vural-300x200.png 300w, https:\/\/berru.org\/wp-content\/uploads\/2026\/09\/Eylul-Vural-1024x683.png 1024w, https:\/\/berru.org\/wp-content\/uploads\/2026\/09\/Eylul-Vural-768x512.png 768w, https:\/\/berru.org\/wp-content\/uploads\/2026\/09\/Eylul-Vural-750x500.png 750w, https:\/\/berru.org\/wp-content\/uploads\/2026\/09\/Eylul-Vural-1140x760.png 1140w, https:\/\/berru.org\/wp-content\/uploads\/2026\/09\/Eylul-Vural.png 1224w\" sizes=\"(max-width: 300px) 100vw, 300px\" \/><figcaption id=\"caption-attachment-12546\" class=\"wp-caption-text\">Eyl\u00fcl Vural<\/figcaption><\/figure>\n<p><strong>\u2018UMUTLU OLALIM\u2019<\/strong><\/p>\n<p>Son olarak konu\u015fan Eyl\u00fcl Vural, kendisi gibi bir\u00e7ok gencin emperyalizmin Ortado\u011fu\u2019yu sava\u015fa s\u00fcr\u00fckledi\u011fini g\u00f6rd\u00fc\u011f\u00fcn\u00fc belirterek, bar\u0131\u015f\u0131n ger\u00e7ekle\u015febilmesi i\u00e7in mevcut otoritelerin de\u011fi\u015fmesi gerekti\u011fini ifade etti. Eyl\u00fcl Vural, insanlar\u0131n bar\u0131\u015ftan ve de\u011fi\u015fimden yana umutlar\u0131n\u0131n olmas\u0131 gerekti\u011fini kaydederek, m\u00fccadele etmenin \u00f6nemine vurgu yapt\u0131.<\/p>\n","protected":false},"excerpt":{"rendered":"<p>\u0130STANBUL-Kad\u0131k\u00f6y\u2019de ger\u00e7ekle\u015fen 1 Eyl\u00fcl D\u00fcnya Bar\u0131\u015f G\u00fcn\u00fc y\u00fcr\u00fcy\u00fc\u015f\u00fcne kat\u0131lan gen\u00e7ler bar\u0131\u015fa, s\u00fcrece ve gen\u00e7li\u011fin rol\u00fcne ili\u015fkin konu\u015ftu. Emek ve Demokrasi Platformu, 1 Eyl\u00fcl D\u00fcnya Bar\u0131\u015f G\u00fcn\u00fc dolays\u0131yla Kad\u0131k\u00f6y\u2019de bulunan Bo\u011fa Heykeli \u00f6n\u00fcnden Kad\u0131k\u00f6y Meydan\u2019a kadar y\u00fcr\u00fcy\u00fc\u015f yapt\u0131. Y\u00fcr\u00fcy\u00fc\u015fte gen\u00e7lik \u00f6rg\u00fctleri de yerini ald\u0131. A\u00e7\u0131lan pankartlar ve at\u0131lan sloganlarda \u00f6ne \u00e7\u0131kan bar\u0131\u015f vurgusu oldu. Gen\u00e7lerin yo\u011fun [&hellip;]<\/p>\n","protected":false},"author":2,"featured_media":12569,"comment_status":"open","ping_status":"open","sticky":false,"template":"","format":"video","meta":{"_jetpack_memberships_contains_paid_content":false,"jnews-multi-image_gallery":[],"jnews_single_post":null,"jnews_primary_category":[],"jnews_social_meta":[],"jnews_review":[],"enable_review":"","type":"percentage","name":"","summary":"","brand":"","sku":"","good":[],"bad":[],"score_override":"","override_value":"","rating":[],"price":[],"jnews_override_counter":{"view_counter_number":"0","share_counter_number":"0","like_counter_number":"0","dislike_counter_number":"0"},"jnews_post_split":{"post_split":[{"template":"1","tag":"h2","numbering":"asc","mode":"normal","first":"0","enable_toc":"0","toc_type":"normal"}]},"footnotes":""},"categories":[48],"tags":[],"class_list":["post-12540","post","type-post","status-publish","format-video","has-post-thumbnail","hentry","category-genclik","post_format-post-format-video"],"jetpack_sharing_enabled":true,"jetpack_featured_media_url":"https:\/\/berru.org\/wp-content\/uploads\/2026\/09\/1-eylul.jpeg","_links":{"self":[{"href":"https:\/\/berru.org\/index.php\/wp-json\/wp\/v2\/posts\/12540","targetHints":{"allow":["GET"]}}],"collection":[{"href":"https:\/\/berru.org\/index.php\/wp-json\/wp\/v2\/posts"}],"about":[{"href":"https:\/\/berru.org\/index.php\/wp-json\/wp\/v2\/types\/post"}],"author":[{"embeddable":true,"href":"https:\/\/berru.org\/index.php\/wp-json\/wp\/v2\/users\/2"}],"replies":[{"embeddable":true,"href":"https:\/\/berru.org\/index.php\/wp-json\/wp\/v2\/comments?post=12540"}],"version-history":[{"count":12,"href":"https:\/\/berru.org\/index.php\/wp-json\/wp\/v2\/posts\/12540\/revisions"}],"predecessor-version":[{"id":12571,"href":"https:\/\/berru.org\/index.php\/wp-json\/wp\/v2\/posts\/12540\/revisions\/12571"}],"wp:featuredmedia":[{"embeddable":true,"href":"https:\/\/berru.org\/index.php\/wp-json\/wp\/v2\/media\/12569"}],"wp:attachment":[{"href":"https:\/\/berru.org\/index.php\/wp-json\/wp\/v2\/media?parent=12540"}],"wp:term":[{"taxonomy":"category","embeddable":true,"href":"https:\/\/berru.org\/index.php\/wp-json\/wp\/v2\/categories?post=12540"},{"taxonomy":"post_tag","embeddable":true,"href":"https:\/\/berru.org\/index.php\/wp-json\/wp\/v2\/tags?post=12540"}],"curies":[{"name":"wp","href":"https:\/\/api.w.org\/{rel}","templated":true}]}}