{"id":12539,"date":"2026-09-02T02:09:35","date_gmt":"2026-09-01T23:09:35","guid":{"rendered":"https:\/\/berru.org\/?p=12539"},"modified":"2026-09-02T02:13:30","modified_gmt":"2026-09-01T23:13:30","slug":"ekin-kultur-ve-sanat-komunu-ogrencilerini-bekliyor","status":"publish","type":"post","link":"https:\/\/berru.org\/index.php\/2026\/09\/02\/ekin-kultur-ve-sanat-komunu-ogrencilerini-bekliyor\/","title":{"rendered":"Ekin K\u00fclt\u00fcr ve Sanat Kom\u00fcn\u00fc \u00d6\u011frencilerini Bekliyor"},"content":{"rendered":"<p><strong>\u0130STANBUL<\/strong>&#8211; Ekin K\u00fclt\u00fcr ve Sanat Kom\u00fcn\u00fc, yeni d\u00f6nemde pek \u00e7ok alanda kurs verecek. Kom\u00fcn, kurslara kay\u0131tlar\u0131n ba\u015flad\u0131\u011f\u0131n\u0131 duyurdu.<\/p>\n<p>Ekin K\u00fclt\u00fcr ve Sanat Kom\u00fcn\u00fc, yeni d\u00f6nem i\u00e7in 17 dalda kurs vermeye haz\u0131rlan\u0131yor. Yeni d\u00f6nem i\u00e7in kay\u0131tlar\u0131n ba\u015flad\u0131\u011f\u0131n\u0131 duyuran Ekin K\u00fclt\u00fcr ve Sanat Kom\u00fcn\u00fc, \u00f6\u011frencilerini bekliyor.<\/p>\n<p>Ekin K\u00fclt\u00fcr ve Sanat Kom\u00fcn\u00fc yeni d\u00f6nemde K\u00fcrt\u00e7e, ba\u011flama, gitar, bass gitar, elektro gitar, yan fl\u00fct, duduk, mey, piyano, erbane, \u015fan, \u00e7ocuk korosu, dede saz\u0131, keman, tiyatro, sinema ve resim alan\u0131nda kurslar verecek.<\/p>\n<p>Kurslara kay\u0131t olmak i\u00e7in 05015585007 ileti\u015fim numaras\u0131ndan ula\u015f\u0131labilir ya da @ekin.kultursanat adl\u0131 \u0130nstgram hesab\u0131ndan ba\u015fvuru yap\u0131labilir.<\/p>\n","protected":false},"excerpt":{"rendered":"<p>\u0130STANBUL&#8211; Ekin K\u00fclt\u00fcr ve Sanat Kom\u00fcn\u00fc, yeni d\u00f6nemde pek \u00e7ok alanda kurs verecek. Kom\u00fcn, kurslara kay\u0131tlar\u0131n ba\u015flad\u0131\u011f\u0131n\u0131 duyurdu. Ekin K\u00fclt\u00fcr ve Sanat Kom\u00fcn\u00fc, yeni d\u00f6nem i\u00e7in 17 dalda kurs vermeye haz\u0131rlan\u0131yor. Yeni d\u00f6nem i\u00e7in kay\u0131tlar\u0131n ba\u015flad\u0131\u011f\u0131n\u0131 duyuran Ekin K\u00fclt\u00fcr ve Sanat Kom\u00fcn\u00fc, \u00f6\u011frencilerini bekliyor. Ekin K\u00fclt\u00fcr ve Sanat Kom\u00fcn\u00fc yeni d\u00f6nemde K\u00fcrt\u00e7e, ba\u011flama, gitar, bass [&hellip;]<\/p>\n","protected":false},"author":2,"featured_media":12548,"comment_status":"open","ping_status":"open","sticky":false,"template":"","format":"standard","meta":{"_jetpack_memberships_contains_paid_content":false,"jnews-multi-image_gallery":[],"jnews_single_post":{"format":"standard","override":[{"template":"1","parallax":"1","fullscreen":"1","layout":"right-sidebar","sidebar":"default-sidebar","second_sidebar":"default-sidebar","sticky_sidebar":"1","share_position":"top","share_float_style":"share-monocrhome","show_featured":"1","show_post_meta":"1","show_post_author_image":"1","show_post_date":"1","post_date_format":"default","post_date_format_custom":"Y\/m\/d","show_post_category":"1","post_reading_time_wpm":"300","post_calculate_word_method":"str_word_count","zoom_button_out_step":"2","zoom_button_in_step":"3","show_post_tag":"1","show_prev_next_post":"1","show_popup_post":"1","number_popup_post":"1","show_author_box":"1","show_post_related":"0","show_inline_post_related":"0"}],"image_override":[{"single_post_thumbnail_size":"crop-500","single_post_gallery_size":"crop-500"}],"trending_post_position":"meta","trending_post_label":"Trending","sponsored_post_label":"Sponsored by","disable_ad":"0","subtitle":""},"jnews_primary_category":[],"jnews_social_meta":[],"jnews_review":[],"enable_review":"","type":"percentage","name":"","summary":"","brand":"","sku":"","good":[],"bad":[],"score_override":"","override_value":"","rating":[],"price":[],"jnews_override_counter":{"view_counter_number":"0","share_counter_number":"0","like_counter_number":"0","dislike_counter_number":"0"},"jnews_post_split":{"post_split":[{"template":"1","tag":"h2","numbering":"asc","mode":"normal","first":"0","enable_toc":"0","toc_type":"normal"}]},"footnotes":""},"categories":[44],"tags":[],"class_list":["post-12539","post","type-post","status-publish","format-standard","has-post-thumbnail","hentry","category-kultur-sanat"],"jetpack_sharing_enabled":true,"jetpack_featured_media_url":"https:\/\/berru.org\/wp-content\/uploads\/2026\/09\/photo_2026-09-02_02-08-27.jpg","_links":{"self":[{"href":"https:\/\/berru.org\/index.php\/wp-json\/wp\/v2\/posts\/12539","targetHints":{"allow":["GET"]}}],"collection":[{"href":"https:\/\/berru.org\/index.php\/wp-json\/wp\/v2\/posts"}],"about":[{"href":"https:\/\/berru.org\/index.php\/wp-json\/wp\/v2\/types\/post"}],"author":[{"embeddable":true,"href":"https:\/\/berru.org\/index.php\/wp-json\/wp\/v2\/users\/2"}],"replies":[{"embeddable":true,"href":"https:\/\/berru.org\/index.php\/wp-json\/wp\/v2\/comments?post=12539"}],"version-history":[{"count":2,"href":"https:\/\/berru.org\/index.php\/wp-json\/wp\/v2\/posts\/12539\/revisions"}],"predecessor-version":[{"id":12550,"href":"https:\/\/berru.org\/index.php\/wp-json\/wp\/v2\/posts\/12539\/revisions\/12550"}],"wp:featuredmedia":[{"embeddable":true,"href":"https:\/\/berru.org\/index.php\/wp-json\/wp\/v2\/media\/12548"}],"wp:attachment":[{"href":"https:\/\/berru.org\/index.php\/wp-json\/wp\/v2\/media?parent=12539"}],"wp:term":[{"taxonomy":"category","embeddable":true,"href":"https:\/\/berru.org\/index.php\/wp-json\/wp\/v2\/categories?post=12539"},{"taxonomy":"post_tag","embeddable":true,"href":"https:\/\/berru.org\/index.php\/wp-json\/wp\/v2\/tags?post=12539"}],"curies":[{"name":"wp","href":"https:\/\/api.w.org\/{rel}","templated":true}]}}