{"id":12536,"date":"2026-09-01T15:07:57","date_gmt":"2026-09-01T12:07:57","guid":{"rendered":"https:\/\/berru.org\/?p=12536"},"modified":"2026-09-01T15:07:57","modified_gmt":"2026-09-01T12:07:57","slug":"kyk-yurt-ucretlerine-zam","status":"publish","type":"post","link":"https:\/\/berru.org\/index.php\/2026\/09\/01\/kyk-yurt-ucretlerine-zam\/","title":{"rendered":"KYK Yurt \u00dccretlerine Zam"},"content":{"rendered":"<p class=\"isSelectedEnd\"><strong>HABER MERKEZ\u0130-<\/strong> KYK yurtlar\u0131nda bar\u0131nan \u00fcniversite \u00f6\u011frencilerinin ayl\u0131k yurt \u00fccretleri art\u0131r\u0131ld\u0131. Zamla birlikte 1.290 TL olan yurt bedeli 1.590 TL\u2019ye y\u00fckseltildi.<\/p>\n<p class=\"isSelectedEnd\">\u00dcniversitelerde yeni e\u011fitim-\u00f6\u011fretim y\u0131l\u0131 \u00f6ncesinde Kredi ve Yurtlar Kurumu\u2019na (KYK) ba\u011fl\u0131 yurtlar\u0131n ayl\u0131k \u00fccretlerinde art\u0131\u015f yap\u0131ld\u0131. Yeni d\u00f6nemle birlikte \u00f6\u011frencilerin yurt \u00f6demeleri zaml\u0131 tarife \u00fczerinden uygulanacak.<\/p>\n<p class=\"isSelectedEnd\">Yap\u0131lan zamla birlikte ayl\u0131k 1.290 TL olan yurt \u00fccreti 1.590 TL\u2019ye y\u00fckseldi. B\u00f6ylece \u00f6\u011frencilerin ayl\u0131k yurt gideri 300 TL artarken, \u00fccretlerdeki art\u0131\u015f oran\u0131 yakla\u015f\u0131k y\u00fczde 23,3 oldu.<\/p>\n<p>Yeni tarifeyle belirlenen tutarlar\u0131n, \u00fcniversitelerde yeni e\u011fitim-\u00f6\u011fretim d\u00f6neminin ba\u015flamas\u0131yla birlikte \u00f6\u011frencilerin yurt \u00f6demelerine yans\u0131t\u0131lmas\u0131 bekleniyor.<\/p>\n","protected":false},"excerpt":{"rendered":"<p>HABER MERKEZ\u0130- KYK yurtlar\u0131nda bar\u0131nan \u00fcniversite \u00f6\u011frencilerinin ayl\u0131k yurt \u00fccretleri art\u0131r\u0131ld\u0131. Zamla birlikte 1.290 TL olan yurt bedeli 1.590 TL\u2019ye y\u00fckseltildi. \u00dcniversitelerde yeni e\u011fitim-\u00f6\u011fretim y\u0131l\u0131 \u00f6ncesinde Kredi ve Yurtlar Kurumu\u2019na (KYK) ba\u011fl\u0131 yurtlar\u0131n ayl\u0131k \u00fccretlerinde art\u0131\u015f yap\u0131ld\u0131. Yeni d\u00f6nemle birlikte \u00f6\u011frencilerin yurt \u00f6demeleri zaml\u0131 tarife \u00fczerinden uygulanacak. Yap\u0131lan zamla birlikte ayl\u0131k 1.290 TL olan yurt [&hellip;]<\/p>\n","protected":false},"author":2,"featured_media":12537,"comment_status":"open","ping_status":"open","sticky":false,"template":"","format":"standard","meta":{"_jetpack_memberships_contains_paid_content":false,"jnews-multi-image_gallery":[],"jnews_single_post":{"subtitle":""},"jnews_primary_category":[],"jnews_social_meta":[],"jnews_review":[],"enable_review":"","type":"","name":"","summary":"","brand":"","sku":"","good":[],"bad":[],"score_override":"","override_value":"","rating":[],"price":[],"jnews_override_counter":[],"jnews_post_split":[],"footnotes":""},"categories":[51],"tags":[],"class_list":["post-12536","post","type-post","status-publish","format-standard","has-post-thumbnail","hentry","category-guncel"],"jetpack_sharing_enabled":true,"jetpack_featured_media_url":"https:\/\/berru.org\/wp-content\/uploads\/2026\/09\/photo_2025-09-20_11-59-53.jpg","_links":{"self":[{"href":"https:\/\/berru.org\/index.php\/wp-json\/wp\/v2\/posts\/12536","targetHints":{"allow":["GET"]}}],"collection":[{"href":"https:\/\/berru.org\/index.php\/wp-json\/wp\/v2\/posts"}],"about":[{"href":"https:\/\/berru.org\/index.php\/wp-json\/wp\/v2\/types\/post"}],"author":[{"embeddable":true,"href":"https:\/\/berru.org\/index.php\/wp-json\/wp\/v2\/users\/2"}],"replies":[{"embeddable":true,"href":"https:\/\/berru.org\/index.php\/wp-json\/wp\/v2\/comments?post=12536"}],"version-history":[{"count":1,"href":"https:\/\/berru.org\/index.php\/wp-json\/wp\/v2\/posts\/12536\/revisions"}],"predecessor-version":[{"id":12538,"href":"https:\/\/berru.org\/index.php\/wp-json\/wp\/v2\/posts\/12536\/revisions\/12538"}],"wp:featuredmedia":[{"embeddable":true,"href":"https:\/\/berru.org\/index.php\/wp-json\/wp\/v2\/media\/12537"}],"wp:attachment":[{"href":"https:\/\/berru.org\/index.php\/wp-json\/wp\/v2\/media?parent=12536"}],"wp:term":[{"taxonomy":"category","embeddable":true,"href":"https:\/\/berru.org\/index.php\/wp-json\/wp\/v2\/categories?post=12536"},{"taxonomy":"post_tag","embeddable":true,"href":"https:\/\/berru.org\/index.php\/wp-json\/wp\/v2\/tags?post=12536"}],"curies":[{"name":"wp","href":"https:\/\/api.w.org\/{rel}","templated":true}]}}