{"id":12532,"date":"2026-08-31T15:11:22","date_gmt":"2026-08-31T12:11:22","guid":{"rendered":"https:\/\/berru.org\/?p=12532"},"modified":"2026-08-31T15:11:22","modified_gmt":"2026-08-31T12:11:22","slug":"genc-issizlikte-artis-suruyor-her-5-genc-kadindan-biri-issiz","status":"publish","type":"post","link":"https:\/\/berru.org\/index.php\/2026\/08\/31\/genc-issizlikte-artis-suruyor-her-5-genc-kadindan-biri-issiz\/","title":{"rendered":"Gen\u00e7 \u0130\u015fsizlikte Art\u0131\u015f S\u00fcr\u00fcyor: Her 5 Gen\u00e7 Kad\u0131ndan Biri \u0130\u015fsiz"},"content":{"rendered":"<p dir=\"auto\" data-pm-slice=\"1 1 []\"><strong>HABER MERKEZ\u0130 &#8211;<\/strong> T\u00dc\u0130K\u2019in temmuz ay\u0131 verilerine g\u00f6re gen\u00e7 i\u015fsizli\u011fi bir ayda 1,5 puan artarak y\u00fczde 14,5\u2019e y\u00fckseldi. Gen\u00e7 kad\u0131nlarda i\u015fsizlik oran\u0131 ise y\u00fczde 20,3\u2019e ula\u015ft\u0131.<\/p>\n<p dir=\"auto\">T\u00fcrkiye \u0130statistik Kurumu (T\u00dc\u0130K), 2026 y\u0131l\u0131n\u0131n temmuz ay\u0131na ili\u015fkin i\u015fg\u00fcc\u00fc istatistiklerini a\u00e7\u0131klad\u0131. Verilere g\u00f6re 15-24 ya\u015f grubunu kapsayan gen\u00e7 n\u00fcfusta i\u015fsizlik oran\u0131, bir \u00f6nceki aya g\u00f6re 1,5 puan artarak y\u00fczde 14,5\u2019e y\u00fckseldi.<\/p>\n<p dir=\"auto\">Gen\u00e7 erkeklerde i\u015fsizlik oran\u0131 y\u00fczde 11,3 olarak hesaplan\u0131rken, gen\u00e7 kad\u0131nlarda bu oran y\u00fczde 20,3\u2019e ula\u015ft\u0131. B\u00f6ylece gen\u00e7 kad\u0131nlarda i\u015fsizlik, gen\u00e7 erkeklerin yakla\u015f\u0131k iki kat\u0131na \u00e7\u0131kt\u0131.<\/p>\n<p dir=\"auto\"><strong>Genel i\u015fsizlik de artt\u0131<\/strong><\/p>\n<p dir=\"auto\">Temmuz ay\u0131nda genel i\u015fsiz say\u0131s\u0131 da bir \u00f6nceki aya g\u00f6re 150 bin ki\u015fi artarak 2 milyon 860 bin ki\u015fi oldu. \u0130\u015fsizlik oran\u0131 ise y\u00fczde 8,1 olarak kaydedildi.<\/p>\n<p dir=\"auto\">\u0130\u015fsizlik oran\u0131 erkeklerde y\u00fczde 6,8 olurken, kad\u0131nlarda y\u00fczde 10,6 olarak ger\u00e7ekle\u015fti. \u0130stihdam oran\u0131 ise 0,6 puanl\u0131k d\u00fc\u015f\u00fc\u015fle y\u00fczde 48,3\u2019e geriledi. \u0130stihdam oran\u0131 erkeklerde y\u00fczde 65,5, kad\u0131nlarda ise y\u00fczde 31,4 olarak hesapland\u0131.<\/p>\n<p dir=\"auto\"><strong>At\u0131l i\u015fg\u00fcc\u00fc y\u00fczde 30,6\u2019ya \u00e7\u0131kt\u0131<\/strong><\/p>\n<p dir=\"auto\">\u0130\u015f aramaktan umudunu kesenler ile \u00e7e\u015fitli nedenlerle tam zamanl\u0131 \u00e7al\u0131\u015famayanlar\u0131n da dahil edildi\u011fi at\u0131l i\u015fg\u00fcc\u00fc oran\u0131 da y\u00fckseldi. At\u0131l i\u015fg\u00fcc\u00fc oran\u0131 temmuz ay\u0131nda bir \u00f6nceki aya g\u00f6re 1,8 puan artarak y\u00fczde 30,6\u2019ya ula\u015ft\u0131.<\/p>\n<p dir=\"auto\">Zamana ba\u011fl\u0131 eksik istihdam ile i\u015fsizlerin b\u00fct\u00fcnle\u015fik oran\u0131 y\u00fczde 20,8, i\u015fsizler ve potansiyel i\u015f g\u00fcc\u00fcn\u00fcn b\u00fct\u00fcnle\u015fik oran\u0131 ise y\u00fczde 19,5 olarak tahmin edildi.<\/p>\n","protected":false},"excerpt":{"rendered":"<p>HABER MERKEZ\u0130 &#8211; T\u00dc\u0130K\u2019in temmuz ay\u0131 verilerine g\u00f6re gen\u00e7 i\u015fsizli\u011fi bir ayda 1,5 puan artarak y\u00fczde 14,5\u2019e y\u00fckseldi. Gen\u00e7 kad\u0131nlarda i\u015fsizlik oran\u0131 ise y\u00fczde 20,3\u2019e ula\u015ft\u0131. T\u00fcrkiye \u0130statistik Kurumu (T\u00dc\u0130K), 2026 y\u0131l\u0131n\u0131n temmuz ay\u0131na ili\u015fkin i\u015fg\u00fcc\u00fc istatistiklerini a\u00e7\u0131klad\u0131. Verilere g\u00f6re 15-24 ya\u015f grubunu kapsayan gen\u00e7 n\u00fcfusta i\u015fsizlik oran\u0131, bir \u00f6nceki aya g\u00f6re 1,5 puan artarak [&hellip;]<\/p>\n","protected":false},"author":2,"featured_media":12533,"comment_status":"open","ping_status":"open","sticky":false,"template":"","format":"standard","meta":{"_jetpack_memberships_contains_paid_content":false,"jnews-multi-image_gallery":[],"jnews_single_post":{"subtitle":""},"jnews_primary_category":[],"jnews_social_meta":[],"jnews_review":[],"enable_review":"","type":"","name":"","summary":"","brand":"","sku":"","good":[],"bad":[],"score_override":"","override_value":"","rating":[],"price":[],"jnews_override_counter":[],"jnews_post_split":[],"footnotes":""},"categories":[53],"tags":[],"class_list":["post-12532","post","type-post","status-publish","format-standard","has-post-thumbnail","hentry","category-ekonomi"],"jetpack_sharing_enabled":true,"jetpack_featured_media_url":"https:\/\/berru.org\/wp-content\/uploads\/2026\/08\/photo_2026-03-31_12-24-09.jpg","_links":{"self":[{"href":"https:\/\/berru.org\/index.php\/wp-json\/wp\/v2\/posts\/12532","targetHints":{"allow":["GET"]}}],"collection":[{"href":"https:\/\/berru.org\/index.php\/wp-json\/wp\/v2\/posts"}],"about":[{"href":"https:\/\/berru.org\/index.php\/wp-json\/wp\/v2\/types\/post"}],"author":[{"embeddable":true,"href":"https:\/\/berru.org\/index.php\/wp-json\/wp\/v2\/users\/2"}],"replies":[{"embeddable":true,"href":"https:\/\/berru.org\/index.php\/wp-json\/wp\/v2\/comments?post=12532"}],"version-history":[{"count":1,"href":"https:\/\/berru.org\/index.php\/wp-json\/wp\/v2\/posts\/12532\/revisions"}],"predecessor-version":[{"id":12534,"href":"https:\/\/berru.org\/index.php\/wp-json\/wp\/v2\/posts\/12532\/revisions\/12534"}],"wp:featuredmedia":[{"embeddable":true,"href":"https:\/\/berru.org\/index.php\/wp-json\/wp\/v2\/media\/12533"}],"wp:attachment":[{"href":"https:\/\/berru.org\/index.php\/wp-json\/wp\/v2\/media?parent=12532"}],"wp:term":[{"taxonomy":"category","embeddable":true,"href":"https:\/\/berru.org\/index.php\/wp-json\/wp\/v2\/categories?post=12532"},{"taxonomy":"post_tag","embeddable":true,"href":"https:\/\/berru.org\/index.php\/wp-json\/wp\/v2\/tags?post=12532"}],"curies":[{"name":"wp","href":"https:\/\/api.w.org\/{rel}","templated":true}]}}