{"id":11396,"date":"2026-04-29T17:32:40","date_gmt":"2026-04-29T14:32:40","guid":{"rendered":"https:\/\/berru.org\/?p=11396"},"modified":"2026-04-29T17:44:11","modified_gmt":"2026-04-29T14:44:11","slug":"dicle-universitesi-ogrencileri-ozgur-kursude-bulustu","status":"publish","type":"post","link":"https:\/\/berru.org\/index.php\/2026\/04\/29\/dicle-universitesi-ogrencileri-ozgur-kursude-bulustu\/","title":{"rendered":"Dicle \u00dcniversitesi \u00d6\u011frencileri &#8216;\u00d6zg\u00fcr K\u00fcrs\u00fc&#8217;de Bulu\u015ftu"},"content":{"rendered":"<p><strong>AMED-<\/strong> Dicle \u00dcniversitesi \u00f6\u011frencileri, &#8216;\u00d6zg\u00fcr K\u00fcrs\u00fc&#8217;de bir araya geldi. Emek ve \u00f6zg\u00fcrl\u00fck m\u00fccadelesinin birbirine ba\u011fl\u0131 oldu\u011funu belirten \u00f6\u011frenciler, &#8220;Direni\u015fimizi daha da b\u00fcy\u00fctecek, bar\u0131\u015f ve demokratik toplumu in\u015fa edece\u011fiz. Bu g\u00fcn\u00fcn ruhuyla omuz omuza vererek ba\u015far\u0131ya ula\u015faca\u011f\u0131z&#8221; dedi.<\/p>\n<p>Etkinlik alan\u0131nda, \u201cDi Sosyal\u00eezm\u00ea de israr, di mirovb\u00fbyin\u00ea de israr e\u201d, \u201cLi hember\u00ee kedxwariy\u00ea jiyanek e kominal\u201d, \u201cKeda me maf\u00ea me ye\u201d ve \u201cBij\u00ee 1&#8217;\u00ea Gulan\u00ea\u201d yaz\u0131l\u0131 d\u00f6vizler yer ald\u0131.<\/p>\n<p><strong>\u20181 May\u0131s gelece\u011fi in\u015fa etme g\u00fcn\u00fcd\u00fcr\u2019<\/strong><\/p>\n<p>Etkinlikte konu\u015fan Hasan Karsu, 1 May\u0131s\u2019\u0131n t\u00fcm halklar ve ezilen s\u0131n\u0131flar i\u00e7in tarihi bir g\u00fcn oldu\u011funu belirtti. M\u00fccadelenin \u00f6nemine dikkat \u00e7eken Karsu \u015f\u00f6yle konu\u015ftu: \u201cBu direni\u015f g\u00fcn\u00fcn\u00fcn tarihini daha iyi bilmek gerekiyor. Bu m\u00fccadele bug\u00fcn ba\u015flamad\u0131; 68 gen\u00e7lik hareketinden bug\u00fcne kadar s\u00fcr\u00fcyor. \u0130nsan, kendi gelece\u011fini bu m\u00fccadele \u00fczerine kurmal\u0131d\u0131r.\u201d<br \/>\n<img fetchpriority=\"high\" decoding=\"async\" class=\"alignnone wp-image-11404 size-jnews-750x375\" src=\"https:\/\/berru.org\/wp-content\/uploads\/2026\/04\/amd-29-04-2026-xwendekaran-zaningeha-dicleye-1-e-gulane-1024x683-1-750x375.jpg\" alt=\"\" width=\"750\" height=\"375\" srcset=\"https:\/\/berru.org\/wp-content\/uploads\/2026\/04\/amd-29-04-2026-xwendekaran-zaningeha-dicleye-1-e-gulane-1024x683-1-750x375.jpg 750w, https:\/\/berru.org\/wp-content\/uploads\/2026\/04\/amd-29-04-2026-xwendekaran-zaningeha-dicleye-1-e-gulane-1024x683-1-360x180.jpg 360w\" sizes=\"(max-width: 750px) 100vw, 750px\" \/><br \/>\n<strong>\u2018Bu m\u00fccadele bizim i\u00e7in me\u015fru bir hakt\u0131r\u2019<\/strong><\/p>\n<p>Hasan Karsu konu\u015fmas\u0131n\u0131n devam\u0131nda bu g\u00fcn\u00fcn ayn\u0131 zamanda dil, kimlik ve varl\u0131k haklar\u0131yla da ilgili oldu\u011funu vurgulad\u0131: \u201cK\u00fcrt halk\u0131 i\u00e7in bunlar temel meselelerdir; kendi halk\u0131n\u0131n hakk\u0131n\u0131 savunmak, dilini ve varl\u0131\u011f\u0131n\u0131 korumak. Bu m\u00fccadele ekonomik ve demokratik haklar a\u00e7\u0131s\u0131ndan bizim i\u00e7in me\u015fru bir hakt\u0131r.\u201d<\/p>\n<p><strong>Ortak m\u00fccadele \u00e7a\u011fr\u0131s\u0131<\/strong><\/p>\n<p>Hasan Karsu konu\u015fmas\u0131n\u0131n sonunda t\u00fcm bask\u0131 ve tehditlere ra\u011fmen \u00fcniversite \u00f6\u011frencilerinin geri ad\u0131m atmayaca\u011f\u0131n\u0131 ifade ederek \u015funlar\u0131 s\u00f6yledi: \u201c\u0130\u015f\u00e7i, \u00f6\u011frenci, k\u00f6yl\u00fc ve fabrika emek\u00e7ileri; hepimiz ortak bir m\u00fccadelenin \u00e7at\u0131s\u0131 alt\u0131nda bulu\u015fuyoruz. Amac\u0131m\u0131z temel haklar\u0131m\u0131zd\u0131r. K\u00fcrt \u00f6\u011frenciler olarak direni\u015fimizi daha da b\u00fcy\u00fctecek, demokratik ve bar\u0131\u015f\u00e7\u0131l bir toplum in\u015fa edece\u011fiz. Bu g\u00fcn\u00fcn ruhuyla omuz omuza vererek ba\u015far\u0131ya ula\u015faca\u011f\u0131z.\u201d<\/p>\n<p>Daha sonra bir\u00e7ok \u00f6\u011frenci \u201c\u00d6zg\u00fcr K\u00fcrs\u00fc\u201dye \u00e7\u0131karak 1 May\u0131s\u2019\u0131n \u00f6nemi ve emek m\u00fccadelesi \u00fczerine konu\u015fmalar yapt\u0131; i\u015f\u00e7ilerin ve emek\u00e7ilerin eme\u011fine ve direni\u015fine dikkat \u00e7ekti.<\/p>\n<p>Etkinlik, \u201cYa\u015fas\u0131n 1 May\u0131s\u201d slogan\u0131yla sona erdi.<br \/>\n<img decoding=\"async\" class=\"alignnone wp-image-11406 size-jnews-750x375\" src=\"https:\/\/berru.org\/wp-content\/uploads\/2026\/04\/amd-29-04-2026-xwendekaran-zaningeha-dicleye-1-e-gulane1-1024x683-1-750x375.jpg\" alt=\"\" width=\"750\" height=\"375\" srcset=\"https:\/\/berru.org\/wp-content\/uploads\/2026\/04\/amd-29-04-2026-xwendekaran-zaningeha-dicleye-1-e-gulane1-1024x683-1-750x375.jpg 750w, https:\/\/berru.org\/wp-content\/uploads\/2026\/04\/amd-29-04-2026-xwendekaran-zaningeha-dicleye-1-e-gulane1-1024x683-1-360x180.jpg 360w\" sizes=\"(max-width: 750px) 100vw, 750px\" \/><\/p>\n","protected":false},"excerpt":{"rendered":"<p>AMED- Dicle \u00dcniversitesi \u00f6\u011frencileri, &#8216;\u00d6zg\u00fcr K\u00fcrs\u00fc&#8217;de bir araya geldi. Emek ve \u00f6zg\u00fcrl\u00fck m\u00fccadelesinin birbirine ba\u011fl\u0131 oldu\u011funu belirten \u00f6\u011frenciler, &#8220;Direni\u015fimizi daha da b\u00fcy\u00fctecek, bar\u0131\u015f ve demokratik toplumu in\u015fa edece\u011fiz. Bu g\u00fcn\u00fcn ruhuyla omuz omuza vererek ba\u015far\u0131ya ula\u015faca\u011f\u0131z&#8221; dedi. Etkinlik alan\u0131nda, \u201cDi Sosyal\u00eezm\u00ea de israr, di mirovb\u00fbyin\u00ea de israr e\u201d, \u201cLi hember\u00ee kedxwariy\u00ea jiyanek e kominal\u201d, \u201cKeda [&hellip;]<\/p>\n","protected":false},"author":2,"featured_media":11401,"comment_status":"open","ping_status":"open","sticky":false,"template":"","format":"standard","meta":{"_jetpack_memberships_contains_paid_content":false,"jnews-multi-image_gallery":[],"jnews_single_post":{"subtitle":"","format":"standard","override":[{"template":"1","parallax":"1","fullscreen":"1","layout":"right-sidebar","sidebar":"default-sidebar","second_sidebar":"default-sidebar","sticky_sidebar":"1","share_position":"top","share_float_style":"share-monocrhome","show_featured":"1","show_post_meta":"1","show_post_author_image":"1","show_post_date":"1","post_date_format":"default","post_date_format_custom":"Y\/m\/d","show_post_category":"1","post_reading_time_wpm":"300","post_calculate_word_method":"str_word_count","zoom_button_out_step":"2","zoom_button_in_step":"3","show_post_tag":"1","show_prev_next_post":"1","show_popup_post":"1","number_popup_post":"1","show_author_box":"1","show_post_related":"0","show_inline_post_related":"0"}],"image_override":[{"single_post_thumbnail_size":"crop-500","single_post_gallery_size":"crop-500"}],"trending_post_position":"meta","trending_post_label":"Trending","sponsored_post_label":"Sponsored by","disable_ad":"0"},"jnews_primary_category":[],"jnews_social_meta":[],"jnews_review":[],"enable_review":"","type":"percentage","name":"","summary":"","brand":"","sku":"","good":[],"bad":[],"score_override":"","override_value":"","rating":[],"price":[],"jnews_override_counter":{"view_counter_number":"0","share_counter_number":"0","like_counter_number":"0","dislike_counter_number":"0"},"jnews_post_split":{"post_split":[{"template":"1","tag":"h2","numbering":"asc","mode":"normal","first":"0","enable_toc":"0","toc_type":"normal"}]},"footnotes":""},"categories":[48,51,56],"tags":[],"class_list":["post-11396","post","type-post","status-publish","format-standard","has-post-thumbnail","hentry","category-genclik","category-guncel","category-universite"],"jetpack_sharing_enabled":true,"jetpack_featured_media_url":"https:\/\/berru.org\/wp-content\/uploads\/2026\/04\/amd-29-04-2026-xwendekaran-zaningeha-dicleye-1-e-gulane6-1024x683-1.jpg","_links":{"self":[{"href":"https:\/\/berru.org\/index.php\/wp-json\/wp\/v2\/posts\/11396","targetHints":{"allow":["GET"]}}],"collection":[{"href":"https:\/\/berru.org\/index.php\/wp-json\/wp\/v2\/posts"}],"about":[{"href":"https:\/\/berru.org\/index.php\/wp-json\/wp\/v2\/types\/post"}],"author":[{"embeddable":true,"href":"https:\/\/berru.org\/index.php\/wp-json\/wp\/v2\/users\/2"}],"replies":[{"embeddable":true,"href":"https:\/\/berru.org\/index.php\/wp-json\/wp\/v2\/comments?post=11396"}],"version-history":[{"count":5,"href":"https:\/\/berru.org\/index.php\/wp-json\/wp\/v2\/posts\/11396\/revisions"}],"predecessor-version":[{"id":11407,"href":"https:\/\/berru.org\/index.php\/wp-json\/wp\/v2\/posts\/11396\/revisions\/11407"}],"wp:featuredmedia":[{"embeddable":true,"href":"https:\/\/berru.org\/index.php\/wp-json\/wp\/v2\/media\/11401"}],"wp:attachment":[{"href":"https:\/\/berru.org\/index.php\/wp-json\/wp\/v2\/media?parent=11396"}],"wp:term":[{"taxonomy":"category","embeddable":true,"href":"https:\/\/berru.org\/index.php\/wp-json\/wp\/v2\/categories?post=11396"},{"taxonomy":"post_tag","embeddable":true,"href":"https:\/\/berru.org\/index.php\/wp-json\/wp\/v2\/tags?post=11396"}],"curies":[{"name":"wp","href":"https:\/\/api.w.org\/{rel}","templated":true}]}}