{"id":11373,"date":"2026-04-28T19:33:06","date_gmt":"2026-04-28T16:33:06","guid":{"rendered":"https:\/\/berru.org\/?p=11373"},"modified":"2026-04-28T19:36:59","modified_gmt":"2026-04-28T16:36:59","slug":"odtulu-ogrenciler-tecavuz-faili-korunuyor","status":"publish","type":"post","link":"https:\/\/berru.org\/index.php\/2026\/04\/28\/odtulu-ogrenciler-tecavuz-faili-korunuyor\/","title":{"rendered":"ODT\u00dc&#8217;l\u00fc \u00d6\u011frenciler: Tecav\u00fcz Faili Korunuyor"},"content":{"rendered":"<p><strong>HABER MERKEZ\u0130- <\/strong>ODT\u00dc\u2019de \u00f6\u011frenciler, bir \u00f6\u011frenciye y\u00f6nelik tecav\u00fcz davas\u0131nda yarg\u0131lanan Yunus Emre \u00d6zt\u00fcrk hakk\u0131nda verilen beraat kararlar\u0131na kar\u015f\u0131 bas\u0131n a\u00e7\u0131klamas\u0131 yapt\u0131. Cezas\u0131zl\u0131\u011f\u0131n failleri cesaretlendirdi\u011fini belirten \u00f6\u011frenciler, \u00d6zt\u00fcrk\u2019\u00fcn cezaland\u0131rmas\u0131n\u0131 talep etti.<\/p>\n<p>Ankara&#8217;da Ortado\u011fu Teknik \u00dcniversitesi (ODT\u00dc) \u00f6\u011frencileri ve Feminist Dayan\u0131\u015fma, tecav\u00fcz faili olan ve beraat eden Yunus Emre \u00d6zt\u00fcrk&#8217;\u00fcn gereken cezay\u0131 almas\u0131 i\u00e7in kamp\u00fcste bas\u0131n a\u00e7\u0131klamas\u0131 ger\u00e7ekle\u015ftirdi.<\/p>\n<p>Ortado\u011fu Teknik \u00dcniversitesi\u2019nde (ODT\u00dc) Yunus Emre \u00d6zt\u00fcrk\u2019\u00fcn tecav\u00fcz\u00fcne maruz kalan D.K.\u2019nin ifadeleri Adli T\u0131p Kurumu ve tan\u0131klar taraf\u0131ndan do\u011frulanmas\u0131na ra\u011fmen mahkeme san\u0131\u011f\u0131 ilk duru\u015fmada tahliye etti, ikinci duru\u015fmada ise beraat karar\u0131 verdi. ODT\u00dc \u00f6\u011frencileri, \u201ckamp\u00fcs\u00fcm\u00fczde tecav\u00fcz faili istemiyoruz\u201d diyerek tecav\u00fcz failinin gereken cezay\u0131 almas\u0131 i\u00e7in ODT\u00dc\u2019de bas\u0131n a\u00e7\u0131klamas\u0131 ger\u00e7ekle\u015ftirdi.<\/p>\n<p>A\u00e7\u0131klamada, \u201cMahkemenin gerek\u00e7eli karar\u0131nda dosyada yer alan 13 tan\u0131k aras\u0131nda ma\u011fdur lehine ifade veren 8 tan\u0131\u011f\u0131n ifadesine yer verilmedi, yok say\u0131ld\u0131. Kad\u0131n arkada\u015f\u0131m\u0131z bunun \u00fczerine istinafa ba\u015fvurdu ve ayn\u0131 eril yarg\u0131 hukuksuzlu\u011funu bir kez daha g\u00f6sterdi. \u0130stinaf, Hacettepe \u00dcniversitesi Adli T\u0131p Anabilim Dal\u0131&#8217;n\u0131n haz\u0131rlad\u0131\u011f\u0131 bilirki\u015fi raporunu da g\u00f6rmezden gelerek \u2018t\u00fcm delillere yer verilmi\u015ftir\u2019 diyerek beraati bozmad\u0131. Failin avukat\u0131 \u2018Kad\u0131n\u0131n 25 ya\u015f\u0131nda, ortalama zek\u00e2n\u0131n \u00fczerinde olan, tecav\u00fcz durumunda ne yap\u0131laca\u011f\u0131n\u0131 bilen biridir\u2019 diyerek ma\u011fduru su\u00e7lamaya devam etti. Ma\u011fdurun e\u011fitim d\u00fczeyini sanki bir kabahatmi\u015f gibi sunup sald\u0131r\u0131n\u0131n t\u00fcm sorumlulu\u011funu fail erke\u011fin omuzlar\u0131ndan al\u0131p hayatta kalana y\u00fcklemeye \u00e7al\u0131\u015ft\u0131. Bu s\u00f6z ve davran\u0131\u015flar\u0131n, \u015fiddetin fail \u00fczerinden konu\u015fulmas\u0131n\u0131 engellemek ad\u0131na patriyarkan\u0131n ilk ba\u015fvurdu\u011fu mekanizmalardan biri oldu\u011funun bilincindeyiz. Sizler ma\u011fduru hedef g\u00f6stermeye \u00e7al\u0131\u015ft\u0131k\u00e7a bizler de failin ad\u0131n\u0131 daha y\u00fcksek hayk\u0131raca\u011f\u0131z\u201d denildi.<\/p>\n<p><strong>\u201cFaili aklayanlar su\u00e7un ortaklar\u0131d\u0131r\u201d<\/strong><\/p>\n<p>A\u00e7\u0131klaman\u0131n devam\u0131nda ise \u015funlar belirtildi: \u201cBug\u00fcn ise dava Yarg\u0131tay a\u015famas\u0131nda ve Yunus Emre \u00d6zt\u00fcrk \u2018nitelikli cinsel sald\u0131r\u0131 san\u0131\u011f\u0131\u2019 olarak yarg\u0131lan\u0131yor. Yunus Emre \u00d6zt\u00fcrk san\u0131k olarak yarg\u0131lan\u0131rken ba\u015fka neler yapabiliyor, biliyor musunuz? Yurtlarda kalabiliyor, kamp\u00fcste gezebiliyor, e\u011fitim hayat\u0131na rahat\u00e7a devam edebiliyor. Hatta Zorbay\u2019\u0131n talimat\u0131yla tekrardan yelken toplulu\u011funa girmeye bile \u00e7al\u0131\u015f\u0131yor. B\u00fct\u00fcn bunlar\u0131 yaparken tecav\u00fcz\u00fc su\u00e7 olmaktan \u00e7\u0131karmaya \u00e7al\u0131\u015fan yarg\u0131dan, kayyum Ahmet Yozgatl\u0131gil\u2019den ve yardak\u00e7\u0131s\u0131 Taner Zorbay\u2019dan cesaret al\u0131yor. Faili aklayanlar, s\u0131rt\u0131n\u0131 s\u0131vazlayanlar bu su\u00e7un ortaklar\u0131d\u0131r.\u201d<\/p>\n<p><strong>\u201cKayyumlar gidecek, biz kalaca\u011f\u0131z\u201d<\/strong><\/p>\n<p>\u201cBug\u00fcn yine bir kez daha kayyumlu\u011fun \u00f6n\u00fcnde \u2018tecav\u00fczc\u00fc Yunus Emre \u00d6zt\u00fcrk cezaland\u0131r\u0131ls\u0131n\u2019 demek i\u00e7in t\u00fcm \u00f6fkemizle topland\u0131k. Yunus Emre \u00d6zt\u00fcrk\u2019\u00fcn tecav\u00fcz faili oldu\u011funu yaln\u0131zca biz de\u011fil; Mu\u011fla 1. A\u011f\u0131r Ceza Mahkemesi de biliyor, yelken toplulu\u011funda bulunan faili aklay\u0131c\u0131 arkada\u015flar\u0131 da biliyor, \u2018Aran\u0131zda konu\u015fup halledin\u2019 diyen tekne sahibi de biliyor, ona el veren Yozgatl\u0131gil ve Zorbay da biliyor ama en \u00f6nemlisi failin kendisi de biliyor.<\/p>\n<p>Soruyoruz: Yarg\u0131lama s\u00fcreci hen\u00fcz tamamlanmam\u0131\u015fken fail nas\u0131l ve hangi g\u00fcvenle \u00e7evresine \u2018dava bitti\u2019 a\u00e7\u0131klamalar\u0131 yapabilmi\u015ftir? Bu g\u00fcveni kimden alm\u0131\u015ft\u0131r? Hen\u00fcz adli s\u00fcre\u00e7 devam ederken ve nihai karar kesinle\u015fmemi\u015fken bu kadar kesin bir dil nas\u0131l kurulabilmi\u015ftir? Bizler biliyoruz ki bu s\u00f6zler tesad\u00fcf de\u011fildir. Bu s\u00f6zler, cezas\u0131zl\u0131\u011f\u0131n yaratt\u0131\u011f\u0131 g\u00fcvenin bir sonucudur. Ve tam da bu y\u00fczden soruyoruz: Bu cesareti faillere veren kimdir?\u201d<\/p>\n<p><strong>\u201cK\u0131z karde\u015fimizin davas\u0131n\u0131 sahipleniyoruz\u201d<\/strong><\/p>\n<p>\u201cBizler biliyoruz ki Yunus Emre \u00d6zt\u00fcrk m\u00fcnferit bir \u00f6rnek de\u011fil, erkek egemen yarg\u0131n\u0131n cezas\u0131zl\u0131\u011f\u0131n\u0131n bir yans\u0131mas\u0131d\u0131r. Dahas\u0131, davadaki bunca somut delile, bunca hukuksuzlu\u011fa ra\u011fmen Yarg\u0131tay\u2019\u0131n beraat karar\u0131n\u0131 onamas\u0131n\u0131n ne anlama gelebilece\u011fini de g\u00f6r\u00fcyoruz. E\u011fer hukuka ayk\u0131r\u0131 bu karardan geri d\u00f6n\u00fclmezse Yunus Emre \u00d6zt\u00fcrk\u2019\u00fcn ve yapt\u0131klar\u0131n\u0131n di\u011fer dosyalara emsal niteli\u011finde olabilece\u011finin fark\u0131nday\u0131z. Bu durum a\u00e7\u0131k\u00e7a tecav\u00fcz\u00fcn su\u00e7 olmaktan \u00e7\u0131kar\u0131lmas\u0131, art\u0131k cezaland\u0131r\u0131lmamas\u0131 demektir.<\/p>\n<p>Bug\u00fcn susmuyoruz, korkmuyoruz ve cezas\u0131zl\u0131k d\u00fczenine kar\u015f\u0131 birlikte hayk\u0131r\u0131yoruz. K\u0131z karde\u015fimizin davas\u0131n\u0131 sahipleniyor ve bu hukuksuz beraat karar\u0131n\u0131 kabul etmiyoruz. Fail Yunus Emre \u00d6zt\u00fcrk\u2019\u00fcn cezaland\u0131r\u0131lmas\u0131n\u0131 talep ediyoruz. Bu davan\u0131n pe\u015fini b\u0131rakmayaca\u011f\u0131z, k\u0131z karde\u015fimiz yaln\u0131z de\u011fildir. Burada oldu\u011fumuz s\u00fcrece onun sesine ses, nefesine nefes olmaya devam edece\u011fiz.\u201d<\/p>\n","protected":false},"excerpt":{"rendered":"<p>HABER MERKEZ\u0130- ODT\u00dc\u2019de \u00f6\u011frenciler, bir \u00f6\u011frenciye y\u00f6nelik tecav\u00fcz davas\u0131nda yarg\u0131lanan Yunus Emre \u00d6zt\u00fcrk hakk\u0131nda verilen beraat kararlar\u0131na kar\u015f\u0131 bas\u0131n a\u00e7\u0131klamas\u0131 yapt\u0131. Cezas\u0131zl\u0131\u011f\u0131n failleri cesaretlendirdi\u011fini belirten \u00f6\u011frenciler, \u00d6zt\u00fcrk\u2019\u00fcn cezaland\u0131rmas\u0131n\u0131 talep etti. Ankara&#8217;da Ortado\u011fu Teknik \u00dcniversitesi (ODT\u00dc) \u00f6\u011frencileri ve Feminist Dayan\u0131\u015fma, tecav\u00fcz faili olan ve beraat eden Yunus Emre \u00d6zt\u00fcrk&#8217;\u00fcn gereken cezay\u0131 almas\u0131 i\u00e7in kamp\u00fcste bas\u0131n a\u00e7\u0131klamas\u0131 [&hellip;]<\/p>\n","protected":false},"author":2,"featured_media":11377,"comment_status":"open","ping_status":"open","sticky":false,"template":"","format":"standard","meta":{"_jetpack_memberships_contains_paid_content":false,"jnews-multi-image_gallery":[],"jnews_single_post":{"subtitle":"","format":"standard","override":[{"template":"1","parallax":"1","fullscreen":"1","layout":"right-sidebar","sidebar":"default-sidebar","second_sidebar":"default-sidebar","sticky_sidebar":"1","share_position":"top","share_float_style":"share-monocrhome","show_featured":"1","show_post_meta":"1","show_post_author_image":"1","show_post_date":"1","post_date_format":"default","post_date_format_custom":"Y\/m\/d","show_post_category":"1","post_reading_time_wpm":"300","post_calculate_word_method":"str_word_count","zoom_button_out_step":"2","zoom_button_in_step":"3","show_post_tag":"1","show_prev_next_post":"1","show_popup_post":"1","number_popup_post":"1","show_author_box":"1","show_post_related":"0","show_inline_post_related":"0"}],"image_override":[{"single_post_thumbnail_size":"crop-500","single_post_gallery_size":"crop-500"}],"trending_post_position":"meta","trending_post_label":"Trending","sponsored_post_label":"Sponsored by","disable_ad":"0"},"jnews_primary_category":[],"jnews_social_meta":[],"jnews_review":[],"enable_review":"","type":"percentage","name":"","summary":"","brand":"","sku":"","good":[],"bad":[],"score_override":"","override_value":"","rating":[],"price":[],"jnews_override_counter":{"view_counter_number":"0","share_counter_number":"0","like_counter_number":"0","dislike_counter_number":"0"},"jnews_post_split":{"post_split":[{"template":"1","tag":"h2","numbering":"asc","mode":"normal","first":"0","enable_toc":"0","toc_type":"normal"}]},"footnotes":""},"categories":[43,51,56],"tags":[],"class_list":["post-11373","post","type-post","status-publish","format-standard","has-post-thumbnail","hentry","category-genc-kadin","category-guncel","category-universite"],"jetpack_sharing_enabled":true,"jetpack_featured_media_url":"https:\/\/berru.org\/wp-content\/uploads\/2026\/04\/photo_2026-04-28_19-32-45.jpg","_links":{"self":[{"href":"https:\/\/berru.org\/index.php\/wp-json\/wp\/v2\/posts\/11373","targetHints":{"allow":["GET"]}}],"collection":[{"href":"https:\/\/berru.org\/index.php\/wp-json\/wp\/v2\/posts"}],"about":[{"href":"https:\/\/berru.org\/index.php\/wp-json\/wp\/v2\/types\/post"}],"author":[{"embeddable":true,"href":"https:\/\/berru.org\/index.php\/wp-json\/wp\/v2\/users\/2"}],"replies":[{"embeddable":true,"href":"https:\/\/berru.org\/index.php\/wp-json\/wp\/v2\/comments?post=11373"}],"version-history":[{"count":2,"href":"https:\/\/berru.org\/index.php\/wp-json\/wp\/v2\/posts\/11373\/revisions"}],"predecessor-version":[{"id":11379,"href":"https:\/\/berru.org\/index.php\/wp-json\/wp\/v2\/posts\/11373\/revisions\/11379"}],"wp:featuredmedia":[{"embeddable":true,"href":"https:\/\/berru.org\/index.php\/wp-json\/wp\/v2\/media\/11377"}],"wp:attachment":[{"href":"https:\/\/berru.org\/index.php\/wp-json\/wp\/v2\/media?parent=11373"}],"wp:term":[{"taxonomy":"category","embeddable":true,"href":"https:\/\/berru.org\/index.php\/wp-json\/wp\/v2\/categories?post=11373"},{"taxonomy":"post_tag","embeddable":true,"href":"https:\/\/berru.org\/index.php\/wp-json\/wp\/v2\/tags?post=11373"}],"curies":[{"name":"wp","href":"https:\/\/api.w.org\/{rel}","templated":true}]}}