{"id":11371,"date":"2026-04-28T19:44:45","date_gmt":"2026-04-28T16:44:45","guid":{"rendered":"https:\/\/berru.org\/?p=11371"},"modified":"2026-04-28T20:55:46","modified_gmt":"2026-04-28T17:55:46","slug":"cinsel-saldiri-davasindaki-beraat-kararina-tepki","status":"publish","type":"post","link":"https:\/\/berru.org\/index.php\/2026\/04\/28\/cinsel-saldiri-davasindaki-beraat-kararina-tepki\/","title":{"rendered":"Cinsel Sald\u0131r\u0131 Davas\u0131ndaki Beraat Karar\u0131na Tepki"},"content":{"rendered":"<p data-start=\"209\" data-end=\"637\"><strong data-start=\"209\" data-end=\"226\">HABER MERKEZ\u0130<\/strong> \u2013 Hacettepe \u00dcniversitesi \u00f6\u011frencileri, bir etkinlikte Yunus Emre \u00d6zt\u00fcrk\u2019\u00fcn bir \u00fcniversite \u00f6\u011frencisine y\u00f6nelik cinsel sald\u0131r\u0131 davas\u0131nda verilen beraat karar\u0131na tepki g\u00f6sterdi.<\/p>\n<p data-start=\"639\" data-end=\"1064\">Hacettepe \u00dcniversitesi \u00f6\u011frencileri, 8 Eyl\u00fcl 2024 tarihinde Hacettepe, ODT\u00dc ve Bilkent yelken topluluklar\u0131n\u0131n Mu\u011fla\u2019da d\u00fczenledi\u011fi ortak etkinlik s\u0131ras\u0131nda ya\u015fanan cinsel sald\u0131r\u0131ya ili\u015fkin Beytepe Kamp\u00fcs\u00fc Edebiyat Fak\u00fcltesi A Kap\u0131s\u0131 \u00f6n\u00fcnde a\u00e7\u0131klama yapt\u0131. ODT\u00dc \u00f6\u011frencisi Yunus Emre \u00d6zt\u00fcrk\u2019\u00fcn bir kad\u0131n \u00f6\u011frenciye y\u00f6nelik sald\u0131r\u0131s\u0131na ve yarg\u0131 s\u00fcrecindeki hukuksuzluklara tepki g\u00f6steren \u00f6\u011frenciler, dayan\u0131\u015fmay\u0131 b\u00fcy\u00fctmeye \u00e7a\u011f\u0131rd\u0131.<\/p>\n<div class=\"jeg_video_container jeg_video_content\"><iframe title=\"Cinsel Sald\u0131r\u0131 Davas\u0131ndaki Beraat Karar\u0131na Tepki\" width=\"500\" height=\"281\" src=\"https:\/\/www.youtube.com\/embed\/702y-HesSwg?feature=oembed\" frameborder=\"0\" allow=\"accelerometer; autoplay; clipboard-write; encrypted-media; gyroscope; picture-in-picture; web-share\" referrerpolicy=\"strict-origin-when-cross-origin\" allowfullscreen><\/iframe><\/div>\n<p>\u00d6\u011frenciler ad\u0131na yap\u0131lan a\u00e7\u0131klamada, fail Yunus Emre \u00d6zt\u00fcrk\u2019\u00fcn sald\u0131r\u0131 gecesi \u015fik\u00e2yeti \u00f6\u011frenince telefonundan \u201cOral seks sonucu DNA bula\u015f\u0131r m\u0131\u201d \u015feklinde arama yapt\u0131\u011f\u0131 ve Adli T\u0131p raporlar\u0131n\u0131n sald\u0131r\u0131y\u0131 do\u011frulad\u0131\u011f\u0131 vurguland\u0131.<\/p>\n<p data-start=\"1293\" data-end=\"2085\">Cezas\u0131zl\u0131k politikalar\u0131n\u0131n failleri cesaretlendirdi\u011fini belirten \u00f6\u011frenciler, mahkemenin somut delilleri g\u00f6rmezden geldi\u011fine dikkat \u00e7ekti. Dava dosyas\u0131ndaki raporlar\u0131n ma\u011fdurun ifadesiyle uyumlu oldu\u011funun alt\u0131n\u0131 \u00e7izen \u00f6\u011frenciler, \u201cMu\u011fla 1. A\u011f\u0131r Ceza Mahkemesi DNA raporunu beklemeden beraat karar\u0131 vermi\u015ftir. Hacettepe \u00dcniversitesi Adli T\u0131p Anabilim Dal\u0131\u2019ndan akademisyenlerin haz\u0131rlad\u0131\u011f\u0131 uzman g\u00f6r\u00fc\u015fleri ve travma sonras\u0131 stres bozuklu\u011fu tan\u0131s\u0131 dosyaya eklenmesine ra\u011fmen istinaf ba\u015fvurusu reddedilmi\u015ftir. Mahkemeler adli t\u0131p raporlar\u0131n\u0131 \u2018r\u0131za\u2019 diyerek yok saymakta, failleri korumaya devam etmektedir. San\u0131k avukatlar\u0131n\u0131n \u2018zeki bir kad\u0131n ve tecav\u00fcz durumunda ne yap\u0131laca\u011f\u0131n\u0131 bilen biridir\u2019 diyerek sergiledi\u011fi ma\u011fdur su\u00e7lay\u0131c\u0131l\u0131k, bu karanl\u0131k sistemin bir yans\u0131mas\u0131d\u0131r\u201d ifadelerini kulland\u0131.<\/p>\n<p data-start=\"2087\" data-end=\"2286\">Dosyan\u0131n Yarg\u0131tay a\u015famas\u0131nda oldu\u011funu belirten \u00f6\u011frenciler, adalet \u00e7a\u011fr\u0131s\u0131n\u0131 yineleyerek, \u201cBu cezas\u0131zl\u0131k politikas\u0131 m\u00fcnferit bir olay de\u011fildir; fail erkekleri koruyan sistemin bizzat kendisidir\u201d dedi.<\/p>\n<p data-start=\"2288\" data-end=\"2463\">Kad\u0131n \u00f6\u011frenciler eylem boyunca s\u0131k s\u0131k \u201cFaillerden hesab\u0131 kad\u0131nlar soracak\u201d, \u201cErkek adalet de\u011fil, ger\u00e7ek adalet\u201d ve \u201cSusmuyoruz, korkmuyoruz, itaat etmiyoruz\u201d sloganlar\u0131 att\u0131.<\/p>\n","protected":false},"excerpt":{"rendered":"<p>HABER MERKEZ\u0130 \u2013 Hacettepe \u00dcniversitesi \u00f6\u011frencileri, bir etkinlikte Yunus Emre \u00d6zt\u00fcrk\u2019\u00fcn bir \u00fcniversite \u00f6\u011frencisine y\u00f6nelik cinsel sald\u0131r\u0131 davas\u0131nda verilen beraat karar\u0131na tepki g\u00f6sterdi. Hacettepe \u00dcniversitesi \u00f6\u011frencileri, 8 Eyl\u00fcl 2024 tarihinde Hacettepe, ODT\u00dc ve Bilkent yelken topluluklar\u0131n\u0131n Mu\u011fla\u2019da d\u00fczenledi\u011fi ortak etkinlik s\u0131ras\u0131nda ya\u015fanan cinsel sald\u0131r\u0131ya ili\u015fkin Beytepe Kamp\u00fcs\u00fc Edebiyat Fak\u00fcltesi A Kap\u0131s\u0131 \u00f6n\u00fcnde a\u00e7\u0131klama yapt\u0131. ODT\u00dc [&hellip;]<\/p>\n","protected":false},"author":2,"featured_media":11380,"comment_status":"open","ping_status":"open","sticky":false,"template":"","format":"standard","meta":{"_jetpack_memberships_contains_paid_content":false,"jnews-multi-image_gallery":[],"jnews_single_post":{"subtitle":"","format":"standard","override":[{"template":"1","parallax":"1","fullscreen":"1","layout":"right-sidebar","sidebar":"default-sidebar","second_sidebar":"default-sidebar","sticky_sidebar":"1","share_position":"top","share_float_style":"share-monocrhome","show_featured":"1","show_post_meta":"1","show_post_author_image":"1","show_post_date":"1","post_date_format":"default","post_date_format_custom":"Y\/m\/d","show_post_category":"1","post_reading_time_wpm":"300","post_calculate_word_method":"str_word_count","zoom_button_out_step":"2","zoom_button_in_step":"3","show_post_tag":"1","show_prev_next_post":"1","show_popup_post":"1","number_popup_post":"1","show_author_box":"1","show_post_related":"0","show_inline_post_related":"0"}],"image_override":[{"single_post_thumbnail_size":"crop-500","single_post_gallery_size":"crop-500"}],"trending_post_position":"meta","trending_post_label":"Trending","sponsored_post_label":"Sponsored by","disable_ad":"0"},"jnews_primary_category":[],"jnews_social_meta":[],"jnews_review":[],"enable_review":"","type":"percentage","name":"","summary":"","brand":"","sku":"","good":[],"bad":[],"score_override":"","override_value":"","rating":[],"price":[],"jnews_override_counter":{"view_counter_number":"0","share_counter_number":"0","like_counter_number":"0","dislike_counter_number":"0"},"jnews_post_split":{"post_split":[{"template":"1","tag":"h2","numbering":"asc","mode":"normal","first":"0","enable_toc":"0","toc_type":"normal"}]},"footnotes":""},"categories":[43,51,56],"tags":[],"class_list":["post-11371","post","type-post","status-publish","format-standard","has-post-thumbnail","hentry","category-genc-kadin","category-guncel","category-universite"],"jetpack_sharing_enabled":true,"jetpack_featured_media_url":"https:\/\/berru.org\/wp-content\/uploads\/2026\/04\/photo_2026-04-28_19-43-04.jpg","_links":{"self":[{"href":"https:\/\/berru.org\/index.php\/wp-json\/wp\/v2\/posts\/11371","targetHints":{"allow":["GET"]}}],"collection":[{"href":"https:\/\/berru.org\/index.php\/wp-json\/wp\/v2\/posts"}],"about":[{"href":"https:\/\/berru.org\/index.php\/wp-json\/wp\/v2\/types\/post"}],"author":[{"embeddable":true,"href":"https:\/\/berru.org\/index.php\/wp-json\/wp\/v2\/users\/2"}],"replies":[{"embeddable":true,"href":"https:\/\/berru.org\/index.php\/wp-json\/wp\/v2\/comments?post=11371"}],"version-history":[{"count":7,"href":"https:\/\/berru.org\/index.php\/wp-json\/wp\/v2\/posts\/11371\/revisions"}],"predecessor-version":[{"id":11385,"href":"https:\/\/berru.org\/index.php\/wp-json\/wp\/v2\/posts\/11371\/revisions\/11385"}],"wp:featuredmedia":[{"embeddable":true,"href":"https:\/\/berru.org\/index.php\/wp-json\/wp\/v2\/media\/11380"}],"wp:attachment":[{"href":"https:\/\/berru.org\/index.php\/wp-json\/wp\/v2\/media?parent=11371"}],"wp:term":[{"taxonomy":"category","embeddable":true,"href":"https:\/\/berru.org\/index.php\/wp-json\/wp\/v2\/categories?post=11371"},{"taxonomy":"post_tag","embeddable":true,"href":"https:\/\/berru.org\/index.php\/wp-json\/wp\/v2\/tags?post=11371"}],"curies":[{"name":"wp","href":"https:\/\/api.w.org\/{rel}","templated":true}]}}