{"id":11356,"date":"2026-04-28T11:45:20","date_gmt":"2026-04-28T08:45:20","guid":{"rendered":"https:\/\/berru.org\/?p=11356"},"modified":"2026-04-28T11:45:20","modified_gmt":"2026-04-28T08:45:20","slug":"izmirde-ogrencilerin-gozaltina-alinmasina-tepki","status":"publish","type":"post","link":"https:\/\/berru.org\/index.php\/2026\/04\/28\/izmirde-ogrencilerin-gozaltina-alinmasina-tepki\/","title":{"rendered":"\u0130zmir&#8217;de \u00d6\u011frencilerin G\u00f6zalt\u0131na Al\u0131nmas\u0131na Tepki"},"content":{"rendered":"<p><strong>HABER MERKEZ\u0130-<\/strong> \u0130zmir\u2019de d\u00fcn yap\u0131lan ev bask\u0131nlar\u0131nda \u00fcniversite \u00f6\u011frencilerinin g\u00f6zalt\u0131na al\u0131nmas\u0131na tepki g\u00f6steren gen\u00e7ler, bask\u0131lar\u0131n tesad\u00fcf de\u011fil bilin\u00e7li bir sindirme ve g\u00f6zda\u011f\u0131 politikas\u0131 oldu\u011funu vurgulayarak, m\u00fccadeleyi b\u00fcy\u00fcteceklerini belirtti.<\/p>\n<p>\u0130zmir&#8217;de bulunan gen\u00e7lik \u00f6rg\u00fctleri, kentte d\u00fcn sabah saatlerinde yap\u0131lan ev bask\u0131nlar\u0131nda 16 \u00fcniversite \u00f6\u011frencisinin g\u00f6zalt\u0131na al\u0131nmas\u0131n\u0131 adliye \u00f6n\u00fcnde protesto etti. &#8220;Ya\u015fas\u0131n 1 May\u0131s Bij\u00ee Yek Gulan&#8221; ve &#8220;G\u00f6zalt\u0131lar tutuklamalar, bask\u0131lar bizi y\u0131ld\u0131ramaz&#8221;, &#8220;Ya\u015fas\u0131n \u00f6\u011frenci dayan\u0131\u015fmas\u0131&#8221; ve &#8220;Y\u00d6K polis medya bu abluka da\u011f\u0131t\u0131lacak&#8221; sloganlar\u0131 at\u0131lan a\u00e7\u0131klamada bas\u0131n metnini okuyan Emine K\u0131rkal\u0131, operasyonlar\u0131n tesad\u00fcf de\u011fil bilin\u00e7li bir sindirme ve g\u00f6zda\u011f\u0131 politikas\u0131 oldu\u011funu s\u00f6yledi.<\/p>\n<p>Emine K\u0131rkal\u0131, &#8220;Dokuz Eyl\u00fcl \u00dcniversitesi\u2019nde m\u00fccadele eden arkada\u015flar\u0131m\u0131z 1 May\u0131s\u2019a g\u00fcnler kala sabah saatlerinde yap\u0131lan ev bask\u0131nlar\u0131yla g\u00f6zalt\u0131na al\u0131nd\u0131. Bu operasyonlar tesad\u00fcf de\u011fil; bilin\u00e7li bir sindirme ve g\u00f6zda\u011f\u0131 politikas\u0131d\u0131r. Hedef al\u0131nan yaln\u0131zca birka\u00e7 \u00f6\u011frenci de\u011fil, sorgulayan, itiraz eden, e\u015fit ve \u00f6zg\u00fcr bir gelecek isteyen gen\u00e7li\u011fin ta kendisidir. Arkada\u015flar\u0131m\u0131z, kamp\u00fcslerde \u00f6rg\u00fctlenen fa\u015fist \u00e7etelere kar\u015f\u0131 durduklar\u0131, \u00fcniversiteleri karanl\u0131\u011fa teslim etmedikleri, d\u00fc\u015f\u00fcncelerini \u00f6rg\u00fctl\u00fc bir \u015fekilde ifade ettikleri ve geleceklerine sahip \u00e7\u0131kt\u0131klar\u0131 i\u00e7in hedef al\u0131nmaktad\u0131r&#8221; diye belirtti.<\/p>\n<p><strong>\u2018M\u00fccadeleyi B\u00fcy\u00fctece\u011fiz\u2019<\/strong><\/p>\n<p>Ege \u00dcniversitesi&#8217;ndeki \u00f6\u011frencilere d\u00f6n\u00fck palal\u0131 sald\u0131r\u0131y\u0131 da hat\u0131rlatan Emine K\u0131rkal\u0131, &#8220;Daha ge\u00e7ti\u011fimiz g\u00fcnlerde Ege \u00dcniversitesi\u2019nde \u00f6\u011frencilere palal\u0131 sald\u0131r\u0131 d\u00fczenleyen \u00e7eteler serbestken, Hacettepe \u00dcniversitesi\u2019nde benzer sald\u0131r\u0131lar\u0131 ger\u00e7ekle\u015ftirenler ellerini kollar\u0131n\u0131 sallayarak dola\u015f\u0131rken, haklar\u0131n\u0131 savunan, s\u00f6z\u00fcn\u00fc s\u00f6yleyen \u00f6\u011frencilerin sabah bask\u0131nlar\u0131yla g\u00f6zalt\u0131na al\u0131nmas\u0131 bu d\u00fczenin kimin yan\u0131nda durdu\u011funu a\u00e7\u0131k\u00e7a g\u00f6stermektedir. \u00dcniversiteler iktidar\u0131n arka bah\u00e7esi de\u011fildir. \u00dcniversiteler, bilimin, sanat\u0131n, \u00f6zg\u00fcrl\u00fc\u011f\u00fcn ve gen\u00e7li\u011fin s\u00f6z\u00fcn\u00fc s\u00f6yledi\u011fi alanlard\u0131r. Ancak bug\u00fcn \u00fcniversitelerde ya\u015fananlar, \u00fclkenin genel tablosundan ba\u011f\u0131ms\u0131z de\u011fildir. Bilimsel ve \u00f6zg\u00fcr e\u011fitimin tasfiye edildi\u011fi, gen\u00e7li\u011fin geleceksizli\u011fe mahk\u00fbm edildi\u011fi, bar\u0131nma ve ya\u015fam hakk\u0131n\u0131n gasp edildi\u011fi bu d\u00fczende ses \u00e7\u0131karan herkes hedef haline getirilmektedir. Bask\u0131lara kar\u015f\u0131 1 May\u0131s&#8217;ta alanda olaca\u011f\u0131z. G\u00f6zalt\u0131na al\u0131nan arkada\u015flar\u0131m\u0131z i\u00e7in, eme\u011fimiz i\u00e7in, gelece\u011fimiz i\u00e7in, \u00f6zg\u00fcr ve e\u015fit bir ya\u015fam i\u00e7in meydanlarda, kamp\u00fcslerde m\u00fccadeleyi b\u00fcy\u00fctece\u011fiz&#8221; ifadelerini kulland\u0131.<\/p>\n<p><strong>\u00a0 \u00a0 \u00a0 \u00a0Kaynak: MA<\/strong><\/p>\n","protected":false},"excerpt":{"rendered":"<p>HABER MERKEZ\u0130- \u0130zmir\u2019de d\u00fcn yap\u0131lan ev bask\u0131nlar\u0131nda \u00fcniversite \u00f6\u011frencilerinin g\u00f6zalt\u0131na al\u0131nmas\u0131na tepki g\u00f6steren gen\u00e7ler, bask\u0131lar\u0131n tesad\u00fcf de\u011fil bilin\u00e7li bir sindirme ve g\u00f6zda\u011f\u0131 politikas\u0131 oldu\u011funu vurgulayarak, m\u00fccadeleyi b\u00fcy\u00fcteceklerini belirtti. \u0130zmir&#8217;de bulunan gen\u00e7lik \u00f6rg\u00fctleri, kentte d\u00fcn sabah saatlerinde yap\u0131lan ev bask\u0131nlar\u0131nda 16 \u00fcniversite \u00f6\u011frencisinin g\u00f6zalt\u0131na al\u0131nmas\u0131n\u0131 adliye \u00f6n\u00fcnde protesto etti. &#8220;Ya\u015fas\u0131n 1 May\u0131s Bij\u00ee Yek Gulan&#8221; ve [&hellip;]<\/p>\n","protected":false},"author":2,"featured_media":11357,"comment_status":"open","ping_status":"open","sticky":false,"template":"","format":"standard","meta":{"_jetpack_memberships_contains_paid_content":false,"jnews-multi-image_gallery":[],"jnews_single_post":{"subtitle":""},"jnews_primary_category":[],"jnews_social_meta":[],"jnews_review":[],"enable_review":"","type":"","name":"","summary":"","brand":"","sku":"","good":[],"bad":[],"score_override":"","override_value":"","rating":[],"price":[],"jnews_override_counter":[],"jnews_post_split":[],"footnotes":""},"categories":[48,51],"tags":[],"class_list":["post-11356","post","type-post","status-publish","format-standard","has-post-thumbnail","hentry","category-genclik","category-guncel"],"jetpack_sharing_enabled":true,"jetpack_featured_media_url":"https:\/\/berru.org\/wp-content\/uploads\/2026\/04\/photo_2026-04-28_11-43-34.jpg","_links":{"self":[{"href":"https:\/\/berru.org\/index.php\/wp-json\/wp\/v2\/posts\/11356","targetHints":{"allow":["GET"]}}],"collection":[{"href":"https:\/\/berru.org\/index.php\/wp-json\/wp\/v2\/posts"}],"about":[{"href":"https:\/\/berru.org\/index.php\/wp-json\/wp\/v2\/types\/post"}],"author":[{"embeddable":true,"href":"https:\/\/berru.org\/index.php\/wp-json\/wp\/v2\/users\/2"}],"replies":[{"embeddable":true,"href":"https:\/\/berru.org\/index.php\/wp-json\/wp\/v2\/comments?post=11356"}],"version-history":[{"count":2,"href":"https:\/\/berru.org\/index.php\/wp-json\/wp\/v2\/posts\/11356\/revisions"}],"predecessor-version":[{"id":11359,"href":"https:\/\/berru.org\/index.php\/wp-json\/wp\/v2\/posts\/11356\/revisions\/11359"}],"wp:featuredmedia":[{"embeddable":true,"href":"https:\/\/berru.org\/index.php\/wp-json\/wp\/v2\/media\/11357"}],"wp:attachment":[{"href":"https:\/\/berru.org\/index.php\/wp-json\/wp\/v2\/media?parent=11356"}],"wp:term":[{"taxonomy":"category","embeddable":true,"href":"https:\/\/berru.org\/index.php\/wp-json\/wp\/v2\/categories?post=11356"},{"taxonomy":"post_tag","embeddable":true,"href":"https:\/\/berru.org\/index.php\/wp-json\/wp\/v2\/tags?post=11356"}],"curies":[{"name":"wp","href":"https:\/\/api.w.org\/{rel}","templated":true}]}}