{"id":11333,"date":"2026-04-27T18:11:28","date_gmt":"2026-04-27T15:11:28","guid":{"rendered":"https:\/\/berru.org\/?p=11333"},"modified":"2026-04-27T21:28:19","modified_gmt":"2026-04-27T18:28:19","slug":"ilayda-zorlu-ve-tutuklanan-gencler-icin-kadikoyde-aciklama","status":"publish","type":"post","link":"https:\/\/berru.org\/index.php\/2026\/04\/27\/ilayda-zorlu-ve-tutuklanan-gencler-icin-kadikoyde-aciklama\/","title":{"rendered":"\u0130layda Zorlu ve Tutuklanan Gen\u00e7ler \u0130\u00e7in Kad\u0131k\u00f6y\u2019de A\u00e7\u0131klama"},"content":{"rendered":"<p><strong>\u0130STANBUL-<\/strong> \u0130layda Zorlu\u2019nun \u015f\u00fcpheli \u00f6l\u00fcm\u00fc ve protesto eyleminde tutuklananlar i\u00e7in eylem yapan gen\u00e7lik \u00f6rg\u00fctleri, \u201cBu tutuklamalar bizi y\u0131ld\u0131ramayacak. \u0130layda\u2019n\u0131n hesab\u0131n\u0131 sormaya, arkada\u015flar\u0131m\u0131z\u0131 almaya, i\u015f\u00e7ilerin ve gen\u00e7li\u011fin m\u00fccadelesini b\u00fcy\u00fctmeye devam edece\u011fiz\u201d dedi.<\/p>\n<p>Gen\u00e7lik \u00f6rg\u00fctleri, 18 Nisan\u2019da Karadeniz Teknik \u00dcniversitesi Uluslararas\u0131 \u0130li\u015fkiler b\u00f6l\u00fcm\u00fc \u00f6\u011frencisi \u0130layda Zorlu\u2019nun \u015f\u00fcpheli \u015fekilde \u00f6l\u00fcm\u00fc ve buna dair protesto eyleminde tutuklanan \u00f6\u011frencilere ili\u015fkin \u0130stanbul Kad\u0131k\u00f6y\u2019de bulunan S\u00fcreyya Operas\u0131 \u00f6n\u00fcnde eylem yapt\u0131. \u00c7ok say\u0131da ki\u015finin kat\u0131ld\u0131\u011f\u0131 eylemde, \u201c\u0130layda\u2019n\u0131n hesab\u0131n\u0131 soraca\u011f\u0131z! Tutsak arkada\u015flar\u0131m\u0131z\u0131 alaca\u011f\u0131z\u201c pankart\u0131 a\u00e7\u0131ld\u0131. Eylemde ayr\u0131ca s\u0131k s\u0131k, \u201c\u0130nsanl\u0131k onuru i\u015fkenceyi yenecek\u201c slogan\u0131 at\u0131ld\u0131.<\/p>\n<div class=\"jeg_video_container jeg_video_content\"><iframe title=\"\u0130layda Zorlu ve Tutuklanan Gen\u00e7ler \u0130\u00e7in Kad\u0131k\u00f6y\u2019de A\u00e7\u0131klama\" width=\"500\" height=\"281\" src=\"https:\/\/www.youtube.com\/embed\/_6xDRusHgkk?feature=oembed\" frameborder=\"0\" allow=\"accelerometer; autoplay; clipboard-write; encrypted-media; gyroscope; picture-in-picture; web-share\" referrerpolicy=\"strict-origin-when-cross-origin\" allowfullscreen><\/iframe><\/div>\n<p>\u00dcniversite \u00f6\u011frencileri ad\u0131na a\u00e7\u0131klamay\u0131 okuyan Irmak Biter, \u0130layda Zorlu\u2019nun \u00f6l\u00fcm\u00fcn\u00fcn m\u00fcnferit bir olay olmad\u0131\u011f\u0131n\u0131 s\u00f6yleyerek, buna ili\u015fkin yap\u0131lan eylemlere polisin sald\u0131rd\u0131\u011f\u0131na dikkati \u00e7ekti.<\/p>\n<p>\u0130ktidar\u0131n \u201cAile Y\u0131l\u0131\u201d politikalar\u0131yla kad\u0131nlar\u0131n \u00fczerindeki bask\u0131 politikas\u0131n\u0131n artt\u0131\u011f\u0131n\u0131 vurgulayan Biter, gen\u00e7lere de uygulanan bask\u0131 politikalar\u0131n\u0131n ola\u011fan hale geldi\u011fini s\u00f6yledi.<\/p>\n<p>Politikalar\u0131yla failleri cesaretlendirenlerin ba\u015f sorumlu oldu\u011funun alt\u0131n\u0131 \u00e7izen Biter, \u201cG\u00fclistan Doku\u2019dan nice kad\u0131na uzanan cezas\u0131zl\u0131k zinciri h\u00e2l\u00e2 s\u00fcrmektedir. \u0130layda\u2019n\u0131n katledilmesi de bu siyasal iklimden ba\u011f\u0131ms\u0131z de\u011fildir. Sokakta m\u00fccadele etti\u011fi i\u00e7in polis taraf\u0131ndan ailesine hedef g\u00f6sterilmi\u015f, hukuksuz aile aramalar\u0131yla bask\u0131 alt\u0131na al\u0131nm\u0131\u015f, aile i\u00e7i \u015fiddetin i\u00e7ine itilmi\u015ftir. Gen\u00e7li\u011fi sindirmek i\u00e7in kullan\u0131lan bu y\u00f6ntem yeni de\u011fildir. Y\u0131llard\u0131r \u00f6\u011frencilere, devrimcilere, hak arayanlara aile bask\u0131s\u0131, ajanla\u015ft\u0131rma, tehdit ve g\u00f6zda\u011f\u0131 dayat\u0131lmaktad\u0131r. Devlet bir yandan yoksullu\u011fu, s\u00f6m\u00fcr\u00fcy\u00fc ve geleceksizli\u011fi b\u00fcy\u00fct\u00fcrken di\u011fer yandan buna itiraz edenleri bask\u0131yla susturmaya \u00e7al\u0131\u015fmaktad\u0131r. D\u00fcn \u0130layda i\u00e7in sokaklara \u00e7\u0131kan \u00fcniversitelileri tutuklayanlar, bug\u00fcn Ankara\u2019da haklar\u0131 i\u00e7in direnen madencileri ablukada tutuyor, g\u00f6zalt\u0131na al\u0131yor. Ayn\u0131 d\u00fczen; kad\u0131nlar\u0131n ya\u015fam\u0131n\u0131 korumamakta, gen\u00e7lerin gelece\u011fini \u00e7almakta, i\u015f\u00e7ilerin sesini bast\u0131rmaktad\u0131r\u201d ifadelerini kulland\u0131.<\/p>\n<p>Protesto eyleminde tutuklanan arkada\u015flar\u0131n\u0131n serbest b\u0131rak\u0131lmas\u0131 \u00e7a\u011fr\u0131s\u0131n\u0131 yapan Biter, \u201c\u0130layda Zorlu\u2019nun \u00f6l\u00fcm\u00fcndeki t\u00fcm sorumlular yarg\u0131lanmal\u0131d\u0131r. \u0130\u015fkence, aile aramalar\u0131 ve ajanla\u015ft\u0131rma politikalar\u0131 son bulmal\u0131d\u0131r. Bu tutuklamalar bizi y\u0131ld\u0131ramayacak. \u0130layda\u2019n\u0131n hesab\u0131n\u0131 sormaya, arkada\u015flar\u0131m\u0131z\u0131 almaya, i\u015f\u00e7ilerin ve gen\u00e7li\u011fin m\u00fccadelesini b\u00fcy\u00fctmeye devam edece\u011fiz\u201d dedi.<\/p>\n<p><strong>\u00a0 \u00a0 \u00a0 \u00a0 \u00a0 \u00a0 BER\u00db\/ Fermandar Karde\u015f<\/strong><\/p>\n","protected":false},"excerpt":{"rendered":"<p>\u0130STANBUL- \u0130layda Zorlu\u2019nun \u015f\u00fcpheli \u00f6l\u00fcm\u00fc ve protesto eyleminde tutuklananlar i\u00e7in eylem yapan gen\u00e7lik \u00f6rg\u00fctleri, \u201cBu tutuklamalar bizi y\u0131ld\u0131ramayacak. \u0130layda\u2019n\u0131n hesab\u0131n\u0131 sormaya, arkada\u015flar\u0131m\u0131z\u0131 almaya, i\u015f\u00e7ilerin ve gen\u00e7li\u011fin m\u00fccadelesini b\u00fcy\u00fctmeye devam edece\u011fiz\u201d dedi. Gen\u00e7lik \u00f6rg\u00fctleri, 18 Nisan\u2019da Karadeniz Teknik \u00dcniversitesi Uluslararas\u0131 \u0130li\u015fkiler b\u00f6l\u00fcm\u00fc \u00f6\u011frencisi \u0130layda Zorlu\u2019nun \u015f\u00fcpheli \u015fekilde \u00f6l\u00fcm\u00fc ve buna dair protesto eyleminde tutuklanan \u00f6\u011frencilere ili\u015fkin [&hellip;]<\/p>\n","protected":false},"author":2,"featured_media":11334,"comment_status":"open","ping_status":"open","sticky":false,"template":"","format":"standard","meta":{"_jetpack_memberships_contains_paid_content":false,"jnews-multi-image_gallery":[],"jnews_single_post":{"subtitle":"","format":"standard","override":[{"template":"1","parallax":"1","fullscreen":"1","layout":"right-sidebar","sidebar":"default-sidebar","second_sidebar":"default-sidebar","sticky_sidebar":"1","share_position":"top","share_float_style":"share-monocrhome","show_featured":"1","show_post_meta":"1","show_post_author_image":"1","show_post_date":"1","post_date_format":"default","post_date_format_custom":"Y\/m\/d","show_post_category":"1","post_reading_time_wpm":"300","post_calculate_word_method":"str_word_count","zoom_button_out_step":"2","zoom_button_in_step":"3","show_post_tag":"1","show_prev_next_post":"1","show_popup_post":"1","number_popup_post":"1","show_author_box":"1","show_post_related":"0","show_inline_post_related":"0"}],"image_override":[{"single_post_thumbnail_size":"crop-500","single_post_gallery_size":"crop-500"}],"trending_post_position":"meta","trending_post_label":"Trending","sponsored_post_label":"Sponsored by","disable_ad":"0"},"jnews_primary_category":[],"jnews_social_meta":[],"jnews_review":[],"enable_review":"","type":"percentage","name":"","summary":"","brand":"","sku":"","good":[],"bad":[],"score_override":"","override_value":"","rating":[],"price":[],"jnews_override_counter":{"view_counter_number":"0","share_counter_number":"0","like_counter_number":"0","dislike_counter_number":"0"},"jnews_post_split":{"post_split":[{"template":"1","tag":"h2","numbering":"asc","mode":"normal","first":"0","enable_toc":"0","toc_type":"normal"}]},"footnotes":""},"categories":[48,51],"tags":[],"class_list":["post-11333","post","type-post","status-publish","format-standard","has-post-thumbnail","hentry","category-genclik","category-guncel"],"jetpack_sharing_enabled":true,"jetpack_featured_media_url":"https:\/\/berru.org\/wp-content\/uploads\/2026\/04\/C0808T01.jpg","_links":{"self":[{"href":"https:\/\/berru.org\/index.php\/wp-json\/wp\/v2\/posts\/11333","targetHints":{"allow":["GET"]}}],"collection":[{"href":"https:\/\/berru.org\/index.php\/wp-json\/wp\/v2\/posts"}],"about":[{"href":"https:\/\/berru.org\/index.php\/wp-json\/wp\/v2\/types\/post"}],"author":[{"embeddable":true,"href":"https:\/\/berru.org\/index.php\/wp-json\/wp\/v2\/users\/2"}],"replies":[{"embeddable":true,"href":"https:\/\/berru.org\/index.php\/wp-json\/wp\/v2\/comments?post=11333"}],"version-history":[{"count":3,"href":"https:\/\/berru.org\/index.php\/wp-json\/wp\/v2\/posts\/11333\/revisions"}],"predecessor-version":[{"id":11337,"href":"https:\/\/berru.org\/index.php\/wp-json\/wp\/v2\/posts\/11333\/revisions\/11337"}],"wp:featuredmedia":[{"embeddable":true,"href":"https:\/\/berru.org\/index.php\/wp-json\/wp\/v2\/media\/11334"}],"wp:attachment":[{"href":"https:\/\/berru.org\/index.php\/wp-json\/wp\/v2\/media?parent=11333"}],"wp:term":[{"taxonomy":"category","embeddable":true,"href":"https:\/\/berru.org\/index.php\/wp-json\/wp\/v2\/categories?post=11333"},{"taxonomy":"post_tag","embeddable":true,"href":"https:\/\/berru.org\/index.php\/wp-json\/wp\/v2\/tags?post=11333"}],"curies":[{"name":"wp","href":"https:\/\/api.w.org\/{rel}","templated":true}]}}