{"id":11314,"date":"2026-04-26T21:55:53","date_gmt":"2026-04-26T18:55:53","guid":{"rendered":"https:\/\/berru.org\/?p=11314"},"modified":"2026-04-26T22:13:12","modified_gmt":"2026-04-26T19:13:12","slug":"gulistan-doku-ve-rojin-kabais-icin-yuruyus","status":"publish","type":"post","link":"https:\/\/berru.org\/index.php\/2026\/04\/26\/gulistan-doku-ve-rojin-kabais-icin-yuruyus\/","title":{"rendered":"G\u00fclistan Doku ve Rojin Kabai\u015f \u0130\u00e7in Eylem"},"content":{"rendered":"<p><strong>HABER MERKEZ\u0130- <\/strong>Rojin Kabai\u015f ve G\u00fclistan Doku i\u00e7in \u0130stanbul Kad\u0131k\u00f6y\u2019de d\u00fczenlenen eylemde, \u2018Delil karartan, s\u00fcreci uzatan ve failleri koruyan t\u00fcm ki\u015fi ve kurumlar yarg\u0131lanmal\u0131; kad\u0131nlar\u0131n ya\u015fam hakk\u0131 g\u00fcvence alt\u0131na al\u0131nmal\u0131d\u0131r\u2019 denildi.<\/p>\n<p>Rojin Kabai\u015f ve G\u00fclistan Doku \u0130\u00e7in Adalet Komisyonlar\u0131, \u201cG\u00fclistan Doku\u2019dan Rojin Kabai\u015f\u2019e ger\u00e7ek adaleti biz sa\u011flayaca\u011f\u0131z\u201d slogan\u0131 ile \u0130stanbul Kad\u0131k\u00f6y\u2019de bulunan S\u00fcreyya Operas\u0131 \u00f6n\u00fcnden Khalkedon Meydan\u0131\u2019na y\u00fcr\u00fcy\u00fc\u015f d\u00fczenledi.<\/p>\n<p>Y\u00fcr\u00fcy\u00fc\u015f\u00fcn ard\u0131ndan Khalkedon Meydan\u0131\u2019nda bas\u0131n a\u00e7\u0131klamas\u0131 ger\u00e7ekle\u015ftirildi. A\u00e7\u0131klamada bas\u0131n metnini G\u00fclistan Doku \u0130\u00e7in Adalet Komisyonlar\u0131 G\u00f6n\u00fcll\u00fcs\u00fc \u015eeyma \u00c7oban okudu. Rojin Kabai\u015f, G\u00fclistan Doku ve t\u00fcm \u015f\u00fcpheli kad\u0131n \u00f6l\u00fcmlerinin ayd\u0131nlat\u0131lmas\u0131 i\u00e7in m\u00fccadele ettiklerinin alt\u0131n\u0131 \u00e7izen \u015eeymanur \u00c7oban \u015funlar\u0131 belirtti:<\/p>\n<p>\u201cKad\u0131nlar olarak bir kez daha sokaklarday\u0131z. Sesimizi failleri aklayan mekanizmalara kar\u015f\u0131 \u0130ntihar de\u011fil cinayet diyerek, y\u00fckseltiyor erkek egemen devlet \u015fiddetini ve kad\u0131n cinsine kar\u015f\u0131 \u00f6rg\u00fctlenen bu k\u0131r\u0131m\u0131 te\u015fhir etmek i\u00e7in burada oldu\u011fumuzu ilan ediyoruz. 5 Ocak 2020 tarihinden bu yana kendisinden haber al\u0131namayan G\u00fclistan Doku dosyas\u0131nda bug\u00fcn ya\u015fananlar y\u0131llard\u0131r y\u00fcr\u00fct\u00fclen kad\u0131n m\u00fccadelesinin sayesindedir. G\u00fclistan\u2019\u0131n ailesinin ve biz kad\u0131nlar\u0131n Zainal Abarakov\u2019un yarg\u0131lanmas\u0131 talepleri g\u00f6rmezden gelindi, \u00fcvey babas\u0131 emekli polis Engin Y\u00fccer\u2019in delilleri karartmas\u0131na g\u00f6z yumuldu. D\u00f6nemin valisi Tuncay Sonel hi\u00e7bir somut delile dayanmadan aileye \u2018K\u0131z\u0131n\u0131z intihar etti\u2019 diyerek dosyay\u0131 kapatmaya \u00e7al\u0131\u015ft\u0131.Emniyet \u2018kameralar bozuk, kay\u0131tlar \u00e7\u00f6z\u00fclemiyor\u2019 yalan\u0131yla kamuoyunu oyalarken biz kad\u0131nlar\u0131n buldu\u011fu g\u00f6n\u00fcll\u00fc uzmanlar o suda hi\u00e7bir hareketlilik olmad\u0131\u011f\u0131n\u0131 ortaya \u00e7\u0131karm\u0131\u015ft\u0131. Bug\u00fcn ise G\u00fclistan\u2019\u0131n o baraja hi\u00e7 gitmedi\u011fi itiraf ediliyor.\u201d<\/p>\n<p><strong>\u2018\u2018G\u00fclistan nerede?\u2019 diyen ailesi sokakta \u015fiddetle g\u00f6zalt\u0131na al\u0131nd\u0131\u2019<\/strong><\/p>\n<p>\u015eeyma \u00c7oban, iktidar ve yarg\u0131 mekanizmas\u0131n\u0131n G\u00fclistan Doku ailesini ve kad\u0131nlar\u0131 susturmak i\u00e7in her yolu denedi\u011fini belirterek, \u201cTayyip Erdo\u011fan aileyi kad\u0131n \u00f6rg\u00fctlerinden uzakla\u015ft\u0131rmak i\u00e7in a\u00e7\u0131klamalar yaparken d\u00f6nemin Adalet Bakan\u0131 Bekir Bozda\u011f adalet arayan aileyi kap\u0131dan geri \u00e7evirmi\u015f, S\u00fcleyman soylu Meclis\u2019te \u2018Tunceli Cumhuriyet Ba\u015fsavc\u0131l\u0131\u011f\u0131nca olay\u0131n adli soru\u015fturmas\u0131n\u0131n beraber takip edildi\u011fi ve Vali Tuncay Sonel hakk\u0131ndaki iddialar\u0131n as\u0131ls\u0131z oldu\u011fu anla\u015f\u0131lm\u0131\u015ft\u0131r\u2019 tutanaklar\u0131 tutmu\u015ftu. Meclis\u2019e sunulan soru \u00f6nergeleri AKP-MHP oylar\u0131yla reddedilirken, G\u00fclistan\u2019\u0131n annesi ve ablas\u0131 \u2018G\u00fclistan nerede?\u2019 dedikleri i\u00e7in sokak ortas\u0131nda tekmelerle, i\u015fkenceyle g\u00f6zalt\u0131na al\u0131nm\u0131\u015ft\u0131\u201d ifadelerini kulland\u0131.<\/p>\n<p><strong>\u00a0\u2018Delillerin karart\u0131ld\u0131, cezas\u0131zl\u0131k politikas\u0131yla s\u00fcre\u00e7 kapat\u0131ld\u0131\u2019<\/strong><\/p>\n<p>G\u00fclistan Doku dosyas\u0131nda bir \u015febekenin ortaya \u00e7\u0131kt\u0131\u011f\u0131n\u0131 dile getiren \u015eeyma \u00c7oban \u015f\u00f6yle devam etti:<\/p>\n<p>\u201cG\u00fclistan Doku\u2019nun d\u00f6nemin valisinin o\u011flu Mustafa T\u00fcrkay Sonel ve beraberindeki \u015fah\u0131slar taraf\u0131ndan cinsel sald\u0131r\u0131ya maruz b\u0131rak\u0131ld\u0131\u011f\u0131, hastane kay\u0131tlar\u0131n\u0131n d\u00f6nemin ba\u015fhekimi \u00c7a\u011fda\u015f \u00d6zdemir eliyle silindi\u011fi a\u00e7\u0131\u011fa \u00e7\u0131kmaktad\u0131r. Bu su\u00e7a ortak olan ba\u015fhekimin il sa\u011fl\u0131k m\u00fcd\u00fcr\u00fc yap\u0131larak, \u00f6d\u00fcllendirildi\u011fi bu kirli a\u011fda devlet ba\u015fta olmak \u00fczere valilik, hastane ve emniyet el birli\u011fiyle delil karartm\u0131\u015ft\u0131r. Ancak bug\u00fcn hala eksik bir adaletle kar\u015f\u0131 kar\u015f\u0131yay\u0131z. Mustafa T\u00fcrkay Sonel ile yak\u0131nl\u0131\u011f\u0131 belli olan ve G\u00fclistan\u2019\u0131n \u00e7al\u0131\u015ft\u0131\u011f\u0131 yerdeki g\u00f6r\u00fcnt\u00fclerde faillerle bir arada oldu\u011fu a\u00e7\u0131k\u00e7a g\u00f6r\u00fclen U\u011furcan A\u00e7\u0131kg\u00f6z, \u00fcniversite kamera sorumlular\u0131 Sava\u015f G\u00f6kt\u00fcrk ve S\u00fcleyman \u00d6nal gibi isimlerin adli kontrol \u015fart\u0131yla serbest b\u0131rak\u0131ld\u0131. Bunu kabul etmiyoruz! Faillerle i\u015f birli\u011fi i\u00e7inde olanlar\u0131n elini kolunu sallayarak gezmesi cezas\u0131zl\u0131k politikas\u0131n\u0131n devam\u0131d\u0131r. Biz bu politikalar\u0131 \u00e7ok iyi tan\u0131yoruz! G\u00fclistan\u2019\u0131 arama bahanesiyle bo\u015falt\u0131lan barajdan v\u00fccudunda birden fazla erkek DNA\u2019s\u0131 bulunan Esma K\u0131l\u0131\u00e7arslan\u2019\u0131n cans\u0131z bedeni \u00e7\u0131kt\u0131\u011f\u0131nda dosyay\u0131 etkin soru\u015fturma y\u00fcr\u00fctmeden kapatanlardan tan\u0131yoruz.\u201d<\/p>\n<p><strong>\u00a0Talepler<\/strong><\/p>\n<p>\u015eeyma \u00c7oban, G\u00fclistan Doku ve Rojin Kabai\u015f soru\u015fturmalar\u0131na dair taleplerini \u015f\u00f6yle s\u0131ralad\u0131:<\/p>\n<ul>\n<li>G\u00fclistan Doku\u2019nun ak\u0131beti t\u00fcm y\u00f6nleriyle ortaya \u00e7\u0131kar\u0131ls\u0131n, nerede oldu\u011fu a\u00e7\u0131klans\u0131n ve cenazesi derhal ailesine teslim edilsin!<\/li>\n<li>\u0130hmali, sorumlulu\u011fu ve delil karartmas\u0131 bulunan t\u00fcm ki\u015fi ve kurumlar hakk\u0131nda tutuklamaya y\u00f6nelik etkin soru\u015fturma y\u00fcr\u00fct\u00fcls\u00fcn! Adli kontrolle serbest b\u0131rak\u0131lan \u015f\u00fcpheliler hakk\u0131nda etkin soru\u015fturma y\u00fcr\u00fct\u00fcls\u00fcn, bu ki\u015filer yarg\u0131lans\u0131n! Eksik b\u0131rak\u0131lan t\u00fcm deliller toplans\u0131n ve s\u00fcre\u00e7 kamuoyuna \u015feffaf \u015fekilde a\u00e7\u0131klans\u0131n! Doku ailesini tehdit eden t\u00fcm \u015fah\u0131slar yarg\u0131lans\u0131n! Rojin\u2019in dosyas\u0131ndaki k\u0131s\u0131tl\u0131l\u0131k kararlar\u0131 derhal kald\u0131r\u0131ls\u0131n; aile ve kamuoyu ger\u00e7e\u011fe ula\u015fabilsin. Rojin\u2019in bedeninde bulunan iki erke\u011fe ait DNA\u2019n\u0131n kimlere ait oldu\u011fu a\u00e7\u0131klans\u0131n. Rojin\u2019in telefonu derhal a\u00e7\u0131ls\u0131n. Dosyan\u0131n 19 ayd\u0131r ilerletilmemesinden sorumlu olan, delil karartan, s\u00fcreci uzatan ve failleri koruyan t\u00fcm ki\u015fi ve kurumlar yarg\u0131lans\u0131n.<\/li>\n<li>Aileye y\u00f6nelik tehditler soru\u015fturulsun, sorumlular yarg\u0131lans\u0131n. Rojin\u2019in ailesi yaln\u0131z b\u0131rak\u0131lmas\u0131n, gereken hukuki ve manevi destek verilsin. Van Ba\u015fsavc\u0131l\u0131\u011f\u0131, TCK 102\u2019ye g\u00f6re nitelikli cinsel sald\u0131r\u0131 kapsam\u0131nda soru\u015fturmay\u0131 geni\u015fletsin. \u0130stanbul ATK \u0130htisas Kurulu yeni rapor haz\u0131rlas\u0131n.<\/li>\n<li>Kad\u0131nlar\u0131n ya\u015fam hakk\u0131n\u0131 korumak i\u00e7in devlet g\u00f6revini yerine getirsin.\u201d<\/li>\n<\/ul>\n","protected":false},"excerpt":{"rendered":"<p>HABER MERKEZ\u0130- Rojin Kabai\u015f ve G\u00fclistan Doku i\u00e7in \u0130stanbul Kad\u0131k\u00f6y\u2019de d\u00fczenlenen eylemde, \u2018Delil karartan, s\u00fcreci uzatan ve failleri koruyan t\u00fcm ki\u015fi ve kurumlar yarg\u0131lanmal\u0131; kad\u0131nlar\u0131n ya\u015fam hakk\u0131 g\u00fcvence alt\u0131na al\u0131nmal\u0131d\u0131r\u2019 denildi. Rojin Kabai\u015f ve G\u00fclistan Doku \u0130\u00e7in Adalet Komisyonlar\u0131, \u201cG\u00fclistan Doku\u2019dan Rojin Kabai\u015f\u2019e ger\u00e7ek adaleti biz sa\u011flayaca\u011f\u0131z\u201d slogan\u0131 ile \u0130stanbul Kad\u0131k\u00f6y\u2019de bulunan S\u00fcreyya Operas\u0131 \u00f6n\u00fcnden [&hellip;]<\/p>\n","protected":false},"author":2,"featured_media":11315,"comment_status":"open","ping_status":"open","sticky":false,"template":"","format":"standard","meta":{"_jetpack_memberships_contains_paid_content":false,"jnews-multi-image_gallery":[],"jnews_single_post":{"subtitle":"","format":"standard","override":[{"template":"1","parallax":"1","fullscreen":"1","layout":"right-sidebar","sidebar":"default-sidebar","second_sidebar":"default-sidebar","sticky_sidebar":"1","share_position":"top","share_float_style":"share-monocrhome","show_featured":"1","show_post_meta":"1","show_post_author_image":"1","show_post_date":"1","post_date_format":"default","post_date_format_custom":"Y\/m\/d","show_post_category":"1","post_reading_time_wpm":"300","post_calculate_word_method":"str_word_count","zoom_button_out_step":"2","zoom_button_in_step":"3","show_post_tag":"1","show_prev_next_post":"1","show_popup_post":"1","number_popup_post":"1","show_author_box":"1","show_post_related":"0","show_inline_post_related":"0"}],"image_override":[{"single_post_thumbnail_size":"crop-500","single_post_gallery_size":"crop-500"}],"trending_post_position":"meta","trending_post_label":"Trending","sponsored_post_label":"Sponsored by","disable_ad":"0"},"jnews_primary_category":[],"jnews_social_meta":[],"jnews_review":[],"enable_review":"","type":"percentage","name":"","summary":"","brand":"","sku":"","good":[],"bad":[],"score_override":"","override_value":"","rating":[],"price":[],"jnews_override_counter":{"view_counter_number":"0","share_counter_number":"0","like_counter_number":"0","dislike_counter_number":"0"},"jnews_post_split":{"post_split":[{"template":"1","tag":"h2","numbering":"asc","mode":"normal","first":"0","enable_toc":"0","toc_type":"normal"}]},"footnotes":""},"categories":[43,51],"tags":[],"class_list":["post-11314","post","type-post","status-publish","format-standard","has-post-thumbnail","hentry","category-genc-kadin","category-guncel"],"jetpack_sharing_enabled":true,"jetpack_featured_media_url":"https:\/\/berru.org\/wp-content\/uploads\/2026\/04\/HG2JOCnbsAAa1i7.jpg","_links":{"self":[{"href":"https:\/\/berru.org\/index.php\/wp-json\/wp\/v2\/posts\/11314","targetHints":{"allow":["GET"]}}],"collection":[{"href":"https:\/\/berru.org\/index.php\/wp-json\/wp\/v2\/posts"}],"about":[{"href":"https:\/\/berru.org\/index.php\/wp-json\/wp\/v2\/types\/post"}],"author":[{"embeddable":true,"href":"https:\/\/berru.org\/index.php\/wp-json\/wp\/v2\/users\/2"}],"replies":[{"embeddable":true,"href":"https:\/\/berru.org\/index.php\/wp-json\/wp\/v2\/comments?post=11314"}],"version-history":[{"count":2,"href":"https:\/\/berru.org\/index.php\/wp-json\/wp\/v2\/posts\/11314\/revisions"}],"predecessor-version":[{"id":11317,"href":"https:\/\/berru.org\/index.php\/wp-json\/wp\/v2\/posts\/11314\/revisions\/11317"}],"wp:featuredmedia":[{"embeddable":true,"href":"https:\/\/berru.org\/index.php\/wp-json\/wp\/v2\/media\/11315"}],"wp:attachment":[{"href":"https:\/\/berru.org\/index.php\/wp-json\/wp\/v2\/media?parent=11314"}],"wp:term":[{"taxonomy":"category","embeddable":true,"href":"https:\/\/berru.org\/index.php\/wp-json\/wp\/v2\/categories?post=11314"},{"taxonomy":"post_tag","embeddable":true,"href":"https:\/\/berru.org\/index.php\/wp-json\/wp\/v2\/tags?post=11314"}],"curies":[{"name":"wp","href":"https:\/\/api.w.org\/{rel}","templated":true}]}}