{"id":11299,"date":"2026-04-27T11:00:46","date_gmt":"2026-04-27T08:00:46","guid":{"rendered":"https:\/\/berru.org\/?p=11299"},"modified":"2026-04-27T11:00:46","modified_gmt":"2026-04-27T08:00:46","slug":"turkiyede-genc-isci-olmak-gunesin-dogusuyla-uyanis-gecenin-karanliginda-eve-donus","status":"publish","type":"post","link":"https:\/\/berru.org\/index.php\/2026\/04\/27\/turkiyede-genc-isci-olmak-gunesin-dogusuyla-uyanis-gecenin-karanliginda-eve-donus\/","title":{"rendered":"T\u00fcrkiye\u2019de Gen\u00e7 \u0130\u015f\u00e7i Olmak: G\u00fcne\u015fin Do\u011fu\u015fuyla Uyan\u0131\u015f, Gecenin Karanl\u0131\u011f\u0131nda Eve D\u00f6n\u00fc\u015f"},"content":{"rendered":"<p><strong>\u0130STANBUL- <\/strong>1 May\u0131s \u0130\u015f\u00e7i ve Emek\u00e7i Bayram\u0131 \u00f6ncesi gen\u00e7 i\u015f\u00e7ilerin ya\u015famlar\u0131na odakland\u0131k. Kimisi ge\u00e7imini s\u00fcrd\u00fcrebilmek i\u00e7in hayalini geri de b\u0131rakt\u0131, kimisi de ailesine katk\u0131 sunabilmek i\u00e7in \u00e7ocuk ya\u015flarda i\u015f hayat\u0131na at\u0131ld\u0131. \u0130simler de\u011fi\u015fse de hikayeler de\u011fi\u015fmedi.<\/p>\n<p>Kapitalist Modernitenin ya\u015f fark etmeksizin de\u011fersizle\u015ftirdi\u011fi emek ve bunun \u00fczerinden geli\u015ftirdi\u011fi s\u00f6m\u00fcr\u00fc politikas\u0131, \u00f6zellikle gen\u00e7ler \u00fczerinde kendini g\u00f6steriyor. Kapitalist k\u00fclt\u00fcr\u00fcn \u00f6l\u00fcmc\u00fcl mant\u0131\u011f\u0131, \u00e7al\u0131\u015f\u0131rken \u00f6l\u00fcm, \u00e7al\u0131\u015fmad\u0131\u011f\u0131nda ise a\u00e7 kalmada yat\u0131yor. Bu politikan\u0131n m\u00fchendisli\u011fini yapan devletler, devasa ucuz i\u015f g\u00fcc\u00fc ve i\u015fsiz ordular\u0131n\u0131 olu\u015fturuyor. Enerjisi ve hayalleriyle sistemin en dinamik motor par\u00e7as\u0131 haline getirilmek istenen gen\u00e7ler, s\u00f6m\u00fcr\u00fc politikas\u0131n\u0131n merkezine itiliyor.<\/p>\n<div class=\"jeg_video_container jeg_video_content\"><iframe title=\"T\u00fcrkiye\u2019de Gen\u00e7 \u0130\u015f\u00e7i Olmak: G\u00fcne\u015fin Do\u011fu\u015fuyla Uyan\u0131\u015f, Gecenin Karanl\u0131\u011f\u0131nda Eve D\u00f6n\u00fc\u015f\" width=\"500\" height=\"281\" src=\"https:\/\/www.youtube.com\/embed\/B0jXiuntQf0?feature=oembed\" frameborder=\"0\" allow=\"accelerometer; autoplay; clipboard-write; encrypted-media; gyroscope; picture-in-picture; web-share\" referrerpolicy=\"strict-origin-when-cross-origin\" allowfullscreen><\/iframe><\/div>\n<p>1 May\u0131s \u0130\u015f\u00e7i ve Emek\u00e7i Bayram\u0131 dolays\u0131yla gen\u00e7 i\u015f\u00e7ilerin ya\u015famlar\u0131na odakland\u0131k. Kimisi ge\u00e7imini s\u00fcrd\u00fcrebilmek i\u00e7in atletizm hayalini geri de b\u0131rakt\u0131, kimisi de ailesine katk\u0131 sunabilmek i\u00e7in \u00e7ocuk ya\u015flarda i\u015f hayat\u0131na at\u0131ld\u0131.<\/p>\n<p>Hamdi Y\u0131ld\u0131z; 2016 y\u0131l\u0131nda Wan\u2019dan \u0130stanbul\u2019a g\u00f6\u00e7 eden 24 ya\u015f\u0131nda bir gen\u00e7. Maddi imk\u00e2ns\u0131zl\u0131k ve gelecek kayg\u0131s\u0131ndan dolay\u0131 e\u011fitim hayat\u0131n\u0131 lise 1\u2019inci s\u0131n\u0131fta b\u0131rakmak zorunda kalan Y\u0131ld\u0131z, 9 y\u0131ld\u0131r Esenyurt\u2019ta bulunan Fatih Sanayi Sitesi\u2019nde ara\u00e7 tamiri yap\u0131yor. Sabah\u0131n erken saatlerinde i\u015fba\u015f\u0131 yapan Y\u0131ld\u0131z, saat 10:00\u2019da kahvalt\u0131 yap\u0131yor. \u00d6\u011fle yeme\u011fi saati ise i\u015fin durumuna g\u00f6re de\u011fi\u015fiyor. Bu durum saat 16:00\u2019a kadar uzayabiliyor. Yemekten sonra ara vermeden i\u015fba\u015f\u0131 yapan Y\u0131ld\u0131z, i\u015f \u00e7\u0131k\u0131\u015f saatine kadar \u00e7al\u0131\u015f\u0131yor. \u0130\u015f \u00e7\u0131k\u0131\u015f saati de i\u015fin durumuna g\u00f6re de\u011fi\u015fiyor. Buna g\u00f6re gece 00:00\u2019a kadar \u00e7al\u0131\u015f\u0131labiliyor. Her g\u00fcn\u00fc bu \u015fekilde ge\u00e7en Y\u0131ld\u0131z, eme\u011finin kar\u015f\u0131l\u0131\u011f\u0131n\u0131 alamad\u0131\u011f\u0131n\u0131 s\u00f6yl\u00fcyor:<\/p>\n<p>\u201cSanayide \u00e7al\u0131\u015fanlar\u0131n hepsinin bir hikayesi vard\u0131r. Mesela durum farkl\u0131 olsayd\u0131 ben d\u00fcnyay\u0131 gezmeyi \u00e7ok isterdim ama bizim hayat\u0131m\u0131z sanayiden ibaret. Sabah g\u00fcne\u015fin do\u011fu\u015fuyla uyan\u0131yoruz, gecenin karanl\u0131\u011f\u0131nda eve d\u00f6n\u00fcyoruz. \u00c7al\u0131\u015fma ko\u015fullar\u0131m\u0131z \u00e7ok a\u011f\u0131r. G\u00fcnde 15-16 saat \u00e7al\u0131\u015f\u0131yoruz. Kime \u00e7al\u0131\u015f\u0131yoruz, paray\u0131 kim kazan\u0131yor bilemiyorum. Hi\u00e7 bir zaman T\u00fcrkiye\u2019de eme\u011finin kar\u015f\u0131l\u0131\u011f\u0131n\u0131 alam\u0131yorsun. Sadece emeklerimin kar\u015f\u0131l\u0131\u011f\u0131n\u0131 almak isterdim. \u015eimdi ortaokul \u00e7a\u011f\u0131nda \u00e7ocuklarla birlikte \u00e7al\u0131\u015f\u0131yoruz. Bunlar\u0131n da okulda olmas\u0131 gerekiyordu. Hayat \u015fartlar\u0131 iyi olsa bunlar ya\u011f\u0131n i\u00e7in de mi olurdu?\u201d<\/p>\n<p><strong><img fetchpriority=\"high\" decoding=\"async\" class=\"alignnone wp-image-11321 size-large\" src=\"https:\/\/berru.org\/wp-content\/uploads\/2026\/04\/photo_2026-04-27_10-57-39-1024x575.jpg\" alt=\"\" width=\"1024\" height=\"575\" srcset=\"https:\/\/berru.org\/wp-content\/uploads\/2026\/04\/photo_2026-04-27_10-57-39-1024x575.jpg 1024w, https:\/\/berru.org\/wp-content\/uploads\/2026\/04\/photo_2026-04-27_10-57-39-300x169.jpg 300w, https:\/\/berru.org\/wp-content\/uploads\/2026\/04\/photo_2026-04-27_10-57-39-768x431.jpg 768w, https:\/\/berru.org\/wp-content\/uploads\/2026\/04\/photo_2026-04-27_10-57-39-750x421.jpg 750w, https:\/\/berru.org\/wp-content\/uploads\/2026\/04\/photo_2026-04-27_10-57-39-1140x640.jpg 1140w, https:\/\/berru.org\/wp-content\/uploads\/2026\/04\/photo_2026-04-27_10-57-39.jpg 1280w\" sizes=\"(max-width: 1024px) 100vw, 1024px\" \/><br \/>\n<\/strong>Bulundu\u011fumuz sanayide \u00e7al\u0131\u015fanlar\u0131n \u00e7o\u011funlu\u011funun 10 ila 30 ya\u015f aras\u0131nda olan gen\u00e7lerden olu\u015fmas\u0131 dikkatimizi \u00e7ekiyor. Buna dair soru sordu\u011fumuz Hamdi Y\u0131ld\u0131z, \u015funlar\u0131 s\u00f6yl\u00fcyor:<\/p>\n<p>\u201cBu \u00e7ark gen\u00e7lerin \u00fczerinden d\u00f6n\u00fcyor. Nerede a\u011f\u0131r bir i\u015f varsa alt\u0131nda hep gen\u00e7ler vard\u0131r. Ama bu gen\u00e7lerin bir sosyal hayat\u0131 olmas\u0131 gerekiyor. Sabah gel ak\u015fam git yaparak nas\u0131l bir sosyal hayat kurulabilir ki?\u00a0 Gelecek kay\u0131s\u0131 veya y\u00fcklenilen sorumluluklar gen\u00e7leri bu duruma s\u00fcr\u00fckl\u00fcyor. Kendi sorumlulu\u011fu, aile sorumlulu\u011fu gen\u00e7leri a\u011f\u0131r \u015fartlar alt\u0131nda ucuz i\u015f g\u00fcc\u00fc olmaya itiyor.\u201d Bu olumsuz tabloya kar\u015f\u0131 ne yap\u0131lmas\u0131 gerekiyor soruna ise Y\u0131ld\u0131z, bilin\u00e7lenme ve dayan\u0131\u015fman\u0131n \u00f6nemine vurgu yaparak \u015funlar\u0131 s\u00f6yl\u00fcyor: \u201cGen\u00e7lerin \u00f6rg\u00fctlenmesi gerekiyor. Bilin\u00e7lenerek, okuyarak s\u00f6m\u00fcr\u00fc sistemine kar\u015f\u0131 durabiliriz. Gen\u00e7ler o kadar emek veriyor, saatlerini harc\u0131yor. Bunu ne i\u00e7in ve kim i\u00e7in yapt\u0131\u011f\u0131n\u0131 sorgulamal\u0131. Sessiz kal\u0131nmamal\u0131. Hakk\u0131n\u0131 savunmas\u0131n\u0131 bilmesi gerekiyor. Bu anlamda t\u00fcm i\u015f\u00e7iler 1 May\u0131s g\u00fcn\u00fc i\u015fi b\u0131rakmal\u0131, alanlarda olmal\u0131.\u201d<\/p>\n<p>T\u00fcrkiye\u2019de isimler farkl\u0131 olsa dahi hikayeler ayn\u0131. Ya\u015fam\u0131na odakland\u0131\u011f\u0131m\u0131z bir di\u011fer gen\u00e7 ise 18 ya\u015f\u0131ndaki Muhammet Aziz G\u00fcnara. \u00c7al\u0131\u015fmaya ba\u015flamadan \u00f6nce atletizm alan\u0131nda kendini geli\u015ftiren ve bu alanda \u00f6d\u00fcller alan G\u00fcnara, 12 ya\u015f\u0131ndan beri kaporta-boya i\u015finde \u00e7al\u0131\u015f\u0131yor. Ekonomik zorluklardan dolay\u0131 ufak ya\u015fta i\u015f hayat\u0131na ba\u015flayan G\u00fcnara, yapt\u0131\u011f\u0131 \u00e7al\u0131\u015fmadan dolay\u0131 her saat toz i\u00e7inde.<\/p>\n<p>Sabah 08:30\u2019da i\u015fba\u015f\u0131 yapan G\u00fcnara, i\u015fin yo\u011fun olmamas\u0131 durumunda 10:30\u2019da kahvalt\u0131 yap\u0131yor. \u00c7al\u0131\u015fman\u0131n yo\u011fun oldu\u011fu g\u00fcnlerde ise kahvalt\u0131 yapamayabiliyor. 13:00\u2019da verilen \u00f6\u011fle yeme\u011fi aras\u0131n\u0131n ard\u0131ndan 19:00\u2019a kadar yaln\u0131zca bir kez verilen 15 dakikal\u0131k \u00e7ay aras\u0131 d\u0131\u015f\u0131nda aras\u0131z \u00e7al\u0131\u015f\u0131l\u0131yor.<\/p>\n<p>Kaporta-boya i\u015fi, yo\u011fun kimyasal maddelere ve fiziksel risk fakt\u00f6rlerine maruz kal\u0131nmas\u0131 nedeniyle ciddi sa\u011fl\u0131k sorunlar\u0131na yol a\u00e7\u0131yor. Boya buharlar\u0131, solventler, tozlar ve a\u011f\u0131r metaller uzun vadede kal\u0131c\u0131 hasarlar b\u0131rakabiliyor.<br \/>\n<img decoding=\"async\" class=\"alignnone wp-image-11322 size-large\" src=\"https:\/\/berru.org\/wp-content\/uploads\/2026\/04\/photo_2026-04-27_10-57-59-1024x575.jpg\" alt=\"\" width=\"1024\" height=\"575\" srcset=\"https:\/\/berru.org\/wp-content\/uploads\/2026\/04\/photo_2026-04-27_10-57-59-1024x575.jpg 1024w, https:\/\/berru.org\/wp-content\/uploads\/2026\/04\/photo_2026-04-27_10-57-59-300x169.jpg 300w, https:\/\/berru.org\/wp-content\/uploads\/2026\/04\/photo_2026-04-27_10-57-59-768x431.jpg 768w, https:\/\/berru.org\/wp-content\/uploads\/2026\/04\/photo_2026-04-27_10-57-59-750x421.jpg 750w, https:\/\/berru.org\/wp-content\/uploads\/2026\/04\/photo_2026-04-27_10-57-59-1140x640.jpg 1140w, https:\/\/berru.org\/wp-content\/uploads\/2026\/04\/photo_2026-04-27_10-57-59.jpg 1280w\" sizes=\"(max-width: 1024px) 100vw, 1024px\" \/><br \/>\n\u201cBu i\u015f biraz da insan\u0131 \u00f6ld\u00fcr\u00fcyor\u201d diye tan\u0131mlayan G\u00fcnara, neden bu i\u015fi yap\u0131yorsun sorumuzu \u015f\u00f6yle cevapl\u0131yor: \u201cBu a\u00e7\u0131klanacak bir \u015fey de\u011fil. T\u00fcrkiye ve ailenin maddi ko\u015fullar\u0131 her i\u015fi yapmak zorunda b\u0131rakt\u0131r\u0131yor. Yeri geldi\u011finde pazarlarda su satt\u0131\u011f\u0131m dahi oldu.\u201d<\/p>\n<p>\u00dclkedeki ekonomik kriz ve gelecek kayg\u0131s\u0131ndan dolay\u0131 gen\u00e7lerin Avrupa\u2019ya g\u00f6\u00e7 etti\u011fini hatta kendisinin de g\u00f6\u00e7 etmek istedi\u011fini s\u00f6yleyen G\u00fcnara, bunun sebebini ise \u015fu s\u00f6zlerle ifade ediyor: \u201cAs\u0131l sebep ekonomi. Sanayide \u00e7al\u0131\u015fan birisi olarak ayl\u0131k 50 bin TL para kazan\u0131yorum. Kiraya 30 bin TL, aileye de 10 bin TL verdi\u011fim zaman geriye ne kald\u0131? \u00a0Eme\u011fimin kar\u015f\u0131l\u0131\u011f\u0131n\u0131 alam\u0131yorum. Yurt d\u0131\u015f\u0131na \u00e7\u0131kmay\u0131 bu y\u00fczden istiyorum.\u201d<\/p>\n<p>T\u00fcrkiye\u2019de yarat\u0131lan gelecek kayg\u0131s\u0131yla gen\u00e7lerin erken i\u015f hayat\u0131na s\u00fcr\u00fcklendi\u011fine dikkati \u00e7eken G\u00fcnara, \u201cBelki ileride evlenece\u011fim. Bir ev bir araba sahibi olmak isteyece\u011fim. Bunlar\u0131 yapabilmek i\u00e7in y\u0131llar\u0131m ge\u00e7ecek. Bunun sonunda da tam olarak istedi\u011fime ula\u015famayaca\u011f\u0131m. Ailevi durumlar\u0131 k\u00f6t\u00fc olan gen\u00e7ler de erken i\u015f hayat\u0131na ba\u015fl\u0131yor. Gen\u00e7lerin y\u00fczde 70-80\u2019i bu nedenlerle erkenden a\u011f\u0131r i\u015f ko\u015fullar\u0131nda \u00e7al\u0131\u015f\u0131yor\u201d diye ifade etti.<\/p>\n<p>1 May\u0131s\u2019a ili\u015fkin de yapt\u0131\u011f\u0131 \u00e7a\u011fr\u0131da bilin\u00e7lenmenin \u00f6nemine vurgu yapan G\u00fcnara, maddiyat\u0131n her \u015fey olmad\u0131\u011f\u0131n\u0131 s\u00f6yleyerek s\u00f6zlerini \u015f\u00f6yle sonland\u0131rd\u0131: \u201c\u0130nsan\u0131n sa\u011fl\u0131\u011f\u0131 olmad\u0131\u011f\u0131 s\u00fcrece para olsa ne olur olmasa ne olur. Her \u015feyden \u00f6nce gelece\u011fimizi \u00f6nemsemeliyiz. Kendimizin k\u0131ymetini bildikten sonra gerisi gelir. Gen\u00e7lere de\u011fer bulduklar\u0131 yerde kalmalar\u0131n\u0131 tavsiye ediyorum. \u0130nsana de\u011fer veren yer en g\u00fczel yerdir.\u201d<\/p>\n<p><strong>\u00a0 \u00a0 BER\u00db- Enes Sezgin \/ Fermandar Karde\u015f<\/strong><\/p>\n","protected":false},"excerpt":{"rendered":"<p>\u0130STANBUL- 1 May\u0131s \u0130\u015f\u00e7i ve Emek\u00e7i Bayram\u0131 \u00f6ncesi gen\u00e7 i\u015f\u00e7ilerin ya\u015famlar\u0131na odakland\u0131k. Kimisi ge\u00e7imini s\u00fcrd\u00fcrebilmek i\u00e7in hayalini geri de b\u0131rakt\u0131, kimisi de ailesine katk\u0131 sunabilmek i\u00e7in \u00e7ocuk ya\u015flarda i\u015f hayat\u0131na at\u0131ld\u0131. \u0130simler de\u011fi\u015fse de hikayeler de\u011fi\u015fmedi. Kapitalist Modernitenin ya\u015f fark etmeksizin de\u011fersizle\u015ftirdi\u011fi emek ve bunun \u00fczerinden geli\u015ftirdi\u011fi s\u00f6m\u00fcr\u00fc politikas\u0131, \u00f6zellikle gen\u00e7ler \u00fczerinde kendini g\u00f6steriyor. Kapitalist [&hellip;]<\/p>\n","protected":false},"author":2,"featured_media":11320,"comment_status":"open","ping_status":"open","sticky":false,"template":"","format":"standard","meta":{"_jetpack_memberships_contains_paid_content":false,"jnews-multi-image_gallery":[],"jnews_single_post":{"format":"standard","override":[{"template":"1","parallax":"1","fullscreen":"1","layout":"right-sidebar","sidebar":"default-sidebar","second_sidebar":"default-sidebar","sticky_sidebar":"1","share_position":"top","share_float_style":"share-monocrhome","show_featured":"1","show_post_meta":"1","show_post_author_image":"1","show_post_date":"1","post_date_format":"default","post_date_format_custom":"Y\/m\/d","show_post_category":"1","post_reading_time_wpm":"300","post_calculate_word_method":"str_word_count","zoom_button_out_step":"2","zoom_button_in_step":"3","show_post_tag":"1","show_prev_next_post":"1","show_popup_post":"1","number_popup_post":"1","show_author_box":"1","show_post_related":"0","show_inline_post_related":"0"}],"image_override":[{"single_post_thumbnail_size":"crop-500","single_post_gallery_size":"crop-500"}],"trending_post_position":"meta","trending_post_label":"Trending","sponsored_post_label":"Sponsored by","disable_ad":"0","subtitle":""},"jnews_primary_category":[],"jnews_social_meta":[],"jnews_review":[],"enable_review":"","type":"percentage","name":"","summary":"","brand":"","sku":"","good":[],"bad":[],"score_override":"","override_value":"","rating":[],"price":[],"jnews_override_counter":{"view_counter_number":"0","share_counter_number":"0","like_counter_number":"0","dislike_counter_number":"0"},"jnews_post_split":{"post_split":[{"template":"1","tag":"h2","numbering":"asc","mode":"normal","first":"0","enable_toc":"0","toc_type":"normal"}]},"footnotes":""},"categories":[53,48,47],"tags":[],"class_list":["post-11299","post","type-post","status-publish","format-standard","has-post-thumbnail","hentry","category-ekonomi","category-genclik","category-roportaj"],"jetpack_sharing_enabled":true,"jetpack_featured_media_url":"https:\/\/berru.org\/wp-content\/uploads\/2026\/04\/oo-scaled.jpg","_links":{"self":[{"href":"https:\/\/berru.org\/index.php\/wp-json\/wp\/v2\/posts\/11299","targetHints":{"allow":["GET"]}}],"collection":[{"href":"https:\/\/berru.org\/index.php\/wp-json\/wp\/v2\/posts"}],"about":[{"href":"https:\/\/berru.org\/index.php\/wp-json\/wp\/v2\/types\/post"}],"author":[{"embeddable":true,"href":"https:\/\/berru.org\/index.php\/wp-json\/wp\/v2\/users\/2"}],"replies":[{"embeddable":true,"href":"https:\/\/berru.org\/index.php\/wp-json\/wp\/v2\/comments?post=11299"}],"version-history":[{"count":4,"href":"https:\/\/berru.org\/index.php\/wp-json\/wp\/v2\/posts\/11299\/revisions"}],"predecessor-version":[{"id":11325,"href":"https:\/\/berru.org\/index.php\/wp-json\/wp\/v2\/posts\/11299\/revisions\/11325"}],"wp:featuredmedia":[{"embeddable":true,"href":"https:\/\/berru.org\/index.php\/wp-json\/wp\/v2\/media\/11320"}],"wp:attachment":[{"href":"https:\/\/berru.org\/index.php\/wp-json\/wp\/v2\/media?parent=11299"}],"wp:term":[{"taxonomy":"category","embeddable":true,"href":"https:\/\/berru.org\/index.php\/wp-json\/wp\/v2\/categories?post=11299"},{"taxonomy":"post_tag","embeddable":true,"href":"https:\/\/berru.org\/index.php\/wp-json\/wp\/v2\/tags?post=11299"}],"curies":[{"name":"wp","href":"https:\/\/api.w.org\/{rel}","templated":true}]}}