{"id":11298,"date":"2026-04-28T09:18:35","date_gmt":"2026-04-28T06:18:35","guid":{"rendered":"https:\/\/berru.org\/?p=11298"},"modified":"2026-04-28T12:11:01","modified_gmt":"2026-04-28T09:11:01","slug":"dijital-cagda-mucadele-ve-genclik","status":"publish","type":"post","link":"https:\/\/berru.org\/index.php\/2026\/04\/28\/dijital-cagda-mucadele-ve-genclik\/","title":{"rendered":"Dijital \u00c7a\u011fda M\u00fccadele ve Gen\u00e7lik"},"content":{"rendered":"<p>\u0130nsanl\u0131\u011f\u0131n yeni bir \u00e7a\u011f\u0131n i\u00e7erisinden ilerlemekte oldu\u011fu ve bu b\u00fcy\u00fck d\u00f6n\u00fc\u015f\u00fcm\u00fcn bundan \u00f6nce ya\u015fanan devirlerin hi\u00e7 birisine benzemedi\u011fi, ancak insan\u0131n insan olu\u015fu s\u00fcreciyle, Homo sapiensin ortaya \u00e7\u0131k\u0131\u015f\u0131yla k\u0131yaslanabilecek yeni bir d\u00f6nem oldu\u011fu g\u00fcn ge\u00e7tik\u00e7e daha belirgin kan\u0131tlarla ortaya \u00e7\u0131kmaktad\u0131r. \u0130nsan\u0131n kendisini mistifiye etmesinde en temel rol\u00fc oynam\u0131\u015f olan zekas\u0131na \u015fimdi yeni bir zek\u00e2 bi\u00e7imi, dijital\/yapay zeka yeni bir varolu\u015f bi\u00e7imi olarak eklenmekte ve bu, g\u00fcn ge\u00e7tik\u00e7e (hen\u00fcz insan zekas\u0131n\u0131n b\u00fct\u00fcn \u00f6zelliklerine ula\u015famam\u0131\u015f olsa bile) hayat\u0131n her alan\u0131na m\u00fcdahale eden bir \u00f6zellik ta\u015f\u0131maktad\u0131r. Bug\u00fcn hen\u00fcz uzmanl\u0131k sistemleri olarak ortaya \u00e7\u0131kan yapay zeka, konu\u015ftu\u011fumuz dilleri istatistiki y\u00f6ntemle de olsa (insan acaba hangi y\u00f6ntemle bunu yap\u0131yor bilmiyoruz ama) anlar ve yan\u0131tlar hale gelmi\u015f durumda; dijital zekan\u0131n \u00f6n\u00fcm\u00fczdeki birka\u00e7 on y\u0131l i\u00e7erisinde genel dijital\/yapay zeka d\u00fczeyine ula\u015faca\u011f\u0131ndan \u00e7ok az bilimcinin ku\u015fkusu bulunmaktad\u0131r.<\/p>\n<p>Genel yapay zeka insan zekas\u0131n\u0131n becerebildi\u011fi her i\u015fi ondan binlerce kat daha y\u00fcksek bir i\u015flem h\u0131z\u0131yla ger\u00e7ekle\u015ftirebilecek olmas\u0131 a\u00e7\u0131s\u0131ndan,\u00a0 yarat\u0131c\u0131s\u0131ndan \u00fcst\u00fcn olma gibi bir \u00f6zelli\u011fe de sahip olacakt\u0131r. D\u00fcnya hen\u00fcz bu noktaya varmam\u0131\u015f olsa da sadece ge\u00e7mi\u015fin de\u011fil, gelece\u011fin de\u00a0 g\u00fcn\u00fcm\u00fcz\u00fcn ili\u015fkilerini etkileyece\u011fi ve giderek belirleyece\u011fi ger\u00e7e\u011fi kar\u015f\u0131s\u0131nda biz sosyalistler, bu geli\u015fimin egemen s\u0131n\u0131f\u0131n elindeki bir denetleme ve y\u00f6nlendirme arac\u0131 haline gelmesine izin vermeden toplumsal denetimin ger\u00e7ekle\u015fmesini sa\u011flamakla y\u00fck\u00fcml\u00fcy\u00fcz. B\u00f6yle bir \u00e7a\u011fa elbette 20 y\u00fczy\u0131ldan ta\u015f\u0131d\u0131\u011f\u0131m\u0131z silahlarla kar\u015f\u0131 durabilmek ve iktidarlara kar\u015f\u0131 m\u00fccadelenin gereklerini yerine getirebilmek imkans\u0131zd\u0131r. Bu atom bombas\u0131na kar\u015f\u0131 dirgenle m\u00fccadeleden \u00e7ok farkl\u0131 olmazd\u0131!<\/p>\n<p>O zaman g\u00f6rev \u00e7ok b\u00fcy\u00fck ve bu b\u00fcy\u00fck g\u00f6rev de biz 20. y\u00fczy\u0131l\u0131n gelenekleriyle \u015fekillenmi\u015f olanlara de\u011fil, bu \u00e7a\u011f\u0131n i\u00e7ine do\u011fmu\u015f, bu \u00e7a\u011f\u0131n ko\u015fullar\u0131n\u0131 kendi do\u011fal habitat\u0131 olarak g\u00f6ren gen\u00e7lerin omuzlar\u0131ndaki bir g\u00f6rev olarak g\u00f6r\u00fcnmektedir. Bizlere de uydurabilece\u011fimiz kadar ayak uydurmaya \u00e7al\u0131\u015fmaktan fazlas\u0131\u00a0 d\u00fc\u015fm\u00fcyor.<\/p>\n<p><strong>1.0- K\u0131sa d\u00fcnya durumu- felaket-dijital kapitalizmi <\/strong><\/p>\n<p>\u0130kinci payla\u015f\u0131m sava\u015f\u0131ndan sonra iki kutuplu hale gelmi\u015f olan gezegenimiz g\u00fcn\u00fcm\u00fczde de etkileri olan d\u00f6rt b\u00fcy\u00fck de\u011fi\u015fiklik ya\u015fad\u0131:<\/p>\n<p>1- Bretton-woods nizam\u0131n\u0131n kurulu\u015fu ve kapitalizmin y\u0131k\u0131c\u0131 krizlerinin kontrol alt\u0131na al\u0131nmas\u0131n\u0131 sa\u011flayan k\u00fcresel kurumlar\u0131n yarat\u0131lmas\u0131<\/p>\n<p>2- Petrol krizinin e\u015fik olu\u015fturdu\u011fu neoliberalizm ve globalizmin k\u00fcresel d\u00fczeni kapitalizm do\u011frultusunda d\u00f6n\u00fc\u015ft\u00fcrmesi<\/p>\n<p>3- SSCB\u2019nin \u00e7\u00f6k\u00fc\u015f\u00fc ve \u00c7HC\u2019nin kapitalist sisteme entegre olu\u015fuyla ba\u015flayan tek kutuplu d\u00fcnyan\u0131n olu\u015fmas\u0131; ABD\u2019nin t\u00fcm d\u00fcnyaya yeniden nizam veri\u015fi<\/p>\n<p>4- 2008 krizi; neoliberalizmin iflas\u0131yla ba\u015flayan ve ne zaman sonlanaca\u011f\u0131n\u0131n hen\u00fcz kestirilemedi\u011fi fetret devri ve dijital kapitalizm \u00e7a\u011f\u0131n\u0131n ba\u015flamas\u0131.<\/p>\n<p>Bunlar\u0131n her biri ya\u015fad\u0131\u011f\u0131m\u0131z \u00e7a\u011fa de\u011fi\u015fik \u00f6zellikler kazand\u0131rd\u0131. Neoliberalizm, iflas etmesine\u00a0 ra\u011fmen, emperyalist kapitalizmin t\u00fcm ezilenler kar\u015f\u0131s\u0131nda elde etti\u011fi muazzam bir ba\u015far\u0131 oldu. Kapitalizme kar\u015f\u0131 g\u00fc\u00e7leri, ideolojik, politik, \u00f6rg\u00fctsel a\u00e7\u0131dan muazzam bir gerileme i\u00e7ine soktu, i\u015f\u00e7i s\u0131n\u0131f\u0131n\u0131n i\u00e7inde yaratt\u0131\u011f\u0131 rekabet ile sendikalar\u0131 i\u015flevsiz hale sokup k\u00fc\u00e7\u00fclmelerine yol a\u00e7t\u0131. Buna kar\u015f\u0131 direni\u015fin olabilece\u011fi yerlerde de politik zor askeri darbe ve fa\u015fist hareket olarak ezilenlerin kar\u015f\u0131s\u0131na dikildi.<\/p>\n<p>Bu politikalar ezilenler kar\u015f\u0131s\u0131nda zafer elde ederken ayn\u0131 zamanda 2008 krizi ile de kendilerini t\u00fckettiklerini ilan edip, hen\u00fcz bir ba\u015fka yeniyi de yaratamadan Gramsci\u2019nin i\u015faret etti\u011fi bir interregnum\/fetret devrine girdi. Ve tam onun tarifledi\u011fi gibi t\u00fcm hastal\u0131kl\u0131\u00a0 (morbid) semptomlar vekalet sava\u015flar\u0131ndan, kapitalizimin yaratt\u0131\u011f\u0131 ekolojik y\u0131k\u0131m\u0131n eseri olarak pandemilere, do\u011fal felaketlere ve\u00a0 kapitalizmin de bu felaketlerden sermaye birikimi \u00e7\u0131kard\u0131\u011f\u0131 bir devre gelmi\u015f olduk.<\/p>\n<p>B\u00fcy\u00fck ekonomik krizin ard\u0131ndan yeni bir sermaye birikim modeli yaratabilmek \u00e7abalar\u0131 yo\u011funla\u015ft\u0131 ve 2011 y\u0131l\u0131nda 4. Sanayi devriminin aranan \u00e7\u00f6z\u00fcm oldu\u011fu ilan edildi. Bu zamana kadar hi\u00e7 bir sanayi devrimi ge\u00e7ekle\u015fmeden \u00f6nce b\u00f6yle bir adland\u0131rma ile ta\u00e7land\u0131r\u0131lmam\u0131\u015ft\u0131.<\/p>\n<p>3.Sanayi devrimi boyunca ger\u00e7ekle\u015fen dijitalle\u015fmenin yaratt\u0131\u011f\u0131 otomasyonun derinle\u015fmesi ile ortaya \u00e7\u0131kacak olan otonomasyon, ak\u0131ll\u0131-karanl\u0131k fabrikalar, hareketli robotlar, ak\u0131ll\u0131 tedarik zincirleri, ak\u0131ll\u0131 ev e\u015fyalar\u0131, otomobiller ve \u015fehirlerle bu yeni sermaye birikim modelinin yeni bir sanayi devrimi olu\u015fturaca\u011f\u0131 ilan edildi. Art\u0131k dijital zeka (yapay zeka) her t\u00fcrl\u00fc iktisadi, siyasi, askeri giri\u015fimin temel bile\u015feni olmaya ba\u015flad\u0131. Sanayideki kullan\u0131m\u0131yla paralel olarak devlet yap\u0131lanmas\u0131ndaki kullan\u0131m\u0131 da h\u0131zla geli\u015fiyor. Sanayi devrimi paketi i\u00e7inde yer alan geli\u015fmelerin hen\u00fcz i\u00e7inde bulunulan \u00e7oklu krizden \u00e7\u0131k\u0131\u015f i\u00e7in bir imkan sunamam\u0131\u015f olmas\u0131na kar\u015f\u0131n, insanl\u0131k tarihinin Homo sapiens\u2019in olu\u015fumundan sonra gelen yeni bir evresine de tekab\u00fcl edecek \u00f6zellikler ta\u015f\u0131d\u0131\u011f\u0131 da bir hakikattir. Harari\u2019nin deyi\u015fiyle, insan\u0131n kendi d\u0131\u015f\u0131nda d\u00fc\u015f\u00fcnen bir varl\u0131k yaratmas\u0131 anlam\u0131nda H<em>omo sapiens \u201cHomo deus\u201d<\/em>a do\u011fru ilerlemektedir.<\/p>\n<p>Bu geli\u015fme sadece bir teknolojik ilerleme, ekonomik farkl\u0131la\u015fma de\u011fil ayn\u0131 zamanda toplumsal ili\u015fkilerin, siyasetin, devlet yap\u0131s\u0131n\u0131n da radikal de\u011fi\u015fiklilklere u\u011frayaca\u011f\u0131 emperyalist kapitalizmin yeni bir evresi olacakt\u0131r.<\/p>\n<p>D\u00fcnyay\u0131 k\u00fcresel bir k\u00f6ye d\u00f6n\u00fc\u015ft\u00fcren a\u011f toplumu, biyopolitik iktidar\u0131n g\u00f6zetleme-denetleme devleti do\u011frultusunda de\u011fi\u015fimi, halen s\u00fcrd\u00fcr\u00fclmekte olan fa\u015fist politikalar\u0131 kucaklay\u0131p a\u015facak, disipline etmekten daha \u00e7ok davran\u0131\u015f hatt\u0131n\u0131 da belirleyecek bir denetleme devleti kurgusu, 1984\u00a0 roman\u0131nda i\u015faret edileni a\u015fma potansiyeli ta\u015f\u0131yan \u00f6zelliklerle b\u00fct\u00fcn \u00fclkelerde E-devlet genellemesiyle yepyeni bir devlet bi\u00e7imini geli\u015ftirmektedir. Buna kar\u015f\u0131l\u0131k ayn\u0131 dijitalle\u015fme d\u00fcnyan\u0131n d\u00f6rt bir yan\u0131n\u0131 dijital-sosyal a\u011flarla birbirine ba\u011flayarak ezilenlerin de k\u00fcresel m\u00fccadele birli\u011fini imkanlar\u0131n\u0131 ortaya \u00e7\u0131karm\u0131\u015f bulunmaktad\u0131r. B\u00f6yle bir \u00e7a\u011f\u0131n \u00f6n\u00fcm\u00fcze dikti\u011fi yeni \u00f6rg\u00fctlenme, \u00e7al\u0131\u015fma tarz\u0131 ve devrim anlay\u0131\u015flar\u0131n\u0131n neler oldu\u011fu hen\u00fcz\u00a0 bizlerce \u00e7\u00f6z\u00fclememi\u015f sorunlar olarak kar\u015f\u0131m\u0131zda durmaya devam etmektedirler. Bu g\u00f6revi yerine getirmeden Neoliberalizmin sosyalist hareket \u00fczerinde kazanm\u0131\u015f oldu\u011fu zaferin y\u0131k\u0131c\u0131 etkilerini ortadan kald\u0131r\u0131lmas\u0131 ve bir devrim dalgas\u0131n\u0131 yarat\u0131lmas\u0131\u00a0 ya\u015fanan deneylerin sergiledi\u011fi gibi olanakl\u0131 g\u00f6r\u00fcnmemektedir. Bu g\u00f6revin yerine getirilmesi 20 y\u00fczy\u0131l\u0131n deneyimlerinin belirlemesi alt\u0131nda yola devam etmeye \u00e7al\u0131\u015fan nesilde de\u011fil, bu \u00e7a\u011f\u0131n i\u00e7ine do\u011fmu\u015f olan yeni neslin omuzlar\u0131nda olacakt\u0131r.<\/p>\n<p><strong>2.0- T\u00fcrkiye sermaye ihtiyac\u0131-ba\u011f\u0131ml\u0131 b\u00fcy\u00fcmenin yaratt\u0131\u011f\u0131 b\u00fcy\u00fck tehdit<\/strong><\/p>\n<p>Bu uluslararas\u0131 sermaye ihtiyac\u0131n\u0131n b\u00fcy\u00fcmesi TC devletini Afrika\u2019ya kadar uzanan askeri maceralar\u0131n da i\u00e7ine itmekte ve bir \u00e7oklar\u0131nda TC\u2019nin art\u0131k \u201calt\u201d diye nitelense de <em>\u201cemperyalist\u201d<\/em> oldu\u011fu\u00a0 yan\u0131lg\u0131s\u0131n\u0131 da yaratmaktad\u0131r. Buna kar\u015f\u0131l\u0131k TC\u2019nin oyun alan\u0131 b\u00fct\u00fcn\u00fcyle ABD, AB, \u00c7\u0130N ve Rusya taraf\u0131ndan belirlenmekte ve ataca\u011f\u0131 ad\u0131mlar ancak onlar\u0131 a\u00e7\u0131k b\u0131rakt\u0131\u011f\u0131 alanda olabilmektedir. Bu g\u00fcn TC devletinin y\u00fcz y\u00fcze bulundu\u011fu uluslararas\u0131 bir\u00e7ok \u00e7eli\u015fkinin temelinde, K\u00fcrt meselesinin \u00e7\u00f6z\u00fcms\u00fczl\u00fc\u011f\u00fc yan\u0131nda bu sermaye eksikli\u011fini giderme ihtiyac\u0131 bulunmaktad\u0131r. \u00a0\u0130leti\u015fim ve ula\u015f\u0131m\u0131n d\u00fcnyay\u0131 art\u0131k bir k\u00fcresel k\u00f6y haline getirdi\u011fi bug\u00fcnk\u00fc boyutu kapitalizmin krizlerine k\u00fcresel bir karakter kazand\u0131rm\u0131\u015f olsa da TC\u2019nin ya\u015fad\u0131\u011f\u0131 bu sermaye k\u0131tl\u0131\u011f\u0131 onun Libya\u2019dan orta Sudan\u2019a, oradan Suriye ve Irak\u2019a kadar uzanan askeri maceralar\u0131n i\u00e7ine itmekte ve bu macerac\u0131 politikalar\u0131n \u00fcretti\u011fi tehlikeler de T\u00fcrkiye halklar\u0131na TC devletinin <em>\u201cBeka Sorunu\u201d<\/em> olarak sunulup, <em>\u201cher taraftan d\u00fc\u015fman sald\u0131r\u0131s\u0131 alt\u0131nda kalm\u0131\u015f<\/em>\u201d olan bir toplum olarak <em>\u201cmilli birlik i\u00e7erisinde\u201d<\/em>, <em>\u201ci\u00e7 cephe \u201dde<\/em> toplan\u0131p, s\u0131n\u0131fsal, ulusal, inan\u00e7sal, cinsel, ekolojik sorunlar\u0131m\u0131z\u0131 bir yana b\u0131rakarak iktidar\u0131n arkas\u0131na dizilmesini istemektedir. \u0130ktidar\u0131n bu oyununu gen\u00e7li\u011fin \u00e7ok net olarak g\u00f6rd\u00fc\u011f\u00fc 19 Mart\u2019ta \u0130stanbul \u00fcniversitesi \u00f6\u011frencileri taraf\u0131nda g\u00f6sterildi ve\u00a0 bu eylemlilik t\u00fcm T\u00fcrkiye toplumunu tetikleyen f\u00fcnye oldu. Burada \u00f6nemle alt\u0131n\u0131n \u00e7izilmesi gereken nokta, gen\u00e7li\u011fin bu tetiklemesinin \u00fcr\u00fcnlerini di\u011fer muhalefet odaklar\u0131n\u0131 pasif tutumu dolays\u0131yla CHP\u2019nin kendi hanesine yazm\u0131\u015f oldu\u011fu ger\u00e7e\u011fidir.<\/p>\n<p>TC devletinin bug\u00fcn y\u00fcz y\u00fcze bulundu\u011fu mevcut sermaye k\u0131tl\u0131\u011f\u0131 sorunu onu b\u00f6lgede yeni maceralara s\u00fcr\u00fckleme ve hatta bunun i\u00e7in bir a\u00e7\u0131k diktat\u00f6rl\u00fck kurmaya y\u00f6neltecek kadar derinle\u015fmi\u015f bulunmaktad\u0131r. Bunun i\u00e7in bu fa\u015fist iktidar blokunun bir an \u00f6nce iktidardan d\u00fc\u015f\u00fcr\u00fclmesi ve yerine bar\u0131\u015f\u0131, demokrasiyi ve kom\u015fular\u0131yla dostluk ili\u015fkileri i\u00e7inde ya\u015famay\u0131 benimsemi\u015f bir iktidar\u0131 hemen bug\u00fcn getirmek i\u00e7in, onu bir an \u00f6nce se\u00e7im yapmaya zorlayacak bir muhalefet blokunun \u00f6r\u00fclmesi en acil g\u00f6rev olarak \u00f6n\u00fcm\u00fcze dikilmektedir<\/p>\n<p><strong>3.0- \u00dc\u00e7\u00fcnc\u00fc kutup ve sosyalist hareketin durumu ve antifa\u015fist cephe<\/strong><\/p>\n<p>Fa\u015fizme kar\u015f\u0131 olan t\u00fcm kesimlerin kar\u015f\u0131s\u0131nda iktidardaki fa\u015fizmi bir an \u00f6nce d\u00fc\u015f\u00fcrmek gibi acil bir g\u00f6rev bulunmas\u0131na kar\u015f\u0131n, bu m\u00fccadelede birlik i\u00e7erisinde davranmas\u0131 zorunlu olan muhalefet g\u00fc\u00e7leri iktidar\u0131n oynad\u0131\u011f\u0131 oyunlar\u0131nda katk\u0131s\u0131yla bir araya gelememekte ve iktidar\u0131 y\u00f6netemez duruma getirip, iktidardan uzakla\u015ft\u0131r\u0131lmas\u0131na sa\u011flayacak bir toplumsal dinamik ortaya \u00e7\u0131kar\u0131lamamaktad\u0131r. Bu konuda sosyalist hareketin da\u011f\u0131n\u0131kl\u0131\u011f\u0131 ve K\u00fcrdistan \u00d6zg\u00fcrl\u00fck Hareketiyle (K\u00d6H) olan ba\u011flar\u0131n\u0131n zay\u0131fl\u0131\u011f\u0131 iki sistem i\u00e7i alternatife kar\u015f\u0131 \u00fc\u00e7\u00fcnc\u00fc kutbu olu\u015fturabilecek ve antifa\u015fist cephenin \u00e7ekirde\u011fi olacak olan demokratik bir ittifak\u0131n \u00f6ne \u00e7\u0131kmas\u0131na imkan verdirmemektedir. De\u011fi\u015fik milliyetlerden gen\u00e7li\u011fin dikkatini \u00f6zenle y\u00f6neltmesi gereken nokta buras\u0131 olmal\u0131 ve antifa\u015fist cephenin \u00e7ekirde\u011finin olu\u015fturulmas\u0131na olacak olan katk\u0131s\u0131n\u0131 \u015fu anda her \u015feyin \u00f6n\u00fcne ge\u00e7irmelidir. T\u00fcm demokrasi taliplerimizin hepsinin gelip bulu\u015ftu\u011fu akt\u00fcel ba\u015f \u00e7eli\u015fkiyi, Fa\u015fizm-Antifa\u015fist m\u00fccadele antagonizmas\u0131 olu\u015fturmaktad\u0131r. Bu kilidin k\u0131r\u0131lmas\u0131yla ancak demokrasi taliplerinin hayat bulabilece\u011fi bir zeminin ortaya \u00e7\u0131kmas\u0131 imkan dahiline gerebilir.<\/p>\n<p><strong>3.1- Antifa\u015fist cephe<\/strong><\/p>\n<p>Her sava\u015f kar\u015f\u0131l\u0131kl\u0131 olarak mevzilenen ana g\u00fc\u00e7ler ve onlar\u0131n etraflar\u0131nda olu\u015fturduklar\u0131 ittifaklar\u0131 aras\u0131nda cereyan eder. Kar\u015f\u0131 kar\u015f\u0131ya gelen g\u00fc\u00e7ler kar\u015f\u0131lar\u0131ndaki hedefi m\u00fcmk\u00fcn oldu\u011fu kadar k\u00fc\u00e7\u00fcltebilmek i\u00e7in ittifaklar olu\u015ftururken kar\u015f\u0131 taraf\u0131n ittifaklar\u0131n\u0131 bozmaya, kazan\u0131labileceklerini kazanmaya ve kazan\u0131lamayacak olanlar\u0131 tarafs\u0131zla\u015ft\u0131rmaya \u00e7al\u0131\u015f\u0131rlar. Biz de anti fa\u015fist m\u00fccadeleye bu stratejik bak\u0131\u015f a\u00e7\u0131s\u0131yla yakla\u015fmak durumunday\u0131z.<\/p>\n<p>Fa\u015fist blokun \u00e7ekirde\u011finde iktidardaki AKP ve MHP bulunmaktad\u0131r. Bunlar di\u011fer gerici g\u00fc\u00e7leri de, kendilerine do\u011frudan uymuyor g\u00f6r\u00fcnse bile (H\u00dcDAPAR gibi) yedek g\u00fc\u00e7 olarak yanlar\u0131nda tutmaya \u00e7al\u0131\u015fmakta ve daha \u00f6tesine ge\u00e7erek de kar\u015f\u0131s\u0131ndaki muhalefet g\u00fc\u00e7lerini hi\u00e7 bir zaman tutmayacaklar\u0131 vaatlerle b\u00f6lmeye, tarafs\u0131zla\u015ft\u0131rmaya \u00e7al\u0131\u015fmaktad\u0131rlar.<\/p>\n<p>Sava\u015f\u0131n de\u011fi\u015fmez kural\u0131 bize de benzerlerini yapmay\u0131 emretmektedir. Onlar kar\u015f\u0131lar\u0131nda yer alan antifa\u015fist demokratik bir \u00e7ekirde\u011fin olu\u015fmas\u0131n\u0131 engellemeye \u00e7al\u0131\u015f\u0131rken, bizlerin de toplumun t\u00fcm d\u0131\u015flanm\u0131\u015flar\u0131n\u0131, antikapitalist g\u00fc\u00e7lerini bir atom \u00e7ekirde\u011fi gibi par\u00e7alanmas\u0131 zor bir birlik i\u00e7ine getirmeye ve bu \u00e7ekirde\u011fin fa\u015fizmle \u00e7eli\u015fkisi olan t\u00fcm g\u00fc\u00e7lere kar\u015f\u0131 ya ittifak ya da tarafs\u0131zla\u015ft\u0131r\u0131lacak g\u00fc\u00e7 olarak yakla\u015fmas\u0131 gerekir.<\/p>\n<p>Bu g\u00fc\u00e7lerin ba\u015f\u0131nda CHP\u2019nin geldi\u011fine ku\u015fku yoktur. Bug\u00fcn ortada b\u00f6yle bir \u00e7ekirde\u011fin olmamas\u0131 sonucu olarak CHP ortaya \u00e7\u0131kan antifa\u015fist dinami\u011fi kendisine mal etmekte ve onu kendi ama\u00e7lar\u0131 do\u011frultusunda \u015fekillendirmeye rekabetsiz olarak devam edebilmektedir. Bu duruma hem demokrasi m\u00fccadelesinin g\u00fcvencesi hem de antifa\u015fist m\u00fccadelenin ba\u015far\u0131s\u0131 i\u00e7in son verip, \u201cdemokratik toplum\u201d \u015fiar\u0131n\u0131 \u201cter\u00f6rs\u00fcz T\u00fcrkiye ve b\u00f6lge\u201d fa\u015fist \u015fiar\u0131n\u0131n kar\u015f\u0131s\u0131na dikmek gerekmektedir.<\/p>\n<p>Bug\u00fcn y\u00fcz y\u00fcze bulundu\u011fumuz antifa\u015fist m\u00fccadele elbetteki \u00e7ok boyutlu bir \u00f6zellik ta\u015f\u0131r. K\u00fcrt halk\u0131n\u0131n ve di\u011fer milliyetlerin \u00f6zg\u00fcrl\u00fck taleplerinin hayata ge\u00e7ebilmesi, kad\u0131nlar\u0131n patriarkaya kar\u015f\u0131 verdikleri m\u00fccadelenin ileri ad\u0131mlar atabilmesi, LGBT\u0130+\u2019lar\u0131n insana yara\u015f\u0131r bir ya\u015fam hakk\u0131na sahip olabilmesi, tam bir felaket olarak geli\u015fmekte olan ekolojik y\u0131k\u0131ma dur diyebilmesi ve\u00a0 egemen s\u0131n\u0131f\u0131n elinde\u00a0 kendi k\u00e2r\u0131n\u0131 maksimuma \u00e7\u0131karman\u0131n yan\u0131nda bir toplumsal denetim arac\u0131 olarak kullan\u0131lmakta olan dijital (yapay) zekan\u0131n ve onun temellik etti\u011fi yeni teknolojilerin insanl\u0131k \u00e7\u0131kar\u0131na\u00a0 kullan\u0131labilmesinin yeterli olmasa da gerekli \u015fart\u0131, bu fa\u015fist iktidar blokunun yerinden edilip yeni bir anayasal temelde demokratik bir iktidar\u0131n in\u015fas\u0131yla ger\u00e7ekle\u015febilecektir. Bunun d\u0131\u015f\u0131nda mevcut iktidarla y\u00fcr\u00fct\u00fclen m\u00fczakerelerin <em>\u201cdemokratik topluma\u201d<\/em> do\u011fru yol alabilmesinin ba\u015fka zorlay\u0131c\u0131 bir g\u00fcc\u00fc yoktur. Fa\u015fist iktidar\u0131n \u201cdemokratik toplum\u201d do\u011frultusundaki en k\u00fc\u00e7\u00fck ad\u0131m\u0131 at\u0131labilmesinin temel \u015fart\u0131 iktidar\u0131n kendisini b\u00f6yle bir tehdit kar\u015f\u0131s\u0131nda bulmas\u0131d\u0131r. T\u00fcrkiye\u2019nin <em>\u201cbeka sorunuyla y\u00fcz y\u00fcze bulundu\u011fu\u201d<\/em>, iktidar\u0131n ABD-\u0130srail komplosuyla b\u00f6l\u00fcnme korkusu ya\u015fad\u0131\u011f\u0131 ve bunun i\u00e7in <em>\u201cter\u00f6rs\u00fcz T\u00fcrkiye s\u00fcreci<\/em>\u201d ile K\u00fcrt sorununun \u00e7\u00f6z\u00fcm\u00fcn\u00fc ima eden ifadeler kulland\u0131\u011f\u0131 yan\u0131lg\u0131s\u0131 ABD-Fransa\u2019n\u0131n patronaj\u0131 alt\u0131nda ve TC d\u0131\u015fi\u015fleri bakan\u0131n\u0131n g\u00f6zlemcili\u011finde \u0130srail ve Suriye aras\u0131nda imzalanan 6 Ocak 2026\u00a0 tarihli Paris Anla\u015fmas\u0131\u2019yla \u00f6nce Halep\u2019de K\u00fcrt mahallelerine kar\u015f\u0131 ba\u015flat\u0131lan TC-Suriye ortak sald\u0131r\u0131s\u0131n\u0131n Rojava&#8217;ya y\u00f6nelip, Kuzey Do\u011fu Suriye \u00d6zerk b\u00f6lgesinin %80\u2019inin i\u015fgali ve Kobani&#8217;nin ku\u015fat\u0131lmas\u0131yla, \u015fimdilik ABD m\u00fcdahalesiyle durdurulmu\u015f olan sald\u0131r\u0131lar a\u00e7\u0131k bi\u00e7imde ortaya koymu\u015f bulunmaktad\u0131r. Belki de \u00d6calan&#8217;\u0131n geri \u00e7ekilme konusunda yapt\u0131\u011f\u0131 uyar\u0131ya uyulmam\u0131\u015f olsayd\u0131 HT\u015e ve TSK g\u00fc\u00e7leri Gazze t\u00fcr\u00fc bir katliam\u0131 da ger\u00e7ekle\u015ftirmi\u015f olacaklard\u0131. ABD\u2019nin Suriye&#8217;de merkezi iktidarda her dedi\u011fini yapan bir i\u015fbirlik\u00e7i\u00a0 bulduktan sonra K\u00fcrtlere olan ihtiyac\u0131 b\u00fcy\u00fck \u00f6l\u00e7\u00fcde azalm\u0131\u015f, buna mukabil TC devletiyle olan \u00e7eli\u015fkileri ise tam anlam\u0131yla bir i\u015fbirli\u011fine d\u00f6n\u00fc\u015fm\u00fc\u015ft\u00fcr. NATO\u2019dan ayr\u0131lmay\u0131 g\u00fcndeme getirmi\u015f olan Trump TC ile 2024\u2019de\u00a0 imzalad\u0131\u011f\u0131 anla\u015fma uyar\u0131nca <em>Paris Anla\u015fmas\u0131<\/em>\u2019n\u0131n imzalanmas\u0131n\u0131n ard\u0131ndan Adana\u2019da incirlik yan\u0131nda yeni bir askeri yap\u0131lanman\u0131n ger\u00e7ekle\u015ftirilmesine giri\u015fmi\u015f bulunmaktad\u0131r. Dolays\u0131yla fa\u015fist iktidar\u0131n bug\u00fcn bamba\u015fka m\u00fclahazalarla ba\u015flatm\u0131\u015f oldu\u011fu s\u00fcrecin Abdullah \u00d6calan&#8217;\u0131n i\u015faret etti\u011fi do\u011frultuda <em>\u201cdemokratik topluma<\/em>\u201c evrilebilmesinin biricik \u015fart\u0131n\u0131 ve \u00a0m\u00fczakerelerin ba\u015far\u0131s\u0131n\u0131n tek garantisini halklar\u0131m\u0131z\u0131n fa\u015fizme kar\u015f\u0131 m\u00fccadele birli\u011fi olu\u015fturmaktad\u0131r.<\/p>\n<p><strong><em>3.2- Tayyip \u0130stifa<\/em> ve<\/strong> <strong><em>Erken se\u00e7im<\/em><\/strong><\/p>\n<p>Antifa\u015fist cephenin bug\u00fcn fa\u015fist iktidar\u0131 ala\u015fa\u011f\u0131 edebilmesinin yolu, hala rekabet\u00e7i siyasal ortam\u0131n devam ediyor olmas\u0131 dolay\u0131s\u0131yla, sokakta s\u00fcrd\u00fcr\u00fclecek olan m\u00fccadelenin iktidar\u0131 y\u00f6netemez hale getirip Erdo\u011fan&#8217;\u0131n istifas\u0131 ya da TBMM\u2019nin 2028\u2019i beklemeden bir erken se\u00e7im karar\u0131 vermesi olabilir.<\/p>\n<p>Milyonlar\u0131n talebi haline gelmi\u015f olan <em>\u201cTayyip \u0130stifa\u201d<\/em> \u015fiar\u0131 bug\u00fcn bir propaganda slogan\u0131 olarak g\u00f6r\u00fclebilecek olsa da, y\u0131\u011f\u0131nlar\u0131n zihninde kazand\u0131\u011f\u0131 yer onu ad\u0131m ad\u0131m bir eylem \u00e7a\u011fr\u0131 slogan\u0131 haline getirmektedir. Merkezinde antifa\u015fist demokratik bir \u00e7ekirde\u011fin bulundu\u011fu fa\u015fizme kar\u015f\u0131 cephenin <em>\u201cTayyip \u0130stifa\u201d<\/em> ve onun do\u011fal sonucu olacak olan <em>\u201cerken se\u00e7im, demokratik meclis ve\u00a0 demokratik anayasa\u201d <\/em>\u015fiarlar\u0131na dayal\u0131 olarak yarataca\u011f\u0131 iklim, bug\u00fcnden yine milyonlar\u0131n talebi haline gelmi\u015f olan erken se\u00e7imden iktidar\u0131n ka\u00e7mas\u0131na imkan b\u0131rakmayacakt\u0131r.<\/p>\n<p><strong>4.0- \u00a0Gen\u00e7li\u011fe d\u00fc\u015fen g\u00f6revler<\/strong><\/p>\n<p>78 ya\u015f\u0131nda bir devrimcinin kendisinden sonra gelen belki de d\u00f6rd\u00fcnc\u00fc nesile gen\u00e7lik m\u00fccadelesi konusunda yol g\u00f6stericili\u011finden ziyade ancak tarihsel deneyimlerin aktar\u0131lmas\u0131 a\u00e7\u0131s\u0131ndan bir katk\u0131s\u0131 olabilir. Gen\u00e7lik zaten ba\u015fka hi\u00e7bir toplumsal kesimin ba\u015faramad\u0131\u011f\u0131 bir h\u0131zla kendi m\u00fccadele taktiklerini, \u00f6rg\u00fctlenmesini ve \u00f6nderlerini yaratmay\u0131 ba\u015faran bir \u00f6zelli\u011fe sahiptir. Ne kadar t\u0131rpanlansa o kadar g\u00fcr bir bi\u00e7imde topraktan f\u0131\u015fk\u0131rmay\u0131 becerebilen muazzam bir potansiyele sahiptir. Onun i\u00e7in de her zaman \u201cgen\u00e7lik gelecektir!\u201d ama ayn\u0131 zamanda o, an\u0131n da yarat\u0131c\u0131s\u0131d\u0131r.<\/p>\n<p>\u0130dam sehpas\u0131n\u0131n alt\u0131nda son s\u00f6zleri <em>\u201cya\u015fas\u0131n K\u00fcrt ve T\u00fcrk halklar\u0131n\u0131n karde\u015fli\u011fi\u201d<\/em> olan Deniz Gezmi\u015f\u2019in bu s\u00f6zleri genel olarak enternasyonalizmin ama \u00f6zel olarak da T\u00fcrk, K\u00fcrt ve di\u011fer milliyetlerden olan gen\u00e7li\u011fin ortak m\u00fccadelesinin b\u0131rakt\u0131\u011f\u0131 de\u011ferli bir mirast\u0131r. T\u00fcrk ve K\u00fcrt gen\u00e7li\u011finin m\u00fccadele birli\u011fi 60\u2019l\u0131 70\u2019li y\u0131llar\u0131n dinamizminin ba\u015fta gelen tetikleyicisi olmu\u015ftur. 1970 \u00f6ncesinde Dev-Gen\u00e7 i\u00e7inde yer alan K\u00fcrt gen\u00e7leri m\u00fccadelenin\u00a0 ba\u015f\u0131n\u0131 \u00e7ekerken, yine K\u00fcrt gen\u00e7lerinin olu\u015fturdu\u011fu DDKO ile ortak m\u00fccadele s\u0131n\u0131f m\u00fccadelesinin y\u00fckseli\u015finde inkar edilemez bir f\u00fcnye g\u00f6revi g\u00f6rm\u00fc\u015f ve 70 sonras\u0131n\u0131n fa\u015fist komplolar\u0131na kar\u015f\u0131 omuz omuza s\u00fcrd\u00fcr\u00fclen m\u00fccadelenin temelini atm\u0131\u015ft\u0131r.<\/p>\n<p>Osmanl\u0131dan miras al\u0131nan bir s\u00f6m\u00fcrge stat\u00fcs\u00fcnde bulunsa da K\u00fcrt halk\u0131 ve T\u00fcrk alt s\u0131n\u0131flar\u0131 o kadar i\u00e7i i\u00e7e girmi\u015flerdir ki, s\u00f6m\u00fcrgeci oligar\u015finin b\u00fct\u00fcn \u00e7abalar\u0131na ra\u011fmen toplumsal muhalefetin her y\u00fckseli\u015finde K\u00fcrt ve T\u00fcrk gen\u00e7leri di\u011fer milliyetlerden gen\u00e7lerle birlikte her zaman m\u00fccadelenin \u00f6n saflar\u0131n\u0131 omuz omuza tutmu\u015flard\u0131r. Gen\u00e7li\u011fin unutulmaz liderlerinden olan Deniz Gezmi\u015f\u2019in idam sehpas\u0131n\u0131n alt\u0131ndaki son s\u00f6zleri olan \u201cya\u015fas\u0131n K\u00fcrt ve T\u00fcrk halklar\u0131n\u0131n karde\u015fli\u011fi\u201d bu m\u00fccadele birli\u011finin her zaman ta\u015f\u0131nmaya devam edecek olan sanca\u011f\u0131 olmu\u015ftur.<\/p>\n<p><strong>4.1- \u00c7ift katmanl\u0131 d\u00fcnyan\u0131n sorunlar\u0131na\u00a0 ancak gen\u00e7lik yan\u0131t olu\u015fturabilir<\/strong><\/p>\n<p>D\u00fcnyam\u0131z art\u0131k 20 y\u00fczy\u0131la kadar s\u00fcrm\u00fc\u015f olan tek katmanl\u0131 reel d\u00fcnya olmaktan \u00e7\u0131km\u0131\u015f dijitalle\u015fme ile birlikte ortaya \u00e7\u0131kan dijital\/sanal d\u00fcnya ile birlikte \u00e7ift katmanl\u0131 hale gelirken reel d\u00fcnyan\u0131n kendisini de de\u011fi\u015fikliklere u\u011fratm\u0131\u015ft\u0131r. Bizim neslimizin\u00a0 ortaya \u00e7\u0131kan bu muazzam de\u011fi\u015fikli\u011fi idrak ederek kar\u015f\u0131s\u0131nda nas\u0131l tutum almas\u0131 gerekti\u011fini\u00a0 anlay\u0131p uygulayacak imkanlar\u0131 son derece s\u0131n\u0131rl\u0131d\u0131r. Bu\u00a0 g\u00f6rev , bu \u00e7a\u011f\u0131n i\u00e7ine do\u011fmu\u015f, kendisini dijital d\u00fcnyan\u0131n i\u00e7inde bulmu\u015f olan gen\u00e7li\u011fin ba\u015farabilece\u011fi bir i\u015f haline gelmi\u015ftir. Onun i\u00e7in devrimin ba\u015far\u0131s\u0131 demek, dijital \u00e7a\u011f\u0131n gen\u00e7li\u011finin h\u0131zla hareketin y\u00f6nlendirici konumlar\u0131n\u0131 kazanmas\u0131na ba\u011flad\u0131r. Bunu ger\u00e7ekle\u015ftirilemedi\u011fi m\u00fcddet\u00e7e 20. Y\u00fczy\u0131l\u0131n tecr\u00fcbesi ile donanm\u0131\u015f olan nesillerin insanl\u0131\u011f\u0131n Homo sapiensten beri s\u00fcrd\u00fcrd\u00fc\u011f\u00fc geli\u015fimini nitelik\u00e7e de\u011fi\u015ftirecek, insan d\u0131\u015f\u0131nda d\u00fc\u015f\u00fcnen bir varl\u0131\u011f\u0131n ortaya \u00e7\u0131kmas\u0131na tan\u0131k olmakta olan bu yeni \u00e7a\u011f\u0131n gereklerini idrak ederek d\u00fc\u015fmanla ba\u015fa \u00e7\u0131kabilmesi ancak s\u0131n\u0131rl\u0131 bir \u015fansa sahiptir.<\/p>\n<p><strong> 4.2- Gen\u00e7lik gelecektir ama an\u0131n da yarat\u0131c\u0131s\u0131d\u0131r<\/strong><\/p>\n<p>Gen\u00e7lik bir\u00e7ok \u00fclkede toplumsal dinamitin f\u00fcnyesi g\u00f6revini g\u00f6rm\u00fc\u015ft\u00fcr. Vietnam\u2019da, Latin Amerika\u2019da, 68 ayaklanmalar\u0131yla Avrupa, Amerika ve T\u00fcrkiye\u2019de bu rol\u00fc yak\u0131ndan izlemek m\u00fcmk\u00fcnd\u00fcr. \u0130\u015f\u00e7i s\u0131n\u0131f\u0131 m\u00fccadelesiyle ve di\u011fer antikapitalist dinamiklerle ba\u011f\u0131n\u0131 kurabildi\u011fi \u00f6l\u00e7\u00fcde toplumsal d\u00f6n\u00fc\u015f\u00fcmlerin kap\u0131s\u0131n\u0131 aralayan bir rol oynam\u0131\u015ft\u0131r.<\/p>\n<p>Yine gen\u00e7li\u011fin tetiklemesiyle\u00a0 2013\u2019te ba\u015flayan Gezi direni\u015finin t\u00fcm T\u00fcrkiye ve K\u00fcrdistan&#8217;da harekete ge\u00e7irdi\u011fi insan say\u0131s\u0131 10 milyonu bulurken, Erdo\u011fan&#8217;\u0131n 2010 anayasa de\u011fi\u015fiklikleriyle temelini att\u0131\u011f\u0131 \u00f6rt\u00fcl\u00fc bir fa\u015fist kurumsalla\u015fmaya erken do\u011fum yapt\u0131rarak onu g\u00fcn \u0131\u015f\u0131\u011f\u0131na \u00e7\u0131kartt\u0131 ve\u00a0 toplumsal muhalefetin iktidar\u0131n s\u00fcrd\u00fcrd\u00fc\u011f\u00fc fa\u015fist plan\u0131n de\u015fifre olmas\u0131n\u0131 sa\u011flad\u0131. Bu de\u015fifrasyon, 2015 y\u0131l\u0131nda Fet\u00f6c\u00fclerin bir komployla kar\u0131\u015ft\u0131r\u0131ld\u0131klar\u0131, asl\u0131nda Erdo\u011fan&#8217;\u0131n d\u00fczenledi\u011fi kar\u015f\u0131 devrimciyi darbe sayesinde geli\u015ftirilen fa\u015fist tedbirlere ra\u011fmen Erdo\u011fan\u2019\u0131n,<\/p>\n<p><em>\u201cBiliyorsunuz, siyasi olarak iktidar olmak ba\u015fka bir \u015feydir. Sosyal ve k\u00fclt\u00fcrel iktidar ise ba\u015fka bir \u015feydir. Biz 14 y\u0131ld\u0131r kesintisiz, hamdolsun siyasi iktidar\u0131z. Ama h\u00e2l\u00e2 sosyal ve k\u00fclt\u00fcrel iktidar\u0131m\u0131z konusunda s\u0131k\u0131nt\u0131lar\u0131m\u0131z var.\u201d<\/em><\/p>\n<p>ikrar\u0131nda bulunmas\u0131na yol a\u00e7abildi. Bu b\u00fct\u00fcn fa\u015fist ataklara ra\u011fmen hala toplumsal muhalefetin i\u00e7 direncini korumaya devam etti\u011fini g\u00f6steren \u00f6nemli bir g\u00f6stergedir. Bu i\u00e7 direncin s\u00fcreklili\u011fidir ki, bir y\u0131l \u00f6ncesine kadar pek yaprak k\u0131p\u0131rdamayan bir konumda bulunulan T\u00fcrkiye&#8217;de fa\u015fist AKP-MHP iktidar\u0131n\u0131n t\u00fcm muhalefeti oradan kald\u0131r\u0131p yeni bir d\u00f6nemi daha garanti etmek \u00fczere, kayy\u0131m atamalar\u0131 ve kitlesel tutuklamalarla ba\u015flatt\u0131\u011f\u0131 sald\u0131r\u0131lar\u0131na kar\u015f\u0131 19 Mart\u2019ta \u0130stanbul \u00fcniversitesinin ba\u015flatt\u0131\u011f\u0131 direni\u015f, CHP taraf\u0131ndan asimile edilmeye \u00e7al\u0131\u015f\u0131lsa bile hala canl\u0131l\u0131\u011f\u0131n\u0131, boyun e\u011fmezli\u011fini korumaya, di\u011fer antikapitalist dinamikleri de tetiklemeye devam etmektedir.<\/p>\n<p>Fa\u015fist \u0130ktidar ad\u0131m ad\u0131m \u00e7\u00f6k\u00fc\u015fe giden varl\u0131\u011f\u0131n\u0131 ayakta tutabilmek ve yeni bir varolu\u015f imkan\u0131 yaratabilmek i\u00e7in ABD-\u0130srail ikilisinin b\u00f6lgede ba\u015flatt\u0131\u011f\u0131 hakimiyet kurma sald\u0131r\u0131lar\u0131ndan da yararlanmak ve K\u00fcrt \u00d6zg\u00fcrl\u00fck Hareketi&#8217;nin t\u00fcm par\u00e7alarda elde etti\u011fi ba\u015far\u0131lar\u0131 bo\u015fa \u00e7\u0131karmak i\u00e7in, sanki K\u00fcrt hareketine bir \u00e7\u00f6z\u00fcm sunacakm\u0131\u015f imalar\u0131nda bulunan <em>\u201cter\u00f6rs\u00fcz T\u00fcrkiye\u201d<\/em> s\u00fcrecini ba\u015flatarak toplumsal muhalefeti b\u00f6lme giri\u015fimini ger\u00e7ekle\u015ftirmeye giri\u015fti. K\u00fcrt halk \u00f6nderi \u00d6calan ise bu imay\u0131 ger\u00e7ekli\u011fe d\u00f6n\u00fc\u015ft\u00fcrmek ve oyunu bozmaya varabilecek \u201cdemokratik toplum\u201d talebiyle yan\u0131t verdi. Bu durum hen\u00fcz fa\u015fist iktidar\u0131n teklif etti\u011fi m\u00fczakerelerin yaratt\u0131\u011f\u0131 beklentileri a\u015f\u0131p, muhalefetin b\u00fct\u00fcnle\u015fmesiyle geli\u015fecek bir m\u00fccadele ile b\u00fct\u00fcnle\u015fmemi\u015f olsa da bu potansiyel hal-i haz\u0131rda K\u00fcrdistan \u00d6zg\u00fcrl\u00fck Hareketi&#8217;nin fa\u015fist iktidar\u0131n s\u00f6z verdi\u011fi kimi yasal ad\u0131mlar\u0131n at\u0131lmamas\u0131, \u00d6calan \u00fczerindeki tecrittin kald\u0131r\u0131lmamas\u0131 kar\u015f\u0131s\u0131nda<\/p>\n<p><em>\u201cBiz \u00fczerimize d\u00fc\u015feni yapt\u0131k; PKK\u2019yi feshettik ve silahlar\u0131 yakt\u0131k; S\u0131ra \u00e7oktan iktidar\u0131n ataca\u011f\u0131 ad\u0131mlara geldi: iktidar ne bekliyor? Ne i\u00e7in zaman kazanmaya \u00e7al\u0131\u015f\u0131yor?\u201d<\/em><\/p>\n<p>sorgulamas\u0131 ile y\u00fcz y\u00fcze gelmekte ve bu sorgulaman\u0131n ciddiyeti, Rojava direni\u015fleri s\u0131ras\u0131nda t\u00fcm d\u00fcnyada yayg\u0131nl\u0131k kazanan <em>\u201cyeke, yeke, Kurdistan yeke\u201d<\/em> \u015fiar\u0131 ve engellemelere ve tutuklamalara ra\u011fmen Newroz\u2019lardaki kitlesel kat\u0131l\u0131mlarla ciddiyetini ortaya koyarak muhalefetin m\u00fccadele birli\u011finin nas\u0131l bir potansiyeli bulundu\u011funu <em>\u201ci\u00e7 cephe\u201d<\/em> ad\u0131 alt\u0131nda kendisini konsolide etmeye \u00e7al\u0131\u015fan fa\u015fist Cumhur \u0130ttifak\u0131\u2019n\u0131n kar\u015f\u0131s\u0131na dikmektedir.<\/p>\n<p>K\u00fcrdistan art\u0131k feodal ba\u011flar\u0131 ad\u0131m ar\u0131m k\u0131rmaya devam eden bir kent toplumu haline gelmi\u015ftir. D\u00f6rt par\u00e7an\u0131n birbirinden izole durumu ortadan kalkm\u0131\u015f ve \u0130stanbullu bir K\u00fcrt ile, Karsl\u0131, Hewl\u00earli, Kobaneli ve Sanandajl\u0131 bir K\u00fcrt birbirlerinin haberlerini anl\u0131k olarak al\u0131p ortak bir havay\u0131 teneff\u00fcs eder hale gelmi\u015flerdir. Onun i\u00e7in art\u0131k, s\u00f6m\u00fcrgeciler taraf\u0131ndan par\u00e7alanm\u0131\u015f K\u00fcrdistan ger\u00e7e\u011fine kar\u015f\u0131 \u201c <em>(Gele)<\/em> <em>Kurdistan yek e!\u201d<\/em> \u015fiar\u0131 yayg\u0131nl\u0131k kazanmaya ba\u015flam\u0131\u015ft\u0131r.<\/p>\n<p>K\u00fcrt gen\u00e7li\u011fi 12 Eyl\u00fcl&#8217;\u00fcn yaratt\u0131\u011f\u0131 mezarl\u0131k sessizli\u011fi ortam\u0131nda bir kez daha gen\u00e7li\u011fin toplumsal geli\u015fmede nas\u0131l \u00f6nemli bir rol oynayabilece\u011fini 40 y\u0131ldan fazla bir zamand\u0131r ki g\u00f6stermi\u015ftir. Temelini gen\u00e7li\u011fin olu\u015fturdu\u011fu gerillan\u0131n g\u00f6sterdi\u011fi bu \u00f6rnek bug\u00fcn\u00fcn t\u00fcm milliyetlerden gen\u00e7li\u011fine de yol g\u00f6sterici olmal\u0131, ihtiya\u00e7 duydu\u011fu morali ve \u00f6zg\u00fcveni sa\u011flamal\u0131d\u0131r.<\/p>\n<p><strong>\u00a0 \u00a0 \u00a0 \u00a0 \u00a0 \u00a0 \u00a0 \u00a0Mahir Say\u0131n\u00a0<\/strong><\/p>\n","protected":false},"excerpt":{"rendered":"<p>\u0130nsanl\u0131\u011f\u0131n yeni bir \u00e7a\u011f\u0131n i\u00e7erisinden ilerlemekte oldu\u011fu ve bu b\u00fcy\u00fck d\u00f6n\u00fc\u015f\u00fcm\u00fcn bundan \u00f6nce ya\u015fanan devirlerin hi\u00e7 birisine benzemedi\u011fi, ancak insan\u0131n insan olu\u015fu s\u00fcreciyle, Homo sapiensin ortaya \u00e7\u0131k\u0131\u015f\u0131yla k\u0131yaslanabilecek yeni bir d\u00f6nem oldu\u011fu g\u00fcn ge\u00e7tik\u00e7e daha belirgin kan\u0131tlarla ortaya \u00e7\u0131kmaktad\u0131r. \u0130nsan\u0131n kendisini mistifiye etmesinde en temel rol\u00fc oynam\u0131\u015f olan zekas\u0131na \u015fimdi yeni bir zek\u00e2 bi\u00e7imi, dijital\/yapay [&hellip;]<\/p>\n","protected":false},"author":2,"featured_media":11340,"comment_status":"open","ping_status":"open","sticky":false,"template":"","format":"standard","meta":{"_jetpack_memberships_contains_paid_content":false,"jnews-multi-image_gallery":[],"jnews_single_post":{"format":"standard","override":[{"template":"1","parallax":"1","fullscreen":"1","layout":"right-sidebar","sidebar":"default-sidebar","second_sidebar":"default-sidebar","sticky_sidebar":"1","share_position":"top","share_float_style":"share-monocrhome","show_featured":"1","show_post_meta":"1","show_post_author_image":"1","show_post_date":"1","post_date_format":"default","post_date_format_custom":"Y\/m\/d","show_post_category":"1","post_reading_time_wpm":"300","post_calculate_word_method":"str_word_count","zoom_button_out_step":"2","zoom_button_in_step":"3","show_post_tag":"1","show_prev_next_post":"1","show_popup_post":"1","number_popup_post":"1","show_author_box":"1","show_post_related":"0","show_inline_post_related":"0"}],"image_override":[{"single_post_thumbnail_size":"crop-500","single_post_gallery_size":"crop-500"}],"trending_post_position":"meta","trending_post_label":"Trending","sponsored_post_label":"Sponsored by","disable_ad":"0","subtitle":""},"jnews_primary_category":[],"jnews_social_meta":[],"jnews_review":[],"enable_review":"","type":"percentage","name":"","summary":"","brand":"","sku":"","good":[],"bad":[],"score_override":"","override_value":"","rating":[],"price":[],"jnews_override_counter":{"view_counter_number":"0","share_counter_number":"0","like_counter_number":"0","dislike_counter_number":"0"},"jnews_post_split":{"post_split":[{"template":"1","tag":"h2","numbering":"asc","mode":"normal","first":"0","enable_toc":"0","toc_type":"normal"}]},"footnotes":""},"categories":[1],"tags":[],"class_list":["post-11298","post","type-post","status-publish","format-standard","has-post-thumbnail","hentry","category-analiz"],"jetpack_sharing_enabled":true,"jetpack_featured_media_url":"https:\/\/berru.org\/wp-content\/uploads\/2026\/04\/photo_2026-04-28_09-05-26.jpg","_links":{"self":[{"href":"https:\/\/berru.org\/index.php\/wp-json\/wp\/v2\/posts\/11298","targetHints":{"allow":["GET"]}}],"collection":[{"href":"https:\/\/berru.org\/index.php\/wp-json\/wp\/v2\/posts"}],"about":[{"href":"https:\/\/berru.org\/index.php\/wp-json\/wp\/v2\/types\/post"}],"author":[{"embeddable":true,"href":"https:\/\/berru.org\/index.php\/wp-json\/wp\/v2\/users\/2"}],"replies":[{"embeddable":true,"href":"https:\/\/berru.org\/index.php\/wp-json\/wp\/v2\/comments?post=11298"}],"version-history":[{"count":14,"href":"https:\/\/berru.org\/index.php\/wp-json\/wp\/v2\/posts\/11298\/revisions"}],"predecessor-version":[{"id":11360,"href":"https:\/\/berru.org\/index.php\/wp-json\/wp\/v2\/posts\/11298\/revisions\/11360"}],"wp:featuredmedia":[{"embeddable":true,"href":"https:\/\/berru.org\/index.php\/wp-json\/wp\/v2\/media\/11340"}],"wp:attachment":[{"href":"https:\/\/berru.org\/index.php\/wp-json\/wp\/v2\/media?parent=11298"}],"wp:term":[{"taxonomy":"category","embeddable":true,"href":"https:\/\/berru.org\/index.php\/wp-json\/wp\/v2\/categories?post=11298"},{"taxonomy":"post_tag","embeddable":true,"href":"https:\/\/berru.org\/index.php\/wp-json\/wp\/v2\/tags?post=11298"}],"curies":[{"name":"wp","href":"https:\/\/api.w.org\/{rel}","templated":true}]}}